{"id":11380,"date":"2015-03-22T11:13:09","date_gmt":"2015-03-22T15:13:09","guid":{"rendered":"http:\/\/www.lecarrefourdesopinions.ca\/?p=11380"},"modified":"2015-03-22T11:13:09","modified_gmt":"2015-03-22T15:13:09","slug":"bientot-la-fin-du-licenciement-bestial","status":"publish","type":"post","link":"https:\/\/www.lecarrefourdesopinions.ca\/?p=11380","title":{"rendered":"Bient\u00f4t, la fin du licenciement bestial &#8230;"},"content":{"rendered":"<p align=\"CENTER\">\n<p align=\"CENTER\"><span style=\"color: #000099;\"><span style=\"font-size: x-large;\"><em><strong>Bient\u00f4t, la fin du licenciement bestial du Salari\u00e9.<\/strong><\/em><\/span><\/span><\/p>\n<p align=\"CENTER\">\n<p align=\"CENTER\"><span style=\"color: #000099;\"><span><strong>=====<\/strong><\/span><\/span><\/p>\n<p align=\"JUSTIFY\">\n<p align=\"JUSTIFY\">\n<p align=\"JUSTIFY\"><span style=\"color: #632423;\"><span style=\"font-family: 'Comic Sans MS', cursive;\"><span style=\"font-size: large;\">Bient\u00f4t, la fin du licenciement bestial du Salari\u00e9.<\/span><\/span><\/span><\/p>\n<p align=\"JUSTIFY\"><img loading=\"lazy\" decoding=\"async\" class=\"alignleft size-thumbnail wp-image-10919\" title=\"Eric\" src=\"http:\/\/www.lecarrefourdesopinions.ca\/wp-content\/uploads\/2014\/09\/Eric-134x107.jpg\" alt=\"\" width=\"134\" height=\"107\" \/><\/p>\n<p align=\"JUSTIFY\"><span style=\"color: #632423;\"><span style=\"font-family: 'Comic Sans MS', cursive;\"><span style=\"font-size: large;\">\u00c9ric E.G. NOGARD<\/span><\/span><\/span><\/p>\n<p align=\"JUSTIFY\"><span style=\"color: #c00000;\"><span style=\"font-size: large;\"><em>Le petit Chroniqueur<\/em><\/span><\/span><span style=\"color: #c00000;\"><span style=\"font-size: large;\">.<\/span><\/span><\/p>\n<p>&nbsp;<\/p>\n<p>&nbsp;<\/p>\n<p>&nbsp;<\/p>\n<p style=\"text-align: left;\" align=\"CENTER\"><span style=\"font-size: large;\">\u00a0 \u00a0 \u00a0 \u00a0 \u00a0 \u00a0 *<img loading=\"lazy\" decoding=\"async\" class=\"alignnone size-medium wp-image-11383\" title=\"F1 2 Nos Warmest Congratulations \u00e0 Mr VALLS comme \u00e0 France-Inter\" src=\"http:\/\/www.lecarrefourdesopinions.ca\/wp-content\/uploads\/2015\/03\/F1-2-Nos-Warmest-Congratulations-\u00e0-Mr-VALLS-comme-\u00e0-France-Inter-200x300.jpg\" alt=\"\" width=\"200\" height=\"300\" srcset=\"https:\/\/www.lecarrefourdesopinions.ca\/wp-content\/uploads\/2015\/03\/F1-2-Nos-Warmest-Congratulations-\u00e0-Mr-VALLS-comme-\u00e0-France-Inter-200x300.jpg 200w, https:\/\/www.lecarrefourdesopinions.ca\/wp-content\/uploads\/2015\/03\/F1-2-Nos-Warmest-Congratulations-\u00e0-Mr-VALLS-comme-\u00e0-France-Inter-682x1024.jpg 682w, https:\/\/www.lecarrefourdesopinions.ca\/wp-content\/uploads\/2015\/03\/F1-2-Nos-Warmest-Congratulations-\u00e0-Mr-VALLS-comme-\u00e0-France-Inter-400x600.jpg 400w\" sizes=\"auto, (max-width: 200px) 100vw, 200px\" \/>*<\/span><img loading=\"lazy\" decoding=\"async\" class=\"alignnone size-medium wp-image-11382\" title=\"F1 1 Nos Warmest Congratulations \u00e0 Mr VALLS comme \u00e0 France-Inter\" src=\"http:\/\/www.lecarrefourdesopinions.ca\/wp-content\/uploads\/2015\/03\/F1-1-Nos-Warmest-Congratulations-\u00e0-Mr-VALLS-comme-\u00e0-France-Inter-191x300.jpg\" alt=\"\" width=\"191\" height=\"300\" srcset=\"https:\/\/www.lecarrefourdesopinions.ca\/wp-content\/uploads\/2015\/03\/F1-1-Nos-Warmest-Congratulations-\u00e0-Mr-VALLS-comme-\u00e0-France-Inter-191x300.jpg 191w, https:\/\/www.lecarrefourdesopinions.ca\/wp-content\/uploads\/2015\/03\/F1-1-Nos-Warmest-Congratulations-\u00e0-Mr-VALLS-comme-\u00e0-France-Inter.jpg 390w\" sizes=\"auto, (max-width: 191px) 100vw, 191px\" \/><\/p>\n<p align=\"JUSTIFY\"><span style=\"font-size: large;\"><strong>F1\u00a0:<\/strong><\/span><span style=\"color: #c00000;\"><span style=\"font-size: large;\"><em>Nos <\/em><\/span><\/span><span style=\"color: #c00000;\"><span style=\"font-family: Arial, sans-serif;\"><span style=\"font-size: large;\"><em>Warmest Congratulations<\/em><\/span><\/span><\/span><span style=\"color: #c00000;\"><span style=\"font-size: large;\"><em> \u00e0 Monsieur VALLS pour son projet en faveur des Salari\u00e9s victimes de Licenciements, comme \u00e0 France-Inter pour le d\u00e9bat ouvert sur le sujet dans sa rubrique \u00ab\u00a0Tous Politiques\u00a0\u00bb.<\/em><\/span><\/span><\/p>\n<p align=\"JUSTIFY\">\n<p align=\"JUSTIFY\"><span style=\"font-family: 'Comic Sans MS', cursive;\"><span style=\"font-size: large;\">Bient\u00f4t, la fin du licenciement bestial du Salari\u00e9.<\/span><\/span><\/p>\n<p align=\"JUSTIFY\">\n<p align=\"JUSTIFY\"><span style=\"font-family: 'Comic Sans MS', cursive;\"><span style=\"font-size: large;\">C\u2019est du moins ce que nous esp\u00e9rons de toutes nos forces, nous qui, \u00e0 Martinique Province Fran\u00e7aise d\u2019Am\u00e9rique, n\u2019avons cess\u00e9 de donner l\u2019alerte sur le licenciement bestial du salari\u00e9, eu \u00e9gard \u00e0 ses cons\u00e9quences n\u00e9fastes pour la Victime, pour sa Famille comme pour l\u2019\u00c9conomie de la Soci\u00e9t\u00e9 qui y consent<\/span><\/span><span style=\"font-size: large;\">.<\/span><\/p>\n<p align=\"JUSTIFY\">\n<p align=\"JUSTIFY\">\n<p align=\"JUSTIFY\"><span style=\"font-size: large;\">France-Inter en a d\u00e9battu largement dans son \u00ab\u00a0Tous Politiques\u00a0\u00bb de ce 09 Mars 2015, laissant entendre que Monsieur Manuel VALLS envisageait de rem\u00e9dier au sort fait \u00e0 ces exclus du Monde du Travail par de prochaines mesures Gouvernementales.<\/span><\/p>\n<p align=\"JUSTIFY\">\n<p align=\"JUSTIFY\"><span style=\"font-size: large;\">Que France-Inter pour ce d\u00e9bat, que Monsieur VALLS pour les mesures envisag\u00e9es veuillent consentir \u00e0 nos <\/span><span style=\"font-family: Arial, sans-serif;\"><span style=\"font-size: large;\"><em>Warmest Congratulations<\/em><\/span><\/span><span style=\"font-size: large;\">.<\/span><\/p>\n<p align=\"JUSTIFY\">\n<p align=\"JUSTIFY\">\n<p align=\"JUSTIFY\"><span style=\"font-family: 'Comic Sans MS', cursive;\"><span style=\"font-size: large;\">Cependant, il nous semble qu\u2019un point, pourtant pas de la moindre importance, soit demeur\u00e9 hors du d\u00e9bat\u2026 un oubli, c\u2019est humain<\/span><\/span><span style=\"font-size: large;\">.<\/span><\/p>\n<p align=\"JUSTIFY\">\n<p align=\"JUSTIFY\"><span style=\"font-size: large;\">Surtout qu\u2019un oubli, \u00e7a se r\u00e9pare quand on le veut bien, surtout quand on sait comme nos dirigeants et nos donneurs d\u2019alerte, que la vigilance du conducteur ne doit pas se limiter \u00e0 ce qui se passe au devant du pare-brise, autrement, qu\u2019est-ce qui expliquerait et qu\u2019est-ce qui justifierait les r\u00e9troviseurs comme les feux arri\u00e8res ou lat\u00e9raux\u2026<\/span><\/p>\n<p align=\"JUSTIFY\">\n<p align=\"JUSTIFY\">\n<p align=\"JUSTIFY\"><span style=\"font-family: 'Comic Sans MS', cursive;\"><span style=\"font-size: large;\">Un point est demeur\u00e9 hors du d\u00e9bat dans la mesure o\u00f9 il fut question, un peu des cas actuels, beaucoup des cas \u00e0 venir et pas du tout des cas pass\u00e9s dont les victimes sont encore \u00e0 porter une blessure grand\u2019ouverte tout comme la S\u00c9CU, un trou r\u00e9put\u00e9 abyssal dans ses comptes en cons\u00e9quence de licenciements abusifs et jet\u00e9s dans l\u2019oubli<\/span><\/span><span style=\"font-size: large;\">.<\/span><\/p>\n<p align=\"JUSTIFY\">\n<p align=\"JUSTIFY\">\n<p align=\"JUSTIFY\"><span style=\"font-size: large;\">Un point demeur\u00e9 hors du d\u00e9bat et pourtant explicatif pour une large part de la m\u00e9fiance du salari\u00e9 envers l\u2019entreprise, un point certainement aussi dommageable pour la Soci\u00e9t\u00e9 que la peur de l\u2019Entreprise de s\u2019ouvrir \u00e0 l\u2019embauche\u2026 car tout se tient, hormis pour ceux qui ne voient qu\u2019\u00e0 sens unique.<\/span><\/p>\n<p align=\"JUSTIFY\">\n<p align=\"JUSTIFY\"><span style=\"font-size: large;\"><em><strong>Ce point \u00e9tant de savoir quelle mesure il est possible d\u2019envisager en faveur de ces licenci\u00e9s de fa\u00e7on arbitraire, devenus ch\u00f4meurs de longue dur\u00e9e, d\u00e9pourvus de ressources p\u00e9cuniaires comme de couverture sanitaire et de la perspective d\u2019une d\u00e9cente pension de retraite<\/strong><\/em><\/span><span style=\"font-size: large;\">.<\/span><\/p>\n<p align=\"JUSTIFY\">\n<p align=\"JUSTIFY\">\n<p align=\"JUSTIFY\"><span style=\"font-family: 'Comic Sans MS', cursive;\"><span style=\"font-size: large;\">En tout \u00e9tat de cause, nous consid\u00e9rons, \u00e0 Martinique Province Fran\u00e7aise d\u2019Am\u00e9rique, qu\u2019un effet r\u00e9tro-actif des mesures envisageables par Monsieur VALLS \u00e0 l\u2019intention de r\u00e9concilier le Monde du Travail dans son ensemble serait de nature \u00e0 r\u00e9concilier bien des Fran\u00e7ais entre eux, comme bien des Fran\u00e7ais avec leur M\u00e8re Patrie.<\/span><\/span><\/p>\n<p align=\"JUSTIFY\">\n<p align=\"JUSTIFY\"><span style=\"font-family: 'Comic Sans MS', cursive;\"><span style=\"font-size: large;\">A France-Inter d\u2019y penser, \u00e0 Monsieur VALLS d\u2019en Juger<\/span><\/span><span style=\"font-size: large;\">.<\/span><\/p>\n<p align=\"JUSTIFY\">\n<p align=\"JUSTIFY\">\n<p align=\"CENTER\"><span style=\"font-size: large;\">*** *** ***<\/span><\/p>\n<p>&nbsp;<\/p>\n<p><span style=\"color: #ff0000;\"><span style=\"font-size: large;\"><strong>Nota : <\/strong><\/span><\/span><span style=\"color: #000000;\"><span style=\"font-size: large;\">Nous ne traitons que de Faits et de Noms rendus Publics.<\/span><\/span><\/p>\n<p align=\"CENTER\">\n<p align=\"CENTER\"><span style=\"color: #000000;\"><span style=\"font-size: large;\">*** *** ***<\/span><\/span><\/p>\n<p align=\"JUSTIFY\">\n<p align=\"CENTER\"><span style=\"color: #0000ff;\"><strong>Avis de vente de M\u00e9moire.<\/strong><\/span><\/p>\n<p align=\"JUSTIFY\"><span style=\"color: #0000ff;\"><strong><span style=\"font-family: Arial, sans-serif;\">Demandez le M\u00e9moire de \u00ab\u00a0<\/span><span style=\"font-family: Arial, sans-serif;\"><em>Martinique Province Fran\u00e7aise d\u2019Am\u00e9rique<\/em><\/span><span style=\"font-family: Arial, sans-serif;\">\u00a0\u00bb au Front National Fran\u00e7ais.<\/span><\/strong><\/span><\/p>\n<p align=\"JUSTIFY\"><span style=\"color: #0000ff;\"><strong>\u00a0<\/strong><\/span><\/p>\n<p align=\"JUSTIFY\"><span style=\"color: #0000ff;\"><strong><span style=\"font-family: Arial, sans-serif;\">Eu \u00e9gard \u00e0 l\u2019Ind\u00e9pendance et \u00e0 la Justesse de son analyse, il vaut pour tout Parti du Spectre Politique Fran\u00e7ais<\/span>.<\/strong><\/span><\/p>\n<p align=\"JUSTIFY\"><span style=\"color: #0000ff;\"><strong>\u00a0<\/strong><\/span><\/p>\n<p align=\"JUSTIFY\"><span style=\"color: #0000ff;\"><strong>Il est au prix de Vingt Cinq Euros Net (25,00 \u20acuros Net). Port gratuit par courrier postal ordinaire. Port forfaitaire de 7,50 \u20acuros par courrier recommand\u00e9 suivi. R\u00e8glement par tout moyen de paiement \u00e0 l\u2019ordre d\u2019\u00c9ric E.G. NOGARD.<\/strong><\/span><\/p>\n<p align=\"JUSTIFY\"><span style=\"color: #0000ff;\"><strong>\u00a0<\/strong><\/span><\/p>\n<p align=\"CENTER\"><span style=\"color: #0000ff;\"><strong>Ne Peut \u00eatre reproduit &#8211; m\u00eame partiellement &#8211; sans l\u2019autorisation de l\u2019Auteur.<\/strong><\/span><\/p>\n<p><span style=\"color: #0000ff;\"><strong>\u00a0<\/strong><\/span><\/p>\n<p align=\"JUSTIFY\">\n<script type=\"text\/javascript\">\n\nvar addthis_config = {\"data_track_clickback\":false,\"data_track_addressbar\":false,\"data_track_textcopy\":false};\n<\/script><script type=\"text\/javascript\" src=\"\/\/s7.addthis.com\/js\/250\/addthis_widget.js#pubid=f084fdfbcefba74c78dfad3bbc873ffd\"><\/script>","protected":false},"excerpt":{"rendered":"<p align=\"CENTER\">\n<p align=\"CENTER\"><span style=\"color: #000099;\"><span style=\"font-size: x-large;\">Bient\u00f4t, la fin du licenciement bestial du Salari\u00e9.<\/span><\/span><\/p>\n<p align=\"CENTER\">\n<p align=\"CENTER\"><span style=\"color: #000099;\"><span>=====<\/span><\/span><\/p>\n<p align=\"JUSTIFY\">\n<p align=\"JUSTIFY\">\n<p align=\"JUSTIFY\"><span style=\"color: #632423;\"><span style=\"font-family: 'Comic Sans MS', cursive;\"><span style=\"font-size: large;\">Bient\u00f4t, la fin du licenciement bestial du Salari\u00e9.<\/span><\/span><\/span><\/p>\n<p align=\"JUSTIFY\">\n<p align=\"JUSTIFY\"><span style=\"color: #632423;\"><span style=\"font-family: 'Comic Sans MS', cursive;\"><span style=\"font-size: large;\">\u00c9ric E.G. NOGARD<\/span><\/span><\/span><\/p>\n<p align=\"JUSTIFY\"><span style=\"color: #c00000;\"><span style=\"font-size: large;\">Le petit Chroniqueur<\/span><\/span><span style=\"color: #c00000;\"><span style=\"font-size: large;\">.<\/span><\/span><\/p>\n<p>&nbsp;<\/p>\n<p>&nbsp;<\/p>\n<p>&nbsp;<\/p>\n<p style=\"text-align: left;\" align=\"CENTER\"><span style=\"font-size: large;\">\u00a0 \u00a0 \u00a0 \u00a0 \u00a0 \u00a0 **<\/span><\/p>\n<p align=\"JUSTIFY\"><span style=\"font-size: large;\">F1\u00a0:<\/span><span style=\"color: #c00000;\"><span style=\"font-size: large;\">Nos <\/span><\/span><span style=\"color: #c00000;\"><span style=\"font-family: Arial, sans-serif;\"><span style=\"font-size: large;\">Warmest Congratulations<\/span><\/span><\/span><span style=\"color: #c00000;\"><span style=\"font-size: large;\"> \u00e0 Monsieur VALLS pour <\/span><\/span>&hellip;<\/p>\n","protected":false},"author":1,"featured_media":0,"comment_status":"open","ping_status":"open","sticky":false,"template":"","format":"standard","meta":{"footnotes":""},"categories":[1],"tags":[],"class_list":["post-11380","post","type-post","status-publish","format-standard","hentry","category-accueil"],"_links":{"self":[{"href":"https:\/\/www.lecarrefourdesopinions.ca\/index.php?rest_route=\/wp\/v2\/posts\/11380","targetHints":{"allow":["GET"]}}],"collection":[{"href":"https:\/\/www.lecarrefourdesopinions.ca\/index.php?rest_route=\/wp\/v2\/posts"}],"about":[{"href":"https:\/\/www.lecarrefourdesopinions.ca\/index.php?rest_route=\/wp\/v2\/types\/post"}],"author":[{"embeddable":true,"href":"https:\/\/www.lecarrefourdesopinions.ca\/index.php?rest_route=\/wp\/v2\/users\/1"}],"replies":[{"embeddable":true,"href":"https:\/\/www.lecarrefourdesopinions.ca\/index.php?rest_route=%2Fwp%2Fv2%2Fcomments&post=11380"}],"version-history":[{"count":3,"href":"https:\/\/www.lecarrefourdesopinions.ca\/index.php?rest_route=\/wp\/v2\/posts\/11380\/revisions"}],"predecessor-version":[{"id":11390,"href":"https:\/\/www.lecarrefourdesopinions.ca\/index.php?rest_route=\/wp\/v2\/posts\/11380\/revisions\/11390"}],"wp:attachment":[{"href":"https:\/\/www.lecarrefourdesopinions.ca\/index.php?rest_route=%2Fwp%2Fv2%2Fmedia&parent=11380"}],"wp:term":[{"taxonomy":"category","embeddable":true,"href":"https:\/\/www.lecarrefourdesopinions.ca\/index.php?rest_route=%2Fwp%2Fv2%2Fcategories&post=11380"},{"taxonomy":"post_tag","embeddable":true,"href":"https:\/\/www.lecarrefourdesopinions.ca\/index.php?rest_route=%2Fwp%2Fv2%2Ftags&post=11380"}],"curies":[{"name":"wp","href":"https:\/\/api.w.org\/{rel}","templated":true}]}}