{"id":11363,"date":"2015-03-22T11:14:04","date_gmt":"2015-03-22T15:14:04","guid":{"rendered":"http:\/\/www.lecarrefourdesopinions.ca\/?p=11363"},"modified":"2015-03-22T16:29:50","modified_gmt":"2015-03-22T20:29:50","slug":"leducation-un-droit-fondamental","status":"publish","type":"post","link":"https:\/\/www.lecarrefourdesopinions.ca\/?p=11363","title":{"rendered":"L\u2019EDUCATION, un droit fondamental"},"content":{"rendered":"<p lang=\"fr-FR\"><span style=\"color: #2e74b5;\"><span style=\"font-size: large;\"><strong>L\u2019EDUCATION, un droit fondamental <\/strong><\/span><\/span><\/p>\n<p>&nbsp;<\/p>\n<p align=\"JUSTIFY\"><strong>Ce po\u00e8me a \u00e9t\u00e9 \u00e9crit par les \u00e9l\u00e8ves de Mme Joanna Gibalska enseignante de fran\u00e7ais au Lyc\u00e9e No I St.Staszic \u00e0 Ostrowiec \u015aw. en Pologne: Agata Krupi\u0144ska,Weronika Kopacz, Alicja Banasik, Klaudia Bugajska, Dagmara Pastuszka pour le concours sur le Droit \u00e0 l\u2019Education organis\u00e9 par l\u2019Association\u00a0\u00ab\u00a0REGARDS D\u2019ENFANTS\u00a0\u00bb \u00e0 Strasbourg.<\/strong><\/p>\n<p><span style=\"color: #800000;\"><em><strong>Une seule \u00e9cole de Pologne a particip\u00e9 au concours, et 8 pays Europ\u00e9ens ont pr\u00e9sent\u00e9 des cr\u00e9ations\u00a0: La Belgique, l\u2019Allemagne, La Pologne, La Bosnie-Herz\u00e9govine, La Gr\u00e8ce, les Pays-Bas, La Roumanie et la France.<\/strong><\/em><\/span><\/p>\n<p><span style=\"color: #800000;\"><em><strong>Nous avons re\u00e7u au total plus d\u2019une centaine de cr\u00e9ations.<\/strong><\/em><\/span><\/p>\n<p><span style=\"color: #800000;\"><em><strong>\u00a0<\/strong><\/em><\/span><\/p>\n<p>Le jury a d\u00e9cid\u00e9 que la totalit\u00e9 de votre groupe devenait Laur\u00e9at ainsi que l\u2019\u00e9l\u00e8ve Banasik Alicja.<\/p>\n<p align=\"JUSTIFY\">La mise en page a \u00e9t\u00e9 faite par un \u00e9l\u00e8ve <strong>Andrzej Marczyk<\/strong>. Monsieur <strong>Grzegorz Krysa<\/strong>, enseignant d\u2019histoire dans ce lyc\u00e9e a aussi encourag\u00e9 les \u00e9l\u00e8ves pendant la pr\u00e9paration de leurs cr\u00e9ations.<\/p>\n<p lang=\"fr-FR\" align=\"JUSTIFY\">\n<p align=\"JUSTIFY\"><strong>Cette ann\u00e9e le th\u00e8me du concours c\u2019est faire conna\u00eetre et d\u00e9fendre le Droit \u00e0 l\u2019Education<\/strong><\/p>\n<p align=\"JUSTIFY\"><strong>Les jeunes d\u2019Ostrowiec ont obtenu un succ\u00e8s en devenant les Laur\u00e9ats de ce concours.<\/strong><\/p>\n<p align=\"JUSTIFY\">\n<p lang=\"fr-FR\">\n<p lang=\"fr-FR\">\n<p lang=\"fr-FR\"><span style=\"font-size: large;\">J\u2019ai le droit\u00a0! <\/span><\/p>\n<p lang=\"fr-FR\"><span style=\"font-size: large;\">Tu as le droit\u00a0! <\/span><\/p>\n<p lang=\"fr-FR\"><span style=\"font-size: large;\">Il a le droit\u00a0! <\/span><\/p>\n<p lang=\"fr-FR\"><span style=\"font-size: large;\">Elle a le droit\u00a0! <\/span><\/p>\n<p lang=\"fr-FR\"><span style=\"font-size: large;\">Nous tous, nous avons le droit \u00e0 l\u2019Education\u00a0! <\/span><\/p>\n<p lang=\"fr-FR\">\n<p lang=\"fr-FR\"><span style=\"font-size: large;\">Nous avons le droit d\u2019aller \u00e0 l\u2019\u00e9cole et d\u2019enrichir notre imagination, <\/span><\/p>\n<p lang=\"fr-FR\"><span style=\"font-size: large;\">Et de nous reposer lors d\u2019une longue et joyeuse r\u00e9cr\u00e9ation, <\/span><\/p>\n<p lang=\"fr-FR\"><span style=\"font-size: large;\">Loin de toute violence et de toute discrimination\u00a0! <\/span><\/p>\n<p lang=\"fr-FR\">\n<p lang=\"fr-FR\"><span style=\"font-size: large;\">Partout dans le monde, il y a des associations <\/span><\/p>\n<p lang=\"fr-FR\"><span style=\"font-size: large;\">Qui cherchent \u00e0 promouvoir l\u2019instruction <\/span><\/p>\n<p lang=\"fr-FR\"><span style=\"font-size: large;\">Que l\u2019on soit riche, pauvre, fille ou gar\u00e7on\u00a0! <\/span><\/p>\n<p lang=\"fr-FR\">\n<p lang=\"fr-FR\"><span style=\"font-size: large;\">L\u2019universit\u00e9 du Troisi\u00e8me Age m\u00eame propose des formations <\/span><\/p>\n<p lang=\"fr-FR\"><span style=\"font-size: large;\">Et cela permet de s\u2019enrichir de nouvelles acquisitions\u00a0! <\/span><\/p>\n<p lang=\"fr-FR\"><span style=\"font-size: large;\">Tout au long de sa vie, chacun peut faire valoir son DROIT \u00e0 l\u2019EDUCATION\u00a0! <\/span><\/p>\n<p lang=\"fr-FR\">\u00a0 \u00a0 \u00a0 \u00a0 \u00a0 \u00a0 \u00a0 \u00a0 \u00a0 \u00a0 \u00a0 \u00a0 \u00a0 \u00a0 \u00a0 \u00a0 \u00a0 \u00a0 \u00a0 \u00a0 \u00a0 \u00a0 \u00a0 \u00a0 \u00a0 \u00a0 \u00a0 \u00a0 \u00a0\u00a0<img loading=\"lazy\" decoding=\"async\" class=\"alignnone size-medium wp-image-11368\" title=\"photo  sur le poeme\" src=\"http:\/\/www.lecarrefourdesopinions.ca\/wp-content\/uploads\/2015\/03\/photo-sur-le-poeme2-300x218.jpg\" alt=\"\" width=\"300\" height=\"218\" srcset=\"https:\/\/www.lecarrefourdesopinions.ca\/wp-content\/uploads\/2015\/03\/photo-sur-le-poeme2-300x218.jpg 300w, https:\/\/www.lecarrefourdesopinions.ca\/wp-content\/uploads\/2015\/03\/photo-sur-le-poeme2-400x291.jpg 400w, https:\/\/www.lecarrefourdesopinions.ca\/wp-content\/uploads\/2015\/03\/photo-sur-le-poeme2.jpg 768w\" sizes=\"auto, (max-width: 300px) 100vw, 300px\" \/><\/p>\n<p lang=\"fr-FR\">\u00a0 \u00a0 \u00a0 \u00a0 \u00a0 \u00a0 \u00a0 \u00a0 \u00a0 \u00a0 \u00a0 \u00a0 \u00a0 \u00a0 \u00a0 \u00a0 \u00a0 \u00a0 \u00a0 \u00a0 \u00a0 \u00a0 \u00a0 \u00a0 \u00a0 \u00a0 \u00a0 \u00a0 \u00a0 \u00a0 \u00a0\u00a0<img loading=\"lazy\" decoding=\"async\" class=\"alignnone size-medium wp-image-11369\" title=\"photo 2 sur le poeme\" src=\"http:\/\/www.lecarrefourdesopinions.ca\/wp-content\/uploads\/2015\/03\/photo-2-sur-le-poeme-300x218.jpg\" alt=\"\" width=\"300\" height=\"218\" srcset=\"https:\/\/www.lecarrefourdesopinions.ca\/wp-content\/uploads\/2015\/03\/photo-2-sur-le-poeme-300x218.jpg 300w, https:\/\/www.lecarrefourdesopinions.ca\/wp-content\/uploads\/2015\/03\/photo-2-sur-le-poeme-400x291.jpg 400w, https:\/\/www.lecarrefourdesopinions.ca\/wp-content\/uploads\/2015\/03\/photo-2-sur-le-poeme.jpg 768w\" sizes=\"auto, (max-width: 300px) 100vw, 300px\" \/><\/p>\n<p align=\"JUSTIFY\"><strong>Milena K\u0119pczy\u0144ska et Aleksandra Krawczyk ont men\u00e9 l\u2019interview avec Ma\u00eetre Serge Mo\u00efse<\/strong><\/p>\n<p align=\"JUSTIFY\"><strong>qui a accept\u00e9 avec un grand plaisir de r\u00e9pondre aux questions des jeunes polonais.<\/strong><\/p>\n<p><span style=\"color: #000080;\"><span><span style=\"text-decoration: underline;\">Interview \u00e9crit men\u00e9 par les \u00e9l\u00e8ves du lyc\u00e9e no I St.Staszic \u00e0 Ostrowiec en Pologne avec Ma\u00eetre Serge Mo\u00efse d\u2019origine ha\u00eftienne<\/span><\/span><\/span><\/p>\n<p lang=\"fr-FR\"><img loading=\"lazy\" decoding=\"async\" class=\"alignleft size-thumbnail wp-image-10358\" title=\"Serge 1\" src=\"http:\/\/www.lecarrefourdesopinions.ca\/wp-content\/uploads\/2013\/11\/Serge-1-101x107.jpg\" alt=\"\" width=\"101\" height=\"107\" \/><\/p>\n<p lang=\"fr-FR\">\n<p style=\"text-align: center;\" lang=\"fr-FR\">\n<p lang=\"fr-FR\">\n<p lang=\"fr-FR\">\n<p lang=\"fr-FR\">\n<p><span style=\"color: #000080;\"><span>1\u00e8re question: Qu&rsquo;est-ce que vous pensez du Droit \u00e0 l&rsquo;Education Universelle?<\/span><\/span><\/p>\n<p lang=\"fr-FR\">\n<p lang=\"fr-FR\">\u00a0\u00a0\u00a0\u00a0\u00a0\u00a0\u00a0 Le droit \u00e0 l&rsquo;\u00e9ducation universelle demeure un atout indispensable \u00e0 l&rsquo;\u00e9mancipation d&rsquo;un individu ou d&rsquo;une soci\u00e9t\u00e9<\/p>\n<p lang=\"fr-FR\">\n<p lang=\"fr-FR\">\n<p><span style=\"color: #000080;\"><span>2i\u00e8me question: Quelle est votre vision de ce Droit?<\/span><\/span><\/p>\n<p lang=\"fr-FR\">\n<p>\u00a0 Les gouvernements et les \u00e9lites de tous les pays d\u00e9mocratiques doivent faire tout leur possible pour que tous les parents puissent travailler et subvenir aux besoins de leurs enfants afin que ces derniers soient en mesure d&rsquo;assimiler les mati\u00e8res enseign\u00e9es<\/p>\n<p lang=\"fr-FR\">\n<p lang=\"fr-FR\">\n<p><span style=\"color: #000080;\"><span>3i\u00e8me question: Nous savons que dans certains pays le droit \u00e0 l&rsquo;\u00e9ducation existe mais ne peut pas \u00eatre respect\u00e9. Quelle est la situation dans votre pays d&rsquo;origine en Ha\u00efti, en prenant en consid\u00e9ration le fait du dernier tremblement de terre ? <\/span><\/span><\/p>\n<p lang=\"fr-FR\">\n<p lang=\"fr-FR\">\u00a0\u00a0\u00a0\u00a0\u00a0\u00a0\u00a0 En Ha\u00efti o\u00f9 le taux de ch\u00f4mage atteint 70% de la population, le droit \u00e0 l&rsquo;\u00e9ducation est encore un r\u00eave et non une r\u00e9alit\u00e9<\/p>\n<p lang=\"fr-FR\">\n<p lang=\"fr-FR\">\n<p>\u00a0<span style=\"color: #000080;\"><span>4 i\u00e8me question: Est-ce que vous \u00eates d&rsquo;accord avec les mots de Kant : \u00a0\u00bb L&rsquo;Homme ne peut devenir l&rsquo;Homme que par l&rsquo;Education\u00a0\u00bb ?<\/span><\/span><\/p>\n<p lang=\"fr-FR\">\n<p lang=\"fr-FR\">\u00a0\u00a0\u00a0\u00a0\u00a0\u00a0\u00a0 Kant a tout \u00e0 fait raison car une personne mal \u00e9duqu\u00e9e est une grande handicap\u00e9e<\/p>\n<p lang=\"fr-FR\">\n<p lang=\"fr-FR\">\n<p><span style=\"color: #000080;\"><span style=\"font-size: large;\">Nous vous remercions pour votre participation \u00e0 notre interview <\/span><\/span><\/p>\n<p lang=\"fr-FR\">\n<p>Tr\u00e8s heureux d&rsquo;avoir pu \u00eatre utile \u00e0 vous.<\/p>\n<p>Je vous transmets mes sympathies et mes v\u0153ux de succ\u00e8s continus.<\/p>\n<p lang=\"fr-FR\">\n<p lang=\"fr-FR\">\n<script type=\"text\/javascript\">\n\nvar addthis_config = {\"data_track_clickback\":false,\"data_track_addressbar\":false,\"data_track_textcopy\":false};\n<\/script><script type=\"text\/javascript\" src=\"\/\/s7.addthis.com\/js\/250\/addthis_widget.js#pubid=f084fdfbcefba74c78dfad3bbc873ffd\"><\/script>","protected":false},"excerpt":{"rendered":"<p lang=\"fr-FR\"><span style=\"color: #2e74b5;\"><span style=\"font-size: large;\">L\u2019EDUCATION, un droit fondamental <\/span><\/span><\/p>\n<p>&nbsp;<\/p>\n<p align=\"JUSTIFY\">Ce po\u00e8me a \u00e9t\u00e9 \u00e9crit par les \u00e9l\u00e8ves de Mme Joanna Gibalska enseignante de fran\u00e7ais au Lyc\u00e9e No I St.Staszic \u00e0 Ostrowiec \u015aw. en Pologne: Agata Krupi\u0144ska,Weronika Kopacz, Alicja Banasik, Klaudia Bugajska, &hellip;<\/p>\n","protected":false},"author":1,"featured_media":0,"comment_status":"open","ping_status":"open","sticky":false,"template":"","format":"standard","meta":{"footnotes":""},"categories":[1],"tags":[],"class_list":["post-11363","post","type-post","status-publish","format-standard","hentry","category-accueil"],"_links":{"self":[{"href":"https:\/\/www.lecarrefourdesopinions.ca\/index.php?rest_route=\/wp\/v2\/posts\/11363","targetHints":{"allow":["GET"]}}],"collection":[{"href":"https:\/\/www.lecarrefourdesopinions.ca\/index.php?rest_route=\/wp\/v2\/posts"}],"about":[{"href":"https:\/\/www.lecarrefourdesopinions.ca\/index.php?rest_route=\/wp\/v2\/types\/post"}],"author":[{"embeddable":true,"href":"https:\/\/www.lecarrefourdesopinions.ca\/index.php?rest_route=\/wp\/v2\/users\/1"}],"replies":[{"embeddable":true,"href":"https:\/\/www.lecarrefourdesopinions.ca\/index.php?rest_route=%2Fwp%2Fv2%2Fcomments&post=11363"}],"version-history":[{"count":5,"href":"https:\/\/www.lecarrefourdesopinions.ca\/index.php?rest_route=\/wp\/v2\/posts\/11363\/revisions"}],"predecessor-version":[{"id":11396,"href":"https:\/\/www.lecarrefourdesopinions.ca\/index.php?rest_route=\/wp\/v2\/posts\/11363\/revisions\/11396"}],"wp:attachment":[{"href":"https:\/\/www.lecarrefourdesopinions.ca\/index.php?rest_route=%2Fwp%2Fv2%2Fmedia&parent=11363"}],"wp:term":[{"taxonomy":"category","embeddable":true,"href":"https:\/\/www.lecarrefourdesopinions.ca\/index.php?rest_route=%2Fwp%2Fv2%2Fcategories&post=11363"},{"taxonomy":"post_tag","embeddable":true,"href":"https:\/\/www.lecarrefourdesopinions.ca\/index.php?rest_route=%2Fwp%2Fv2%2Ftags&post=11363"}],"curies":[{"name":"wp","href":"https:\/\/api.w.org\/{rel}","templated":true}]}}