{"id":11360,"date":"2015-03-22T11:14:51","date_gmt":"2015-03-22T15:14:51","guid":{"rendered":"http:\/\/www.lecarrefourdesopinions.ca\/?p=11360"},"modified":"2015-03-22T11:14:51","modified_gmt":"2015-03-22T15:14:51","slug":"jet-stream","status":"publish","type":"post","link":"https:\/\/www.lecarrefourdesopinions.ca\/?p=11360","title":{"rendered":"Jet stream"},"content":{"rendered":"<p style=\"text-align: center;\"><span style=\"font-size: large;\"><em><strong>Jet stream<\/strong><\/em><\/span><\/p>\n<p><span style=\"color: #800000;\"><em>\u00a0par\u00a0G\u00e9rard Montpetitar<\/em><\/span><\/p>\n<p>Le mois de mars arrive, mais le froid sib\u00e9rien tarde \u00e0 nous quitter. C&rsquo;est le deuxi\u00e8me hiver de suite que nous subissons des temp\u00e9ratures sous la normale. Pendant ce temps, la c\u00f4te est des \u00c9tats-Unis essuie des temp\u00eates hivernales exceptionnelles. Et l&rsquo;ouest du continent doit faire face \u00e0 des \u00e9pisodes de chaleur et \u00e0 des s\u00e9cheresses hors de l\u2019ordinaire. C&rsquo;est \u00e0 n\u2019y rien comprendre!<\/p>\n<p>&nbsp;<\/p>\n<p>Les m\u00e9t\u00e9orologues avancent une hypoth\u00e8se pour expliquer ces ph\u00e9nom\u00e8nes anormaux. Habituellement, un courant d\u2019air en altitude, que l\u2019on appelle <em>jet stream<\/em> ou courant-jet, circule autour de la terre\u00a0; ce courant s\u00e9pare l\u2019air frigorifi\u00e9 des r\u00e9gions polaires de celui, plus temp\u00e9r\u00e9, des r\u00e9gions habit\u00e9es. C\u2019est l&rsquo;\u00e9quivalent a\u00e9rien des courants marins comme le <em>Gulf stream<\/em>. Les courants marins et a\u00e9riens exercent une influence profonde sur notre climat. Certains pr\u00e9sentateurs m\u00e9t\u00e9o, comme ceux de CTV, donnent souvent la position du <em>jet stream\u00a0<\/em>; en combinant la position de ce courant d\u2019air \u00e0 la temp\u00e9rature de diff\u00e9rentes villes du continent, on arrive \u00e0 comprendre les ph\u00e9nom\u00e8nes m\u00e9t\u00e9o de fa\u00e7on plus globale.<\/p>\n<p>&nbsp;<\/p>\n<p>Avec les changements climatiques, l\u2019Arctique se r\u00e9chauffe plus rapidement que le reste de la plan\u00e8te.[1] Dans ces r\u00e9gions polaires, on parle d\u2019un degr\u00e9 Celsius de r\u00e9chauffement par d\u00e9cennie. Alors, comme l\u2019air du nord est moins froid, le <em>jet stream<\/em> devient moins solide\u00a0; il cesse d\u2019\u00eatre un beau cercle autour du pole et il fait des zigzags. Les m\u00e9t\u00e9orologues constatent qu\u2019il monte vers le nord jusqu\u2019au milieu de l&rsquo;Alaska, puis il fait un long d\u00e9tour vers le sud pour se rendre parfois m\u00eame jusqu\u2019au niveau du Tennessee, et, enfin, il reprend la direction du nord par un trac\u00e9 parall\u00e8le \u00e0 la c\u00f4te atlantique.<\/p>\n<p>&nbsp;<\/p>\n<p>Ces m\u00e9andres de ce gigantesque \u00abcourant de vent\u00bb expliquent possiblement les hivers exceptionnels de 2014 et 2015.[2] Ainsi, pr\u00e8s des Rocheuses, le <em>jet stream<\/em> remonte vers le nord, ce qui fait que la Californie, la Colombie-Britannique et m\u00eame l\u2019Alaska connaissent des hivers beaucoup plus chauds que d\u2019habitude\u00a0; la chaleur et le manque de pluie accentuent la s\u00e9cheresse extr\u00eame de la Californie. Au centre du continent, le d\u00e9tour du <em>jet stream<\/em> vers le sud permet au vortex polaire de nous frigorifier\u00a0; \u00e7a donne le mois de f\u00e9vrier le plus froid que nous ayons connu depuis que des donn\u00e9es sont disponibles. Puis en revenant vers le nord, notre<em> jet stream<\/em> oblige des syst\u00e8mes de basse-pression \u00e0 suivre la c\u00f4te atlantique, provoquant des chutes de neige exceptionnelles sur des villes comme Washington, New York et Boston, et dans les Provinces maritimes.<\/p>\n<p>&nbsp;<\/p>\n<p>Au niveau de la plan\u00e8te, la m\u00e9t\u00e9o est un ph\u00e9nom\u00e8ne ultra complexe. En lib\u00e9rant des milliards de tonnes de gaz carbonique et de m\u00e9thane dans l\u2019atmosph\u00e8re, l\u2019humanit\u00e9 d\u00e9r\u00e8gle le \u00ab\u00a0thermostat\u00a0\u00bb de la plan\u00e8te et exacerbe les changements climatiques. D\u2019o\u00f9 la n\u00e9cessit\u00e9 de changer notre comportement collectif.<\/p>\n<p>&nbsp;<\/p>\n<p>Au d\u00e9but du mois d\u2019avril, les premiers ministres du Canada doivent se r\u00e9unir \u00e0 Qu\u00e9bec pour discuter des changements climatiques. Dans le but d&rsquo;influencer ces pourparlers, les groupes environnementaux pr\u00e9parent la marche du 11 avril pour rappeler \u00e0 nos \u00e9lus que nous devons faire beaucoup plus que de parler des changements climatiques\u00a0: il faut agir de fa\u00e7on concr\u00e8te pour aller rapidement vers une \u00e9conomie post-carbone. Cette r\u00e9union de Qu\u00e9bec doit pr\u00e9parer la position canadienne lors de la conf\u00e9rence de Paris qui aura lieu au mois de d\u00e9cembre.<\/p>\n<p>&nbsp;<\/p>\n<p>Lorsque les premiers ministres se r\u00e9uniront pour discuter des changements climatiques, ils devront garder en m\u00e9moire ce vers c\u00e9l\u00e8bre du dramaturge et po\u00e8te Jean Racine:<\/p>\n<p><span style=\"font-size: large;\"><strong>Je perds trop de moments dans des discours frivoles.<\/strong><\/span><\/p>\n<p><span style=\"font-size: large;\"><strong>Il faut des actions et non pas des paroles<\/strong><\/span><span style=\"font-size: large;\">. <\/span>(<em>Iphig\u00e9nie<\/em>)<\/p>\n<p>&nbsp;<\/p>\n<p>&nbsp;<\/p>\n<p>&nbsp;<\/p>\n<script type=\"text\/javascript\">\n\nvar addthis_config = {\"data_track_clickback\":false,\"data_track_addressbar\":false,\"data_track_textcopy\":false};\n<\/script><script type=\"text\/javascript\" src=\"\/\/s7.addthis.com\/js\/250\/addthis_widget.js#pubid=f084fdfbcefba74c78dfad3bbc873ffd\"><\/script>","protected":false},"excerpt":{"rendered":"<p style=\"text-align: center;\"><span style=\"font-size: large;\">Jet stream<\/span><\/p>\n<p><span style=\"color: #800000;\">\u00a0par\u00a0G\u00e9rard Montpetitar<\/span><\/p>\n<p>Le mois de mars arrive, mais le froid sib\u00e9rien tarde \u00e0 nous quitter. C&rsquo;est le deuxi\u00e8me hiver de suite que nous subissons des temp\u00e9ratures sous la normale. Pendant ce temps, la c\u00f4te &hellip;<\/p>\n","protected":false},"author":1,"featured_media":0,"comment_status":"open","ping_status":"open","sticky":false,"template":"","format":"standard","meta":{"footnotes":""},"categories":[1],"tags":[],"class_list":["post-11360","post","type-post","status-publish","format-standard","hentry","category-accueil"],"_links":{"self":[{"href":"https:\/\/www.lecarrefourdesopinions.ca\/index.php?rest_route=\/wp\/v2\/posts\/11360","targetHints":{"allow":["GET"]}}],"collection":[{"href":"https:\/\/www.lecarrefourdesopinions.ca\/index.php?rest_route=\/wp\/v2\/posts"}],"about":[{"href":"https:\/\/www.lecarrefourdesopinions.ca\/index.php?rest_route=\/wp\/v2\/types\/post"}],"author":[{"embeddable":true,"href":"https:\/\/www.lecarrefourdesopinions.ca\/index.php?rest_route=\/wp\/v2\/users\/1"}],"replies":[{"embeddable":true,"href":"https:\/\/www.lecarrefourdesopinions.ca\/index.php?rest_route=%2Fwp%2Fv2%2Fcomments&post=11360"}],"version-history":[{"count":2,"href":"https:\/\/www.lecarrefourdesopinions.ca\/index.php?rest_route=\/wp\/v2\/posts\/11360\/revisions"}],"predecessor-version":[{"id":11393,"href":"https:\/\/www.lecarrefourdesopinions.ca\/index.php?rest_route=\/wp\/v2\/posts\/11360\/revisions\/11393"}],"wp:attachment":[{"href":"https:\/\/www.lecarrefourdesopinions.ca\/index.php?rest_route=%2Fwp%2Fv2%2Fmedia&parent=11360"}],"wp:term":[{"taxonomy":"category","embeddable":true,"href":"https:\/\/www.lecarrefourdesopinions.ca\/index.php?rest_route=%2Fwp%2Fv2%2Fcategories&post=11360"},{"taxonomy":"post_tag","embeddable":true,"href":"https:\/\/www.lecarrefourdesopinions.ca\/index.php?rest_route=%2Fwp%2Fv2%2Ftags&post=11360"}],"curies":[{"name":"wp","href":"https:\/\/api.w.org\/{rel}","templated":true}]}}