{"id":11358,"date":"2015-03-22T11:15:15","date_gmt":"2015-03-22T15:15:15","guid":{"rendered":"http:\/\/www.lecarrefourdesopinions.ca\/?p=11358"},"modified":"2015-03-22T11:15:15","modified_gmt":"2015-03-22T15:15:15","slug":"port-du-niqab","status":"publish","type":"post","link":"https:\/\/www.lecarrefourdesopinions.ca\/?p=11358","title":{"rendered":"Port du niqab"},"content":{"rendered":"<h4>M. Dominic LeBlanc<br \/>&gt; D\u00e9put\u00e9 de Beaus\u00e9jour<br \/>&gt; <br \/>&gt; M. LeBlanc,<br \/>&gt; <br \/>&gt; Je ne suis pas d\u2019accord avec M. Harper sur bien des points, mais je l\u2019appuie quand il s\u2019oppose au port du niqab dans l\u2019espace public. <br \/>&gt; <br \/>&gt; Les d\u00e9bats des derni\u00e8res ann\u00e9es au Canada \u00e0 ce sujet d\u00e9montrent clairement que le niqab n\u2019a pas sa place, comme le dit si bien le Qu\u00e9bec, ni pour offrir ni pour recevoir, des services dans l\u2019espace public. <br \/>&gt; <br \/>&gt; Sur le plan philosophique, l\u2019enjeu se situe, il me semble, au plan des libert\u00e9s individuelles et de l\u2019int\u00e9r\u00eat public. Quand deux valeurs sont en conflit, comme dans ce cas-ci, il faut donner pr\u00e9s\u00e9ance \u00e0 celles de l\u2019ordre sup\u00e9rieur. En l\u2019occurrence, l\u2019int\u00e9r\u00eat public doit pr\u00e9valoir sur l\u2019int\u00e9r\u00eat individuel, le premier \u00e9tant sup\u00e9rieur au second. <br \/>&gt; <br \/>&gt; Sur le plan sociologique, il est dans l\u2019int\u00e9r\u00eat que l\u2019on trouve des principes unificateurs qui favorisent la vie en soci\u00e9t\u00e9, et le port du niqab n\u2019en est certainement pas un, puisque cette pratique ne passe pas la barre de l\u2019acceptabilit\u00e9 sociale. <br \/>&gt; <br \/>&gt; Je crois que votre parti a tort de se ranger derri\u00e8re le parti des int\u00e9gristes pour jouer la carte du multiculturalisme et s\u2019attirer ainsi la faveur d\u2019une partie de l\u2019\u00e9lectorat. <br \/>&gt; <br \/>&gt; Claude Snow<br \/>&gt; Caraquet <br \/>&gt;<\/h4>\n<script type=\"text\/javascript\">\n\nvar addthis_config = {\"data_track_clickback\":false,\"data_track_addressbar\":false,\"data_track_textcopy\":false};\n<\/script><script type=\"text\/javascript\" src=\"\/\/s7.addthis.com\/js\/250\/addthis_widget.js#pubid=f084fdfbcefba74c78dfad3bbc873ffd\"><\/script>","protected":false},"excerpt":{"rendered":"<p>M. Dominic LeBlanc&gt; D\u00e9put\u00e9 de Beaus\u00e9jour&gt; &gt; M. LeBlanc,&gt; &gt; Je ne suis pas d\u2019accord avec M. Harper sur bien des points, mais je l\u2019appuie quand il s\u2019oppose au port du niqab dans l\u2019espace public. &gt; &gt;&hellip;<\/p>\n","protected":false},"author":1,"featured_media":0,"comment_status":"open","ping_status":"open","sticky":false,"template":"","format":"standard","meta":{"footnotes":""},"categories":[1],"tags":[],"class_list":["post-11358","post","type-post","status-publish","format-standard","hentry","category-accueil"],"_links":{"self":[{"href":"https:\/\/www.lecarrefourdesopinions.ca\/index.php?rest_route=\/wp\/v2\/posts\/11358","targetHints":{"allow":["GET"]}}],"collection":[{"href":"https:\/\/www.lecarrefourdesopinions.ca\/index.php?rest_route=\/wp\/v2\/posts"}],"about":[{"href":"https:\/\/www.lecarrefourdesopinions.ca\/index.php?rest_route=\/wp\/v2\/types\/post"}],"author":[{"embeddable":true,"href":"https:\/\/www.lecarrefourdesopinions.ca\/index.php?rest_route=\/wp\/v2\/users\/1"}],"replies":[{"embeddable":true,"href":"https:\/\/www.lecarrefourdesopinions.ca\/index.php?rest_route=%2Fwp%2Fv2%2Fcomments&post=11358"}],"version-history":[{"count":3,"href":"https:\/\/www.lecarrefourdesopinions.ca\/index.php?rest_route=\/wp\/v2\/posts\/11358\/revisions"}],"predecessor-version":[{"id":11394,"href":"https:\/\/www.lecarrefourdesopinions.ca\/index.php?rest_route=\/wp\/v2\/posts\/11358\/revisions\/11394"}],"wp:attachment":[{"href":"https:\/\/www.lecarrefourdesopinions.ca\/index.php?rest_route=%2Fwp%2Fv2%2Fmedia&parent=11358"}],"wp:term":[{"taxonomy":"category","embeddable":true,"href":"https:\/\/www.lecarrefourdesopinions.ca\/index.php?rest_route=%2Fwp%2Fv2%2Fcategories&post=11358"},{"taxonomy":"post_tag","embeddable":true,"href":"https:\/\/www.lecarrefourdesopinions.ca\/index.php?rest_route=%2Fwp%2Fv2%2Ftags&post=11358"}],"curies":[{"name":"wp","href":"https:\/\/api.w.org\/{rel}","templated":true}]}}