{"id":11350,"date":"2015-03-12T13:02:12","date_gmt":"2015-03-12T17:02:12","guid":{"rendered":"http:\/\/www.lecarrefourdesopinions.ca\/?p=11350"},"modified":"2015-03-12T13:02:12","modified_gmt":"2015-03-12T17:02:12","slug":"un-media-donne-le-branle-sur-la-place-publique","status":"publish","type":"post","link":"https:\/\/www.lecarrefourdesopinions.ca\/?p=11350","title":{"rendered":"Un M\u00e9dia donne le branle sur la Place Publique."},"content":{"rendered":"<p align=\"CENTER\"><span style=\"color: #000099;\"><span style=\"font-size: x-large;\"><em><strong>Un M\u00e9dia donne le branle sur la Place Publique.<\/strong><\/em><\/span><\/span><\/p>\n<p align=\"CENTER\">\n<p align=\"CENTER\"><span style=\"color: #000099;\"><span><strong>====<\/strong><\/span><\/span><\/p>\n<p align=\"JUSTIFY\"><span style=\"color: #632423;\"><span style=\"font-family: 'Comic Sans MS', cursive;\"><span style=\"font-size: large;\">Un M\u00e9dia donne le branle sur la Place Publique.<\/span><\/span><\/span><\/p>\n<p align=\"JUSTIFY\">\u00a0<img loading=\"lazy\" decoding=\"async\" class=\"alignleft size-thumbnail wp-image-10340\" title=\"Photo Eric Nogard 4\" src=\"http:\/\/www.lecarrefourdesopinions.ca\/wp-content\/uploads\/2013\/11\/Photo-Eric-Nogard-4-134x107.jpg\" alt=\"\" width=\"134\" height=\"107\" \/><\/p>\n<p align=\"JUSTIFY\"><span style=\"color: #632423;\"><span style=\"font-family: 'Comic Sans MS', cursive;\"><span style=\"font-size: large;\">\u00c9ric E.G. NOGARD<\/span><\/span><\/span><\/p>\n<p align=\"JUSTIFY\"><span style=\"color: #c00000;\"><span style=\"font-size: large;\"><em>Le petit Chroniqueur<\/em><\/span><\/span><span style=\"color: #c00000;\"><span style=\"font-size: large;\">.<\/span><\/span><\/p>\n<p>&nbsp;<\/p>\n<p>&nbsp;<\/p>\n<p align=\"CENTER\"><span style=\"font-size: large;\">*** *** ***<\/span><\/p>\n<p style=\"text-align: center;\">\u00a0<img loading=\"lazy\" decoding=\"async\" class=\"alignleft size-large wp-image-11351\" title=\"F1 Un M\u00e9dia donne le Branle\" src=\"http:\/\/www.lecarrefourdesopinions.ca\/wp-content\/uploads\/2015\/03\/F1-Un-M\u00e9dia-donne-le-Branle-1024x448.jpg\" alt=\"\" width=\"450\" height=\"196\" srcset=\"https:\/\/www.lecarrefourdesopinions.ca\/wp-content\/uploads\/2015\/03\/F1-Un-M\u00e9dia-donne-le-Branle-1024x448.jpg 1024w, https:\/\/www.lecarrefourdesopinions.ca\/wp-content\/uploads\/2015\/03\/F1-Un-M\u00e9dia-donne-le-Branle-300x131.jpg 300w, https:\/\/www.lecarrefourdesopinions.ca\/wp-content\/uploads\/2015\/03\/F1-Un-M\u00e9dia-donne-le-Branle-400x175.jpg 400w, https:\/\/www.lecarrefourdesopinions.ca\/wp-content\/uploads\/2015\/03\/F1-Un-M\u00e9dia-donne-le-Branle.jpg 1570w\" sizes=\"auto, (max-width: 450px) 100vw, 450px\" \/><\/p>\n<p>&nbsp;<\/p>\n<p align=\"CENTER\">\n<p>&nbsp;<\/p>\n<p align=\"CENTER\"><span style=\"font-size: large;\"><strong>F1\u00a0:<\/strong><\/span><span style=\"color: #c00000;\"><span style=\"font-size: large;\"><em>Un M\u00e9dia donne le branle sur la Place Publique.<\/em><\/span><\/span><\/p>\n<p>&nbsp;<\/p>\n<p align=\"JUSTIFY\"><span style=\"font-family: 'Comic Sans MS', cursive;\"><span style=\"font-size: large;\">Qu\u2019un M\u00e9dia donne le branle sur la place publique, n\u2019est-il pas dans son r\u00f4le, alors, rien de plus normal s\u2019il ne s\u2019agit que de cela\u2026 que de donner le branle.<\/span><\/span><\/p>\n<p align=\"JUSTIFY\">\n<p align=\"JUSTIFY\"><span style=\"font-family: 'Comic Sans MS', cursive;\"><span style=\"font-size: large;\">M\u00eame, depuis tout r\u00e9cemment, cela s\u2019appelle donner l\u2019alerte.<\/span><\/span><\/p>\n<p align=\"JUSTIFY\">\n<p align=\"JUSTIFY\"><span style=\"font-family: 'Comic Sans MS', cursive;\"><span style=\"font-size: large;\">Depuis tout r\u00e9cemment, la mode semble \u00eatre \u00e0 cette expression\u00a0: donner l\u2019alerte<\/span><\/span><span style=\"font-size: large;\">.<\/span><\/p>\n<p align=\"JUSTIFY\">\n<p align=\"JUSTIFY\"><span style=\"font-family: 'Comic Sans MS', cursive;\"><span style=\"font-size: large;\">N\u00e9anmoins, il nous semble n\u00e9cessaire, surtout pour un m\u00e9dia \u00ab\u00a0non engag\u00e9\u00a0\u00bb, de donner une alerte qui ne soit tendancieuse car c\u2019e\u00fbt \u00e9t\u00e9 la rendre vicieuse, en transgression de la d\u00e9ontologie du journalisme<\/span><\/span><span style=\"font-size: large;\">.<\/span><\/p>\n<p align=\"JUSTIFY\">\n<p align=\"JUSTIFY\"><span style=\"font-family: 'Comic Sans MS', cursive;\"><span style=\"font-size: large;\">Que l\u2019Opinion Publique appr\u00e9cie sur le fondement de cette \u00ab\u00a0UNE\u00a0\u00bb soumise \u00e0 son attention par les soins de Martinique Province Fran\u00e7aise d\u2019Am\u00e9rique<\/span><\/span><span style=\"font-size: large;\">.<\/span><\/p>\n<p align=\"JUSTIFY\">\n<p align=\"JUSTIFY\">\n<p align=\"JUSTIFY\"><span style=\"font-size: large;\">\u00ab\u00a0<\/span><span style=\"font-family: Arial, sans-serif;\"><span style=\"font-size: large;\"><em><strong>Punie et contrainte \u00e0 ramasser les ordures<\/strong><\/em><\/span><\/span><\/p>\n<p align=\"JUSTIFY\"><span style=\"font-family: Arial, sans-serif;\"><span style=\"font-size: large;\"><em><strong> Une brillante \u00e9l\u00e8ve mise \u00e0 la porte de son lyc\u00e9e<\/strong><\/em><\/span><\/span><span style=\"font-size: large;\">\u00a0\u00bb.<\/span><\/p>\n<p align=\"JUSTIFY\">\n<p align=\"JUSTIFY\">\n<p align=\"JUSTIFY\"><span style=\"font-family: 'Comic Sans MS', cursive;\"><span style=\"font-size: large;\">Une annonce qui fait notre surprise et qui nous choque m\u00eame<\/span><\/span><span style=\"font-size: large;\">.<\/span><\/p>\n<p align=\"JUSTIFY\">\n<p align=\"JUSTIFY\"><span style=\"font-size: large;\">Notre brillante \u00e9l\u00e8ve aurait-elle fait l\u2019objet d\u2019un renvoi pour s\u2019\u00eatre refus\u00e9e au ramassage des ordures.<\/span><\/p>\n<p align=\"JUSTIFY\">\n<p align=\"JUSTIFY\"><span style=\"font-size: large;\">Nous en serions outr\u00e9s, alors, pr\u00e9f\u00e9rons-nous en douter.<\/span><\/p>\n<p align=\"JUSTIFY\">\n<p align=\"JUSTIFY\">\n<p align=\"JUSTIFY\"><span style=\"font-family: 'Comic Sans MS', cursive;\"><span style=\"font-size: large;\">Car, si c\u2019\u00e9tait le cas, quelle atteinte \u00e0 notre dignit\u00e9<\/span><\/span><span style=\"font-size: large;\"> et quoi de mieux comme raison des plus l\u00e9gitimes d\u2019un soul\u00e8vement g\u00e9n\u00e9ral contre une telle mesure, contre l\u2019\u00c9tablissement, contre l\u2019Institution.<\/span><\/p>\n<p align=\"JUSTIFY\">\n<p align=\"JUSTIFY\"><span style=\"font-size: large;\">Quelle raison l\u00e9gitime, justificative d\u2019une exp\u00e9dition punitive dans les r\u00e8gles de l\u2019art.<\/span><\/p>\n<p align=\"JUSTIFY\">\n<p align=\"JUSTIFY\"><span style=\"font-size: large;\">Aussi, passons-nous l\u2019article au d\u00e9m\u00ealoir.<\/span><\/p>\n<p align=\"JUSTIFY\">\n<p align=\"JUSTIFY\">\n<p align=\"JUSTIFY\"><span style=\"font-family: 'Comic Sans MS', cursive;\"><span style=\"font-size: large;\">La victime \u2013 son bulletin du premier trimestre en fait foi \u2013 est une excellente \u00e9l\u00e8ve<\/span><\/span><span style=\"font-size: large;\">.<\/span><\/p>\n<p align=\"JUSTIFY\">\n<p align=\"JUSTIFY\"><span style=\"font-size: large;\">Notre M\u00e9dia le souligne avec soin.<\/span><\/p>\n<p align=\"JUSTIFY\">\n<p align=\"JUSTIFY\"><span style=\"font-size: large;\">Le motif du renvoi \u2013 quant \u00e0 lui \u2013 ne semble avoir aucun rapport avec les m\u00e9rites scolaires de l\u2019\u00e9l\u00e8ve.<\/span><\/p>\n<p align=\"JUSTIFY\">\n<p align=\"JUSTIFY\"><span style=\"font-size: large;\">Il ne semble pas suffire \u00e0 justifier la sanction entreprise, notre M\u00e9dia l\u2019ayant donn\u00e9 au Public pour un simple bavardage it\u00e9ratif tout de m\u00eame, mais cependant disproportionn\u00e9.<\/span><\/p>\n<p align=\"JUSTIFY\">\n<p align=\"JUSTIFY\">\n<p align=\"JUSTIFY\"><span style=\"font-family: 'Comic Sans MS', cursive;\"><span style=\"font-size: large;\">N\u2019y aurait-il pas plus grave, n\u2019y aurait-il aucune Circonstance aggravante dans le cas<\/span><\/span><span style=\"font-size: large;\">.<\/span><\/p>\n<p align=\"JUSTIFY\">\n<p align=\"JUSTIFY\"><span style=\"font-size: large;\"><em><strong>Le <\/strong><\/em><\/span><span style=\"font-family: Arial, sans-serif;\"><span style=\"font-size: large;\"><em><strong>Casus-belli<\/strong><\/em><\/span><\/span><span style=\"font-size: large;\"><em><strong> n\u2019aurait-il pas \u00e9t\u00e9 innocemment pass\u00e9 sous silence<\/strong><\/em><\/span><span style=\"font-size: large;\">.<\/span><\/p>\n<p align=\"JUSTIFY\">\n<p align=\"JUSTIFY\"><span style=\"font-size: large;\">Apr\u00e8s tout, il est assez courant qu\u2019un bon \u00e9l\u00e8ve soit dissip\u00e9 et nous prenons pour douteux que la seule dissipation ou que le seul refus de la punition ou que ces deux motifs conjugu\u00e9s aient provoqu\u00e9 le renvoi de l\u2019\u00e9l\u00e8ve d\u2019une telle excellence.<\/span><\/p>\n<p align=\"JUSTIFY\">\n<p align=\"JUSTIFY\"><span style=\"font-size: large;\">Et nous doutons qu\u2019un seul M\u00e9dia en disconvienne.<\/span><\/p>\n<p align=\"JUSTIFY\">\n<p align=\"JUSTIFY\">\n<p align=\"JUSTIFY\"><span style=\"font-family: 'Comic Sans MS', cursive;\"><span style=\"font-size: large;\">A moins d\u2019une arri\u00e8re pens\u00e9e caract\u00e9ris\u00e9e, le M\u00e9dia mis en cause devait s\u2019abstenir, non d\u2019une telle publication, mais d\u2019une telle pr\u00e9sentation des faits<\/span><\/span><span style=\"font-size: large;\">.<\/span><\/p>\n<p align=\"JUSTIFY\">\n<p align=\"JUSTIFY\"><span style=\"font-size: large;\">Une pr\u00e9sentation des faits \u00e0 l\u2019\u00e9vidence tendancieuse donc condamnable selon nous, surtout de la part d\u2019un m\u00e9dia qui se doit d\u2019\u00eatre neutre, vu sa dimension et sa port\u00e9e au niveau du Public Martiniquais.<\/span><\/p>\n<p align=\"JUSTIFY\">\n<p align=\"JUSTIFY\"><span style=\"font-size: large;\">Donner l\u2019alerte, OUI, \u00e0 condition de s\u2019assurer qu\u2019on puisse le faire en toute honn\u00eatet\u00e9 donc sans parti-pris ni danger d\u2019explosion.<\/span><\/p>\n<p align=\"JUSTIFY\">\n<p align=\"JUSTIFY\">\n<p align=\"JUSTIFY\"><span style=\"font-family: 'Comic Sans MS', cursive;\"><span style=\"font-size: large;\">N\u2019est-il pas juste de donner au Public tous les \u00e9l\u00e9ments n\u00e9cessaires \u00e0 l\u2019appr\u00e9ciation des faits sciemment port\u00e9s \u00e0 sa connaissance afin qu\u2019il se fasse une Opinion de fa\u00e7on Objective et Sereine.<\/span><\/span><\/p>\n<p align=\"JUSTIFY\">\n<p align=\"JUSTIFY\"><span style=\"font-family: 'Comic Sans MS', cursive;\"><span style=\"font-size: large;\">Le Renvoi d\u2019une Excellente \u00c9l\u00e8ve sur le fondement d\u2019un \u00ab\u00a0simple bavardage\u00a0\u00bb nous laisse dans le doute, l\u2019expos\u00e9 des faits nous para\u00eet tenir du clair-obscur, malheureusement<\/span><\/span><\/p>\n<p align=\"CENTER\">\n<p align=\"JUSTIFY\"><span style=\"color: #c00000;\"><span style=\"font-size: large;\"><em>La Premi\u00e8re de sa Classe renvoy\u00e9e de la sorte et sans raison, cela m\u00e9rite un brin d\u2019explication<\/em><\/span><\/span><span style=\"font-size: large;\">.<\/span><\/p>\n<p align=\"CENTER\">\n<p align=\"CENTER\"><span style=\"font-size: large;\">*** *** ***<\/span><\/p>\n<p>&nbsp;<\/p>\n<p><span style=\"color: #ff0000;\"><span style=\"font-size: large;\"><strong>Nota : <\/strong><\/span><\/span><span style=\"color: #000000;\"><span style=\"font-size: large;\">Nous ne traitons que de Faits et de Noms rendus Publics.<\/span><\/span><\/p>\n<p align=\"CENTER\">\n<p align=\"CENTER\"><span style=\"color: #000000;\"><span style=\"font-size: large;\">*** *** ***<\/span><\/span><\/p>\n<p align=\"JUSTIFY\"><span style=\"font-size: large;\"><strong>N.B.:<\/strong><\/span><span style=\"font-size: large;\"> &#8211; <\/span><span style=\"color: #c00000;\"><span style=\"font-family: 'Comic Sans MS', cursive;\"><span style=\"font-size: large;\">Nous Recommandons instamment et syst\u00e9matiquement l\u2019ouverture de la (ou des) pi\u00e8ce(s) jointe(s) \u00e0 l\u2019e-mail, sous format Pdf, <\/span><\/span><\/span><span style=\"color: #c00000;\"><span style=\"font-family: 'Comic Sans MS', cursive;\"><span style=\"font-size: large;\"><span style=\"text-decoration: underline;\">les illustrations y sont incluses<\/span><\/span><\/span><\/span><span style=\"color: #c00000;\"><span style=\"font-family: 'Comic Sans MS', cursive;\"><span style=\"font-size: large;\">.<\/span><\/span><\/span><\/p>\n<p align=\"JUSTIFY\">\n<p align=\"CENTER\"><span style=\"font-size: large;\"><strong>*** *** **<\/strong><\/span><\/p>\n<p align=\"CENTER\"><span style=\"color: #800000;\"><strong>Avis de vente de M\u00e9moire.<\/strong><\/span><\/p>\n<p align=\"JUSTIFY\"><span style=\"color: #800000;\"><strong>\u00a0<\/strong><\/span><\/p>\n<p align=\"JUSTIFY\"><span style=\"color: #800000;\"><strong>\u00a0<\/strong><\/span><\/p>\n<p align=\"JUSTIFY\"><span style=\"color: #800000;\"><strong><span style=\"font-family: Arial, sans-serif;\">Demandez le M\u00e9moire de \u00ab\u00a0<\/span><span style=\"font-family: Arial, sans-serif;\"><em>Martinique Province Fran\u00e7aise d\u2019Am\u00e9rique<\/em><\/span><span style=\"font-family: Arial, sans-serif;\">\u00a0\u00bb au Front National Fran\u00e7ais.<\/span><\/strong><\/span><\/p>\n<p align=\"JUSTIFY\"><span style=\"color: #800000;\"><strong>\u00a0<\/strong><\/span><\/p>\n<p align=\"JUSTIFY\"><span style=\"color: #800000;\"><strong><span style=\"font-family: Arial, sans-serif;\">Eu \u00e9gard \u00e0 l\u2019Ind\u00e9pendance et \u00e0 la Justesse de son analyse, il vaut pour tout Parti du Spectre Politique Fran\u00e7ais<\/span>.<\/strong><\/span><\/p>\n<p align=\"JUSTIFY\"><span style=\"color: #800000;\"><strong>\u00a0<\/strong><\/span><\/p>\n<p align=\"JUSTIFY\"><span style=\"color: #800000;\"><strong>Il est au prix de Vingt Cinq Euros Net (25,00 \u20acuros Net). Port gratuit par courrier postal ordinaire. Port forfaitaire de 7,50 \u20acuros par courrier recommand\u00e9 suivi. R\u00e8glement par tout moyen de paiement \u00e0 l\u2019ordre d\u2019\u00c9ric E.G. NOGARD.<\/strong><\/span><\/p>\n<p align=\"JUSTIFY\"><span style=\"color: #800000;\"><strong>\u00a0<\/strong><\/span><\/p>\n<p align=\"CENTER\"><span style=\"color: #800000;\"><strong>Ne Peut \u00eatre reproduit &#8211; m\u00eame partiellement &#8211; sans l\u2019autorisation de l\u2019Auteur.<\/strong><\/span><\/p>\n<p align=\"JUSTIFY\"><span style=\"color: #800000;\"><strong>\u00a0<\/strong><\/span><\/p>\n<p align=\"JUSTIFY\">\n<p align=\"JUSTIFY\"><span style=\"color: #800000;\"><strong>\u00a0<\/strong><\/span><\/p>\n<script type=\"text\/javascript\">\n\nvar addthis_config = {\"data_track_clickback\":false,\"data_track_addressbar\":false,\"data_track_textcopy\":false};\n<\/script><script type=\"text\/javascript\" src=\"\/\/s7.addthis.com\/js\/250\/addthis_widget.js#pubid=f084fdfbcefba74c78dfad3bbc873ffd\"><\/script>","protected":false},"excerpt":{"rendered":"<p align=\"CENTER\"><span style=\"color: #000099;\"><span style=\"font-size: x-large;\">Un M\u00e9dia donne le branle sur la Place Publique.<\/span><\/span><\/p>\n<p align=\"CENTER\">\n<p align=\"CENTER\"><span style=\"color: #000099;\"><span>====<\/span><\/span><\/p>\n<p align=\"JUSTIFY\"><span style=\"color: #632423;\"><span style=\"font-family: 'Comic Sans MS', cursive;\"><span style=\"font-size: large;\">Un M\u00e9dia donne le branle sur la Place Publique.<\/span><\/span><\/span><\/p>\n<p align=\"JUSTIFY\">\u00a0<\/p>\n<p align=\"JUSTIFY\"><span style=\"color: #632423;\"><span style=\"font-family: 'Comic Sans MS', cursive;\"><span style=\"font-size: large;\">\u00c9ric E.G. NOGARD<\/span><\/span><\/span><\/p>\n<p align=\"JUSTIFY\"><span style=\"color: #c00000;\"><span style=\"font-size: large;\">Le petit Chroniqueur<\/span><\/span><span style=\"color: #c00000;\"><span style=\"font-size: large;\">.<\/span><\/span><\/p>\n<p>&nbsp;<\/p>\n<p>&nbsp;<\/p>\n<p align=\"CENTER\"><span style=\"font-size: large;\">*** *** ***<\/span><\/p>\n<p style=\"text-align: center;\">\u00a0<\/p>\n<p>&nbsp;<\/p>\n<p align=\"CENTER\">\n<p>&nbsp;<\/p>\n<p align=\"CENTER\"><span style=\"font-size: large;\">F1\u00a0:<\/span><span style=\"color: #c00000;\"><span style=\"font-size: large;\">Un M\u00e9dia <\/span><\/span>&hellip;<\/p>\n","protected":false},"author":1,"featured_media":0,"comment_status":"open","ping_status":"open","sticky":false,"template":"","format":"standard","meta":{"footnotes":""},"categories":[1],"tags":[],"class_list":["post-11350","post","type-post","status-publish","format-standard","hentry","category-accueil"],"_links":{"self":[{"href":"https:\/\/www.lecarrefourdesopinions.ca\/index.php?rest_route=\/wp\/v2\/posts\/11350","targetHints":{"allow":["GET"]}}],"collection":[{"href":"https:\/\/www.lecarrefourdesopinions.ca\/index.php?rest_route=\/wp\/v2\/posts"}],"about":[{"href":"https:\/\/www.lecarrefourdesopinions.ca\/index.php?rest_route=\/wp\/v2\/types\/post"}],"author":[{"embeddable":true,"href":"https:\/\/www.lecarrefourdesopinions.ca\/index.php?rest_route=\/wp\/v2\/users\/1"}],"replies":[{"embeddable":true,"href":"https:\/\/www.lecarrefourdesopinions.ca\/index.php?rest_route=%2Fwp%2Fv2%2Fcomments&post=11350"}],"version-history":[{"count":2,"href":"https:\/\/www.lecarrefourdesopinions.ca\/index.php?rest_route=\/wp\/v2\/posts\/11350\/revisions"}],"predecessor-version":[{"id":11354,"href":"https:\/\/www.lecarrefourdesopinions.ca\/index.php?rest_route=\/wp\/v2\/posts\/11350\/revisions\/11354"}],"wp:attachment":[{"href":"https:\/\/www.lecarrefourdesopinions.ca\/index.php?rest_route=%2Fwp%2Fv2%2Fmedia&parent=11350"}],"wp:term":[{"taxonomy":"category","embeddable":true,"href":"https:\/\/www.lecarrefourdesopinions.ca\/index.php?rest_route=%2Fwp%2Fv2%2Fcategories&post=11350"},{"taxonomy":"post_tag","embeddable":true,"href":"https:\/\/www.lecarrefourdesopinions.ca\/index.php?rest_route=%2Fwp%2Fv2%2Ftags&post=11350"}],"curies":[{"name":"wp","href":"https:\/\/api.w.org\/{rel}","templated":true}]}}