{"id":11344,"date":"2015-03-12T13:02:37","date_gmt":"2015-03-12T17:02:37","guid":{"rendered":"http:\/\/www.lecarrefourdesopinions.ca\/?p=11344"},"modified":"2015-03-12T13:02:37","modified_gmt":"2015-03-12T17:02:37","slug":"le-citoyen-clef-de-la-survie-climatique-de-lhumanite","status":"publish","type":"post","link":"https:\/\/www.lecarrefourdesopinions.ca\/?p=11344","title":{"rendered":"Le citoyen, clef de la survie climatique de l\u2019humanit\u00e9"},"content":{"rendered":"<h4><span style=\"color: #17365d;\"><span style=\"font-family: 'Times New Roman', serif;\"><span>Le citoyen, clef de la survie climatique de l\u2019humanit\u00e9<\/span><\/span><\/span><\/h4>\n<h5 align=\"RIGHT\"><span style=\"color: #000000;\"><span style=\"font-family: 'Times New Roman', serif;\"><br \/><\/span><\/span><\/h5>\n<h4>\u00a0<em><span style=\"color: #800000;\">par\u00a0St\u00e9phane Brousseau\u00a0\u2013\u00a0Directeur de recherche<\/span><\/em><\/h4>\n<h3><span style=\"font-family: 'Times New Roman', serif;\">Le 23 f\u00e9vrier, Bruno Mass\u00e9 [1] donnait une conf\u00e9rence au sujet des impacts de l&rsquo;aust\u00e9rit\u00e9 sur les mesures de protection et de sauvegarde de l&rsquo;environnement [2]. Bruno Mass\u00e9 est g\u00e9ographe sp\u00e9cialis\u00e9 dans les mouvements sociaux environnementaux, coordonnateur du R\u00e9seau qu\u00e9b\u00e9cois des groupes \u00e9cologistes (RQGE) [3], charg\u00e9 de cours au c\u00e9gep Marie-Victorin, blogueur [4] et r\u00e9dacteur [5] au <\/span><span style=\"font-family: 'Times New Roman', serif;\"><em>Huffington Post Qu\u00e9bec<\/em><\/span><span style=\"font-family: 'Times New Roman', serif;\">, et auteur de plusieurs romans engag\u00e9s [6].<\/span><\/h3>\n<h3><\/h3>\n<h3><span style=\"font-family: 'Times New Roman', serif;\">M. Mass\u00e9 exposait les impacts de l&rsquo;aust\u00e9rit\u00e9 en environnement au Qu\u00e9bec en opposition aux projets d&rsquo;exploitation des ressources naturelles, dont le p\u00e9trole. Les coupures limitent la capacit\u00e9 d\u2019assurer l\u2019int\u00e9grit\u00e9 des \u00e9cosyst\u00e8mes et de la biodiversit\u00e9. Son allocution couvrait \u00e9galement les amputations dans les programmes sociaux qui vont appauvrir les r\u00e9gions afin que les populations ne puissent s\u2019objecter aux projets d\u2019exploitation des ressources naturelles en n\u2019ayant d\u2019autres choix que d\u2019accepter des emplois. <\/span><\/h3>\n<h3><\/h3>\n<h3><span style=\"font-family: 'Times New Roman', serif;\">Ce ph\u00e9nom\u00e8ne politico-\u00e9conomique est connu et des recherches de l&rsquo;IRASD le d\u00e9finissent comme \u00ables pressions fiscales de l&rsquo;\u00e9conomie mon\u00e9taire\u00bb [7]. Pressions qui imposent \u00e9galement des limites \u00e0 la croissance et \u00e0 l&rsquo;\u00e9volution de l&rsquo;humanit\u00e9 [8]. <\/span><\/h3>\n<h3><\/h3>\n<h3><span style=\"font-family: 'Times New Roman', serif;\">Le syst\u00e8me \u00e9conomique mon\u00e9taire, datant de 687 av. J.-C. [9], a \u00e9volu\u00e9 au fil de l\u2019histoire avec l&rsquo;environnement social qui n&rsquo;est qu&rsquo;une adaptation complexe des strat\u00e9gies comportementales de l&rsquo;esp\u00e8ce humaine selon les principes de l&rsquo;\u00e9volution [10]. Jamais, dans l&rsquo;histoire de l&rsquo;humanit\u00e9, l&rsquo;homme n&rsquo;a tent\u00e9 de concevoir un mod\u00e8le de soci\u00e9t\u00e9 int\u00e9gr\u00e9 qui respecte les limites de son environnement biophysique. <\/span><\/h3>\n<h3><\/h3>\n<h3><span style=\"font-family: 'Times New Roman', serif;\">En 2014, le Groupe d\u2019experts intergouvernemental sur l\u2019\u00e9volution du climat (GIEC) [11] publiait son 5<\/span><sup><span style=\"font-family: 'Times New Roman', serif;\">e<\/span><\/sup><span style=\"font-family: 'Times New Roman', serif;\"> rapport sur les changements climatiques depuis 1988. Le premier volume concerne la science physique du climat. Plus de 9200 \u00e9tudes scientifiques ind\u00e9pendantes de 39 pays ont \u00e9t\u00e9 valid\u00e9es par 1089 r\u00e9viseurs provenant de 55 pays [12]. Les conclusions de cette compilation sont sans \u00e9quivoque: les activit\u00e9s humaines sont responsables \u00e0 95\u00a0%des \u00e9missions de gaz \u00e0 effet de serre (GES) provoquant les changements climatiques.<\/span><\/h3>\n<h3><\/h3>\n<h3><span style=\"font-family: 'Times New Roman', serif;\">Le second volume du rapport couvre d\u2019ailleurs les impacts des changements climatiques sur les syst\u00e8mes et infrastructures de la civilisation en tenant compte de la capacit\u00e9 d\u2019adaptation et en identifiant les vuln\u00e9rabilit\u00e9s (agriculture, approvisionnement, \u00e9conomie, stabilit\u00e9 politique et sociale). Plus de 12\u00a0000 \u00e9tudes scientifiques ind\u00e9pendantes de 92 pays ont \u00e9t\u00e9 valid\u00e9es par 1729 r\u00e9viseurs provenant de 84 pays [13].<\/span><\/h3>\n<h3><\/h3>\n<h3><span style=\"font-family: 'Times New Roman', serif;\">Le troisi\u00e8me volume pr\u00e9sente les mesures de mitigation pour limiter les changements climatiques et les mesures d\u2019adaptation pour tenter d\u2019y survivre. Pr\u00e8s de 1200 sc\u00e9narios socio-\u00e9conomiques ont \u00e9t\u00e9 analys\u00e9s en provenance de 10\u00a0000 \u00e9tudes ind\u00e9pendantes de 58 pays qui ont \u00e9t\u00e9 valid\u00e9es par 836 r\u00e9viseurs de 66 pays [14]. <\/span><\/h3>\n<h3><\/h3>\n<h3><span style=\"font-family: 'Times New Roman', serif;\">La cr\u00e9dibilit\u00e9 de ces rapports ne peut \u00eatre contest\u00e9e. M\u00eame la NASA fait ses propres recherches [15]. Pourtant, la m\u00e9connaissance r\u00e8gne\u2026 Et les coupures budg\u00e9taires en \u00e9ducation deviennent n\u00e9fastes. Le sociologue G\u00e9rald Bronner expose ses observations des erreurs comportementales d\u00e9cisionnelles dans son livre <\/span><span style=\"font-family: 'Times New Roman', serif;\"><em>La plan\u00e8te des hommes. R\u00e9enchanter le risque<\/em><\/span><span style=\"font-family: 'Times New Roman', serif;\"> [16]. Des psychologues comme Amos Tversky [17], Daniel Kahneman [18] et Paul Slovic [19] ont d\u2019ailleurs gagn\u00e9 un prix Nobel pour leurs publications [20] \u00e0 ce sujet. Un cas typique de ces comportements peut \u00eatre observ\u00e9 avec les politiques f\u00e9d\u00e9rales concernant les sables bitumineux [21].<\/span><\/h3>\n<h3><\/h3>\n<h3><span style=\"font-family: 'Times New Roman', serif;\">Alors que la d\u00e9gradation des \u00e9cosyst\u00e8mes aura des impacts s&rsquo;\u00e9chelonnant sur des ann\u00e9es, les changements climatiques auront des cons\u00e9quences qui persisteront durant des si\u00e8cles, voire des mill\u00e9naires, mettant \u00e0 risque la survie des esp\u00e8ces incluant l&rsquo;homme. C\u2019est pourquoi l\u2019ONU pr\u00e9pare une proposition d\u2019entente internationale [22] en pr\u00e9vision du COP21 [23] \u00e0 Paris en d\u00e9cembre. Le texte mis \u00e0 jour le 25 f\u00e9vrier [24] pr\u00e9voit que les pays doivent s\u2019engager \u00e0 diminuer les \u00e9missions de GES de 40% \u00e0 70% d\u2019ici 2050, et de 100% d\u2019ici 2100 afin de limiter le r\u00e9chauffement climatique \u00e0 2 degr\u00e9s.<\/span><\/h3>\n<h3><\/h3>\n<h3><\/h3>\n<h3><\/h3>\n<h3><span style=\"font-family: 'Times New Roman', serif;\">Des \u00e9conomistes chez Kepler Cheuvreux [25] ont estim\u00e9 que l\u2019industrie p\u00e9troli\u00e8re devrait se priver de 28\u00a0000 milliards de dollars d\u2019ici 20 ans pour respecter ces ententes [26]. Le 24 f\u00e9vrier, un article [27] mentionnait que la British Petroleum (BP), l\u2019une des quatre plus importantes p\u00e9troli\u00e8res au monde, venait de publier son rapport <\/span><span style=\"font-family: 'Times New Roman', serif;\"><em>BP\u2019s Energy Outlook 2035<\/em><\/span><span style=\"font-family: 'Times New Roman', serif;\"> [28] dans lequel elle pr\u00e9voit des augmentations de 25% d\u2019\u00e9missions de CO<\/span><sub><span style=\"font-family: 'Times New Roman', serif;\">2<\/span><\/sub><span style=\"font-family: 'Times New Roman', serif;\"> d\u2019ici 20 ans. <\/span><\/h3>\n<h3><\/h3>\n<h3><span style=\"font-family: 'Times New Roman', serif;\">Avec de telles pressions \u00e9conomiques, il ne faut surtout pas s\u2019attendre \u00e0 des d\u00e9cisions substantielles de r\u00e9duction des GES de la part des gouvernements [29]. Les solutions viendront de nous, les citoyens ordinaires. Pour y arriver, nous devons nous joindre \u00e0 des groupes sociaux ou environnementaux qui ont \u00abla nouvelle responsabilit\u00e9\u00bb de former une coalition sociale internationale afin de travailler sur un vaste chantier de modernisation de la soci\u00e9t\u00e9 [30]. Les forums sociaux sont les outils de mobilisation, mais ils sont insuffisants [31] sans travaux structur\u00e9s sur des solutions [32].<\/span><\/h3>\n<h3><\/h3>\n<h3><span style=\"font-family: 'Times New Roman', serif;\">Nous devons nous impliquer pour sauver notre peau, sortir marcher le 11 avril \u00e0 Qu\u00e9bec [33]. Nous ne pouvons plus attendre, car nous allons \u00e9coper dans les prochaines d\u00e9cennies\u2026 et les changements sociaux seront drastiques et rapides, menant \u00e0 des instabilit\u00e9s consid\u00e9rables de tout acabit. <\/span><\/h3>\n<h3><\/h3>\n<h3><span style=\"font-family: 'Times New Roman', serif;\">Mais faire vite et bien en m\u00eame temps en visant de bons r\u00e9sultats est impossible, sauf en \u00e9conomie o\u00f9 rien n\u2019est durable&#8230;<\/span><\/h3>\n<h3><\/h3>\n<h3><span style=\"font-family: 'Times New Roman', serif;\"><span>Analyste et architecte en technologies de l\u2019information et des communications<\/span><\/span><\/h3>\n<h3><span style=\"font-family: 'Times New Roman', serif;\"><span>Chercheur en architecture sociale durable<\/span><\/span><\/h3>\n<h3><\/h3>\n<h3><span style=\"font-family: 'Times New Roman', serif; color: #800000;\">IRASD \u2013 Institut de recherche en architecture sociale durable<\/span><\/h3>\n<script type=\"text\/javascript\">\n\nvar addthis_config = {\"data_track_clickback\":false,\"data_track_addressbar\":false,\"data_track_textcopy\":false};\n<\/script><script type=\"text\/javascript\" src=\"\/\/s7.addthis.com\/js\/250\/addthis_widget.js#pubid=f084fdfbcefba74c78dfad3bbc873ffd\"><\/script>","protected":false},"excerpt":{"rendered":"<p><span style=\"color: #17365d;\"><span style=\"font-family: 'Times New Roman', serif;\"><span>Le citoyen, clef de la survie climatique de l\u2019humanit\u00e9<\/span><\/span><\/span><br \/>\n<span style=\"color: #000000;\"><span style=\"font-family: 'Times New Roman', serif;\"><\/span><\/span><br \/>\n\u00a0<span style=\"color: #800000;\">par\u00a0St\u00e9phane Brousseau\u00a0\u2013\u00a0Directeur de recherche<\/span><br \/>\n<span style=\"font-family: 'Times New Roman', serif;\">Le 23 f\u00e9vrier, Bruno Mass\u00e9 [1] donnait une conf\u00e9rence au sujet des impacts de l&rsquo;aust\u00e9rit\u00e9 sur les mesures de protection et &hellip;<\/span><\/p>\n","protected":false},"author":1,"featured_media":0,"comment_status":"open","ping_status":"open","sticky":false,"template":"","format":"standard","meta":{"footnotes":""},"categories":[1],"tags":[],"class_list":["post-11344","post","type-post","status-publish","format-standard","hentry","category-accueil"],"_links":{"self":[{"href":"https:\/\/www.lecarrefourdesopinions.ca\/index.php?rest_route=\/wp\/v2\/posts\/11344","targetHints":{"allow":["GET"]}}],"collection":[{"href":"https:\/\/www.lecarrefourdesopinions.ca\/index.php?rest_route=\/wp\/v2\/posts"}],"about":[{"href":"https:\/\/www.lecarrefourdesopinions.ca\/index.php?rest_route=\/wp\/v2\/types\/post"}],"author":[{"embeddable":true,"href":"https:\/\/www.lecarrefourdesopinions.ca\/index.php?rest_route=\/wp\/v2\/users\/1"}],"replies":[{"embeddable":true,"href":"https:\/\/www.lecarrefourdesopinions.ca\/index.php?rest_route=%2Fwp%2Fv2%2Fcomments&post=11344"}],"version-history":[{"count":2,"href":"https:\/\/www.lecarrefourdesopinions.ca\/index.php?rest_route=\/wp\/v2\/posts\/11344\/revisions"}],"predecessor-version":[{"id":11355,"href":"https:\/\/www.lecarrefourdesopinions.ca\/index.php?rest_route=\/wp\/v2\/posts\/11344\/revisions\/11355"}],"wp:attachment":[{"href":"https:\/\/www.lecarrefourdesopinions.ca\/index.php?rest_route=%2Fwp%2Fv2%2Fmedia&parent=11344"}],"wp:term":[{"taxonomy":"category","embeddable":true,"href":"https:\/\/www.lecarrefourdesopinions.ca\/index.php?rest_route=%2Fwp%2Fv2%2Fcategories&post=11344"},{"taxonomy":"post_tag","embeddable":true,"href":"https:\/\/www.lecarrefourdesopinions.ca\/index.php?rest_route=%2Fwp%2Fv2%2Ftags&post=11344"}],"curies":[{"name":"wp","href":"https:\/\/api.w.org\/{rel}","templated":true}]}}