{"id":11335,"date":"2015-03-02T08:35:08","date_gmt":"2015-03-02T13:35:08","guid":{"rendered":"http:\/\/www.lecarrefourdesopinions.ca\/?p=11335"},"modified":"2015-03-02T08:35:08","modified_gmt":"2015-03-02T13:35:08","slug":"la-controverse-du-petrole-a-gaspe-la-loi-c-51et-les-autruches","status":"publish","type":"post","link":"https:\/\/www.lecarrefourdesopinions.ca\/?p=11335","title":{"rendered":"La controverse du p\u00e9trole \u00e0 Gasp\u00e9, la loi C-51et les autruches"},"content":{"rendered":"<p align=\"JUSTIFY\"><span style=\"font-family: Cambria, serif;\"><span style=\"font-size: medium;\"><strong>La controverse du p\u00e9trole \u00e0 Gasp\u00e9, la loi C-51et les autruches<\/strong><\/span><\/span><\/p>\n<p align=\"JUSTIFY\"><span style=\"color: #800000;\"><em>par\u00a0Jacques T\u00e9treault<\/em><\/span><\/p>\n<p align=\"JUSTIFY\"><span style=\"font-family: Cambria, serif;\"><span style=\"font-size: medium;\">\u00c7a y est! On a trouv\u00e9 du p\u00e9trole! Au Qu\u00e9bec! \u00c0 Gasp\u00e9! Enfin! Apr\u00e8s des dizaines d\u2019ann\u00e9es de travail acharn\u00e9, on a enfin trouv\u00e9 l\u2019Eldorado! Selon les dirigeants, il ne reste qu\u2019\u00e0 faire des tests de production pour confirmer le tout. Ah, la belle vie! On va enfin faire taire ces m\u00e9chants \u00e9cologistes qui veulent prot\u00e9ger leur eau au d\u00e9triment du d\u00e9veloppement \u00e9conomique. En fait, est-ce que ce sont vraiment des \u00e9cologistes professionnels? Ou plut\u00f4t de simples citoyens inquiets qui sont incapables de se sentir rassur\u00e9s par les belles paroles des gouvernements complices de l\u2019industrie au point d\u2019adopter des r\u00e8glements<\/span><\/span><sup><span style=\"font-family: Cambria, serif;\"><span style=\"font-size: medium;\"><strong>1<\/strong><\/span><\/span><\/sup><span style=\"font-family: Cambria, serif;\"><span style=\"font-size: medium;\">, de financer les projets via la Caisse de d\u00e9p\u00f4t et placement du Qu\u00e9bec qui est actionnaire de la compagnie foreuse ou de la complaisance des rapports pr\u00e9sent\u00e9s. <\/span><\/span><\/p>\n<p align=\"JUSTIFY\"><span style=\"font-family: Cambria, serif;\"><span style=\"font-size: medium;\">La compagnie a beau jeu! Enj\u00f4leuse qu\u2019elle est avec son argent pour combler des lacunes sociales. La tactique est partout pareille. On fait le maximum de travail et apr\u00e8s on dit qu\u2019on est trop avanc\u00e9 dans le projet pour reculer, qu\u2019on n&rsquo;a plus le choix, que de toute fa\u00e7on on a besoin de p\u00e9trole, autant le produire ici chez nous, que les retomb\u00e9es \u00e9conomiques seront blind\u00e9es, que \u00e7a va procurer du travail et des investissements locaux, qu\u2019il ne faut pas \u00e9couter les opposants professionnels qui sont contre tout, tout le temps, et qui ne veulent pas faire partie des discussions pour trouver des solutions aux probl\u00e8mes soulev\u00e9s, que les sondages qu\u2019ils m\u00e8nent disent que la population est d\u2019accord avec le projet, etc. <\/span><\/span><\/p>\n<p align=\"JUSTIFY\"><span style=\"font-family: Cambria, serif;\"><span style=\"font-size: medium;\">Sauf que depuis quelque temps, il y a aussi sur la table un dossier qui se nomme les changements climatiques. Il paraitrait que si l&rsquo;on n&rsquo;arr\u00eate pas ou si l&rsquo;on ne diminue pas notre consommation de p\u00e9trole, nous sommes condamn\u00e9s \u00e0 subir des hausses de temp\u00e9rature et des d\u00e9sordres climatiques qui auront des r\u00e9percussions consid\u00e9rables. Il parait aussi que notre gouvernement a promis de r\u00e9duire les \u00e9missions de gaz \u00e0 effet de serre au Qu\u00e9bec. En fait, les scientifiques nous disent que le niveau des oc\u00e9ans va augmenter, que les oc\u00e9ans vont s\u2019acidifier, tuant ainsi des milliers d\u2019esp\u00e8ces marines, que les changements de climat vont affecter les productions alimentaires, que tout cela va provoquer des bouleversements sociaux importants, m\u00eame des guerres\u2026 Mais il ne faudrait pas trop le dire, car les gens finiraient peut-\u00eatre par le croire et ainsi refuser les projets qui amplifient ce ph\u00e9nom\u00e8ne. Au profit \u00e0 court terme de qui d\u00e9j\u00e0?<\/span><\/span><\/p>\n<p align=\"JUSTIFY\"><span style=\"font-family: Cambria, serif;\"><span style=\"font-size: medium;\">Tout le monde conna\u00eet la posture caricaturale des autruches! Eh bien, les autruches sont rendues ici au Qu\u00e9bec\u2026 probablement d\u00fb au r\u00e9chauffement climatique, elles ont \u00e9lu domicile chez nous! La toute r\u00e9cente loi f\u00e9d\u00e9rale C-51 va aider l\u2019immigration de cette race.<\/span><\/span><\/p>\n<p align=\"JUSTIFY\">\n<p align=\"JUSTIFY\"><span style=\"font-family: Cambria, serif;\"><span style=\"font-size: medium;\">Jacques T\u00e9treault<\/span><\/span><\/p>\n<p align=\"JUSTIFY\"><span style=\"font-family: Cambria, serif;\"><span style=\"font-size: medium;\">Coordonnateur g\u00e9n\u00e9ral et porte-parole du RVHQ <\/span><\/span><\/p>\n<p align=\"JUSTIFY\">\n<ol>\n<li>\n<p><span style=\"color: #800000;\"><span style=\"font-family: Cambria, serif;\"><span style=\"font-size: medium;\"><em>R\u00e8glement sur le pr\u00e9l\u00e8vement des eaux et leur protection<\/em><\/span><\/span><span style=\"font-family: Cambria, serif;\"><span style=\"font-size: medium;\">, \u00c9diteur officiel du Qu\u00e9bec, 1<\/span><\/span><sup><span style=\"font-family: Cambria, serif;\"><span style=\"font-size: medium;\">er<\/span><\/span><\/sup><span style=\"font-family: Cambria, serif;\"><span style=\"font-size: medium;\"> f\u00e9vrier 2015, http:\/\/www2.publicationsduquebec.gouv.qc.ca\/dynamicSearch\/telecharge.php?type=3&amp;file=\/Q_2\/Q2R35_2.HTM<\/span><\/span><\/span><\/p>\n<\/li>\n<\/ol>\n<script type=\"text\/javascript\">\n\nvar addthis_config = {\"data_track_clickback\":false,\"data_track_addressbar\":false,\"data_track_textcopy\":false};\n<\/script><script type=\"text\/javascript\" src=\"\/\/s7.addthis.com\/js\/250\/addthis_widget.js#pubid=f084fdfbcefba74c78dfad3bbc873ffd\"><\/script>","protected":false},"excerpt":{"rendered":"<p align=\"JUSTIFY\"><span style=\"font-family: Cambria, serif;\"><span style=\"font-size: medium;\">La controverse du p\u00e9trole \u00e0 Gasp\u00e9, la loi C-51et les autruches<\/span><\/span><\/p>\n<p align=\"JUSTIFY\"><span style=\"color: #800000;\">par\u00a0Jacques T\u00e9treault<\/span><\/p>\n<p align=\"JUSTIFY\"><span style=\"font-family: Cambria, serif;\"><span style=\"font-size: medium;\">\u00c7a y est! On a trouv\u00e9 du p\u00e9trole! Au Qu\u00e9bec! \u00c0 Gasp\u00e9! Enfin! Apr\u00e8s des dizaines d\u2019ann\u00e9es de travail acharn\u00e9, on a enfin <\/span><\/span>&hellip;<\/p>\n","protected":false},"author":1,"featured_media":0,"comment_status":"open","ping_status":"open","sticky":false,"template":"","format":"standard","meta":{"footnotes":""},"categories":[1],"tags":[],"class_list":["post-11335","post","type-post","status-publish","format-standard","hentry","category-accueil"],"_links":{"self":[{"href":"https:\/\/www.lecarrefourdesopinions.ca\/index.php?rest_route=\/wp\/v2\/posts\/11335","targetHints":{"allow":["GET"]}}],"collection":[{"href":"https:\/\/www.lecarrefourdesopinions.ca\/index.php?rest_route=\/wp\/v2\/posts"}],"about":[{"href":"https:\/\/www.lecarrefourdesopinions.ca\/index.php?rest_route=\/wp\/v2\/types\/post"}],"author":[{"embeddable":true,"href":"https:\/\/www.lecarrefourdesopinions.ca\/index.php?rest_route=\/wp\/v2\/users\/1"}],"replies":[{"embeddable":true,"href":"https:\/\/www.lecarrefourdesopinions.ca\/index.php?rest_route=%2Fwp%2Fv2%2Fcomments&post=11335"}],"version-history":[{"count":2,"href":"https:\/\/www.lecarrefourdesopinions.ca\/index.php?rest_route=\/wp\/v2\/posts\/11335\/revisions"}],"predecessor-version":[{"id":11338,"href":"https:\/\/www.lecarrefourdesopinions.ca\/index.php?rest_route=\/wp\/v2\/posts\/11335\/revisions\/11338"}],"wp:attachment":[{"href":"https:\/\/www.lecarrefourdesopinions.ca\/index.php?rest_route=%2Fwp%2Fv2%2Fmedia&parent=11335"}],"wp:term":[{"taxonomy":"category","embeddable":true,"href":"https:\/\/www.lecarrefourdesopinions.ca\/index.php?rest_route=%2Fwp%2Fv2%2Fcategories&post=11335"},{"taxonomy":"post_tag","embeddable":true,"href":"https:\/\/www.lecarrefourdesopinions.ca\/index.php?rest_route=%2Fwp%2Fv2%2Ftags&post=11335"}],"curies":[{"name":"wp","href":"https:\/\/api.w.org\/{rel}","templated":true}]}}