{"id":11321,"date":"2015-03-12T13:01:49","date_gmt":"2015-03-12T17:01:49","guid":{"rendered":"http:\/\/www.lecarrefourdesopinions.ca\/?p=11321"},"modified":"2015-03-12T13:01:49","modified_gmt":"2015-03-12T17:01:49","slug":"contradictions-paradoxes","status":"publish","type":"post","link":"https:\/\/www.lecarrefourdesopinions.ca\/?p=11321","title":{"rendered":"\u00ab Contradictions &#038; Paradoxes \u00bb"},"content":{"rendered":"<div dir=\"ltr\">\n<div>\n<p align=\"center\"><span style=\"font-family: 'Times New Roman', serif;\"><span style=\"font-size: medium;\">\u00ab\u00a0Contradictions &amp; Paradoxes\u00a0\u00bb<\/span><\/span><\/p>\n<p style=\"text-align: left;\" align=\"center\"><em><span style=\"color: #800000;\"><img loading=\"lazy\" decoding=\"async\" class=\"alignleft size-thumbnail wp-image-10358\" title=\"Serge 1\" src=\"http:\/\/www.lecarrefourdesopinions.ca\/wp-content\/uploads\/2013\/11\/Serge-1-101x107.jpg\" alt=\"\" width=\"101\" height=\"107\" \/><\/span><\/em><\/p>\n<p style=\"text-align: left;\" align=\"center\">\n<p style=\"text-align: left;\" align=\"center\">\n<p style=\"text-align: left;\" align=\"center\">\n<p style=\"text-align: left;\" align=\"center\"><em><span style=\"color: #800000;\">par Me Serge H. Mo\u00efse<\/span><\/em><\/p>\n<p align=\"justify\"><span style=\"font-family: 'Times New Roman', serif;\"><span style=\"font-size: medium;\">Il y a si longtemps, beaucoup trop longtemps maintenant que nous suivons les m\u00eames sentiers qui ne nous m\u00e8nent nulle part. Et bon an mal an, nous persistons dans les m\u00eames voies, incapables d\u2019en explorer d\u2019autres probablement plus salutaires.<\/span><\/span><\/p>\n<p align=\"justify\"><span style=\"font-family: 'Times New Roman', serif;\"><span style=\"font-size: medium;\">S\u2019il est vrai que tous les chemins peuvent conduire \u00e0 Rome, il para\u00eet tout indiqu\u00e9 de changer d\u2019itin\u00e9raire lorsque celui emprunt\u00e9 ne semble pas le meilleur pour le p\u00e8lerin plus ou moins avis\u00e9.<\/span><\/span><\/p>\n<p align=\"justify\"><span style=\"font-family: 'Times New Roman', serif;\"><span style=\"font-size: medium;\">Ces notions \u00e9l\u00e9mentaires de sagesse n\u2019ont pas l\u2019air de faire recette dans notre petit coin jadis paradisiaque des cara\u00efbes. Les observateurs se perdent en conjectures depuis des d\u00e9cennies et n\u2019arrivent pas \u00e0 comprendre qu\u2019avec tant de gens de qualit\u00e9 \u00e9voluant tant \u00e0 l\u2019int\u00e9rieur qu\u2019\u00e0 l\u2019ext\u00e9rieur de nos fronti\u00e8res, ce qui serait partout ailleurs tr\u00e8s simple, affichent dans notre soci\u00e9t\u00e9 tant de complications et de mani\u00e8re exponentielle.<\/span><\/span><\/p>\n<p align=\"justify\"><span style=\"font-family: 'Times New Roman', serif;\"><span style=\"font-size: medium;\">Le droit chemin est souvent le plus court et le plus simple \u00e0 parcourir. Qu\u2019\u00e0 cela ne tienne, nous pr\u00e9f\u00e9rons de loin les d\u00e9tours inutiles. Serait-ce que dans notre culture de marronnage, ce qui est clair, net, limpide et transparent fait simpliste et terre \u00e0 terre et que pour avoir fi\u00e8re allure, il faille co\u00fbte que co\u00fbte tout maquiller au nom de la sacro-sainte politique mal comprise par la plupart de nos politiciens eux-m\u00eames.<\/span><\/span><\/p>\n<p align=\"justify\"><span style=\"font-family: 'Times New Roman', serif;\"><span style=\"font-size: medium;\">A l\u2019heure actuelle, dans les pays \u00e9mergents, les pays avanc\u00e9s ou d\u00e9velopp\u00e9s on ne parle que de cr\u00e9ation d\u2019emplois. Le pr\u00e9sident am\u00e9ricain luttant pour sa r\u00e9\u00e9lection au prochain scrutin mise sur l\u2019augmentation du taux d\u2019embauche. En France, en Espagne, au Portugal, en Gr\u00e8ce et en Turquie. Dans tous les pays d\u2019Afrique de l\u2019Am\u00e9rique latine et bien s\u00fbr de la zone cara\u00efb\u00e9enne on ne parle que de cr\u00e9ation d\u2019emplois pour amorcer le virage vers le d\u00e9veloppement durable. Ils ont compris que le d\u00e9veloppement est d\u2019abord humain.<\/span><\/span><\/p>\n<p align=\"justify\"><span style=\"font-family: 'Times New Roman', serif;\"><span style=\"font-size: medium;\">\u00ab\u00a0La personne avant toute chose\u00a0\u00bb disait une campagne publicitaire dans l\u2019un de ces pays qui pourrait nous servir de mod\u00e8le. <\/span><\/span><\/p>\n<p align=\"justify\"><span style=\"font-family: 'Times New Roman', serif;\"><span style=\"font-size: medium;\">Constat plut\u00f4t bizarre, noy\u00e9s dans une situation end\u00e9mique d\u2019un taux de ch\u00f4mage d\u2019environ soixante dix pour cent de la population active, nous refusons de faire de la lutte contre le susdit ch\u00f4mage notre priorit\u00e9 absolue comme nous le sugg\u00e8rent la situation elle-m\u00eame, mais plusieurs repr\u00e9sentants de pays amis \u00e0 vive et intelligible voix.<\/span><\/span><\/p>\n<p align=\"justify\"><span style=\"font-family: 'Times New Roman', serif;\"><span style=\"font-size: medium;\">Le (NPD) nouveau parti d\u00e9mocratique de tendance sociale d\u00e9mocrate comme son nom l\u2019indique, pr\u00e9parait au mois de janvier dernier, sa rentr\u00e9e parlementaire \u00e0 la chambre des communes du Canada en faisant de la cr\u00e9ation d\u2019emplois son cheval de bataille. Au moment o\u00f9 vous parcourez ces lignes, la campagne \u00e9lectorale, dans la belle province, pr\u00e9occupe toute la population qu\u00e9b\u00e9coise et les candidats des cinq (05) partis politiques parlent avant tout de cr\u00e9ation d\u2019emplois \u00e0 partir de fonds sp\u00e9ciaux pour ce faire. Le parti lib\u00e9ral envisage de mettre \u00e0 profit \u00c9pargne Plan Nord et le parti qu\u00e9b\u00e9cois, la banque de d\u00e9veloppement \u00e9conomique du Qu\u00e9bec pour ne citer que deux.<\/span><\/span><\/p>\n<p align=\"justify\"><span style=\"font-family: 'Times New Roman', serif;\"><span style=\"font-size: medium;\">En Ha\u00efti, le gouvernement en parle mais du bout des l\u00e8vres, quant \u00e0 nos honorables s\u00e9nateurs et d\u00e9put\u00e9s, il faut croire qu\u2019ils ont d\u2019autres chats \u00e0 fouetter car on ne les entend pas souvent \u00e0 ce sujet. <\/span><\/span><\/p>\n<p align=\"justify\"><span style=\"font-family: 'Times New Roman', serif;\"><span style=\"font-size: medium;\">Plus triste encore s\u2019av\u00e8re l\u2019attitude de nos intellos toujours \u00e0 tous les micros \u00e0 s\u2019\u00e9couter parler de tout et de rien, sauf de l\u2019essentiel. Le superficiel semble \u00eatre d\u2019un attrait irr\u00e9sistible pour nos experts de la verbomanie qui n\u2019ignorent certes pas qu\u2019en l\u2019absence de la cr\u00e9ation d\u2019emplois \u00e0 travers tout le pays\u00a0; parler de sant\u00e9, d\u2019\u00e9ducation, de d\u00e9centralisation, de justice et de s\u00e9curit\u00e9 demeurent simplement des \u00e9nonc\u00e9s de v\u0153ux pieux, mais qu\u2019importe, eux aussi ont d\u2019autres chats \u00e0 fouetter.<\/span><\/span><\/p>\n<p align=\"justify\"><span style=\"font-family: 'Times New Roman', serif;\"><span style=\"font-size: medium;\">Tant que les petits ch\u00e8ques de la diaspora vont continuer \u00e0 affluer r\u00e9guli\u00e8rement, tant que les ONG vont distribuer de l\u2019eau potable et un repas chaud \u00e0 nos laiss\u00e9s pour compte, la cr\u00e9ation d\u2019emplois sera pour un futur pas trop lointain. On en reparlera, on inventera de beaux slogans aux prochaines \u00e9lections et plus \u00e7a changera, plus \u00e7a sera pareil.<\/span><\/span><\/p>\n<p align=\"justify\"><span style=\"font-family: 'Times New Roman', serif;\"><span style=\"font-size: medium;\">Le grand changement, ce qui est d\u2019ailleurs urgent, serait de r\u00e9\u00e9duquer nos analystes et penseurs auxquels nous reprochions de trop parler et de ne rien faire et qui nous disaient il y a quelque temps\u00a0: \u00ab\u00a0penser c\u2019est agir\u00a0\u00bb\u00a0comme tout pouvait se r\u00e9gler de mani\u00e8re exclusivement abstraite. <\/span><\/span><\/p>\n<p align=\"justify\"><span style=\"font-family: 'Times New Roman', serif;\"><span style=\"font-size: medium;\">C\u2019est \u00e0 se demander dans quelle mesure nos \u00ab\u00a0trop biens scolaris\u00e9s\u00a0\u00bb ne constituent pas un obstacle majeur au d\u00e9veloppement de ce petit pays qui a tant besoin d\u2019une \u00e9ducation en ad\u00e9quation avec son histoire et sa culture, mais avant tout, de pouvoir subvenir aux besoins primaires de ses ressortissants dans la dignit\u00e9 et la libert\u00e9 que seul le travail honn\u00eate et valorisant peut procurer. Il n\u2019y a l\u00e0, rien de bien sorcier!<\/span><\/span><\/p>\n<p align=\"justify\"><span style=\"font-family: 'Times New Roman', serif;\"><span style=\"font-size: medium;\">Mo\u00efse &#8211; h\u00e9las, aucun lien de parent\u00e9 avec le soussign\u00e9 &#8211; fut sauv\u00e9 des eaux, recueilli, \u00e9lev\u00e9 avec soin et amour chez le pharaon, un peu comme nous en diaspora. Il y a re\u00e7u une si bonne \u00e9ducation qu\u2019il a compris qu\u2019il se devait de ne jamais oublier les siens. Il a tant et si bien fait que son nom demeure grav\u00e9 dans toutes les m\u00e9moires quelques deux mille ans apr\u00e8s sa mort.<\/span><\/span><\/p>\n<p align=\"justify\"><span style=\"font-family: 'Times New Roman', serif;\"><span style=\"font-size: medium;\">Les connaissances les plus pointues, la magie de la technologie moderne, les pays amis n\u2019arriveront pas \u00e0 nous sortir de cette terrible impasse si nous ne nous d\u00e9cidons pas, avec la volont\u00e9 la plus farouche, \u00e0 prendre notre destin en main de mani\u00e8re inclusive et dans l\u2019int\u00e9r\u00eat de toute la collectivit\u00e9. Faisons mentir les propos cinglants du colonel John Russel qui insinuaient du temps de l\u2019occupation que l\u2019homme ha\u00eftien, quelle que soit sa formation, avait la mentalit\u00e9 d\u2019un gamin de sept ans. Pour y parvenir nous aurons \u00e0 plancher sur la nature profonde de nos v\u00e9ritables probl\u00e8mes et sinon \u00e9liminer, du moins att\u00e9nuer sensiblement l\u2019impact n\u00e9gatif de nos sempiternels contradictions et paradoxes.<\/span><\/span><\/p>\n<p align=\"justify\">\n<p align=\"justify\"><span style=\"font-family: 'Times New Roman', serif;\"><span style=\"font-size: medium;\">Barreau de P-au-P.<\/span><\/span><\/p>\n<p align=\"justify\">\n<p align=\"justify\">\n<p align=\"center\">\n<\/div>\n<\/div>\n<script type=\"text\/javascript\">\n\nvar addthis_config = {\"data_track_clickback\":false,\"data_track_addressbar\":false,\"data_track_textcopy\":false};\n<\/script><script type=\"text\/javascript\" src=\"\/\/s7.addthis.com\/js\/250\/addthis_widget.js#pubid=f084fdfbcefba74c78dfad3bbc873ffd\"><\/script>","protected":false},"excerpt":{"rendered":"<p align=\"center\"><span style=\"font-family: 'Times New Roman', serif;\"><span style=\"font-size: medium;\">\u00ab\u00a0Contradictions &amp; Paradoxes\u00a0\u00bb<\/span><\/span><\/p>\n<p style=\"text-align: left;\" align=\"center\"><span style=\"color: #800000;\"><\/span><\/p>\n<p style=\"text-align: left;\" align=\"center\">\n<p style=\"text-align: left;\" align=\"center\">\n<p style=\"text-align: left;\" align=\"center\">\n<p style=\"text-align: left;\" align=\"center\"><span style=\"color: #800000;\">par Me Serge H. Mo\u00efse<\/span><\/p>\n<p align=\"justify\"><span style=\"font-family: 'Times New Roman', serif;\"><span style=\"font-size: medium;\">Il y a si longtemps, beaucoup trop longtemps maintenant que nous suivons les m\u00eames sentiers qui ne nous m\u00e8nent nulle part. Et bon an mal an, nous <\/span><\/span>&hellip;<\/p>\n","protected":false},"author":1,"featured_media":0,"comment_status":"open","ping_status":"open","sticky":false,"template":"","format":"standard","meta":{"footnotes":""},"categories":[1],"tags":[],"class_list":["post-11321","post","type-post","status-publish","format-standard","hentry","category-accueil"],"_links":{"self":[{"href":"https:\/\/www.lecarrefourdesopinions.ca\/index.php?rest_route=\/wp\/v2\/posts\/11321","targetHints":{"allow":["GET"]}}],"collection":[{"href":"https:\/\/www.lecarrefourdesopinions.ca\/index.php?rest_route=\/wp\/v2\/posts"}],"about":[{"href":"https:\/\/www.lecarrefourdesopinions.ca\/index.php?rest_route=\/wp\/v2\/types\/post"}],"author":[{"embeddable":true,"href":"https:\/\/www.lecarrefourdesopinions.ca\/index.php?rest_route=\/wp\/v2\/users\/1"}],"replies":[{"embeddable":true,"href":"https:\/\/www.lecarrefourdesopinions.ca\/index.php?rest_route=%2Fwp%2Fv2%2Fcomments&post=11321"}],"version-history":[{"count":2,"href":"https:\/\/www.lecarrefourdesopinions.ca\/index.php?rest_route=\/wp\/v2\/posts\/11321\/revisions"}],"predecessor-version":[{"id":11353,"href":"https:\/\/www.lecarrefourdesopinions.ca\/index.php?rest_route=\/wp\/v2\/posts\/11321\/revisions\/11353"}],"wp:attachment":[{"href":"https:\/\/www.lecarrefourdesopinions.ca\/index.php?rest_route=%2Fwp%2Fv2%2Fmedia&parent=11321"}],"wp:term":[{"taxonomy":"category","embeddable":true,"href":"https:\/\/www.lecarrefourdesopinions.ca\/index.php?rest_route=%2Fwp%2Fv2%2Fcategories&post=11321"},{"taxonomy":"post_tag","embeddable":true,"href":"https:\/\/www.lecarrefourdesopinions.ca\/index.php?rest_route=%2Fwp%2Fv2%2Ftags&post=11321"}],"curies":[{"name":"wp","href":"https:\/\/api.w.org\/{rel}","templated":true}]}}