{"id":11315,"date":"2015-03-02T08:36:33","date_gmt":"2015-03-02T13:36:33","guid":{"rendered":"http:\/\/www.lecarrefourdesopinions.ca\/?p=11315"},"modified":"2015-03-02T08:36:33","modified_gmt":"2015-03-02T13:36:33","slug":"de-quelle-science-releverait-leconomie","status":"publish","type":"post","link":"https:\/\/www.lecarrefourdesopinions.ca\/?p=11315","title":{"rendered":"De quelle Science rel\u00e8verait l\u2019\u00c9conomie."},"content":{"rendered":"<p align=\"CENTER\"><span style=\"color: #000099;\"><span style=\"font-size: x-large;\"><em><strong>De quelle Science rel\u00e8verait l\u2019\u00c9conomie.<\/strong><\/em><\/span><\/span><\/p>\n<p align=\"CENTER\">\u00a0<strong style=\"color: #000099;\">=====<\/strong><\/p>\n<p align=\"JUSTIFY\"><span style=\"color: #632423;\"><span style=\"font-family: 'Comic Sans MS', cursive;\"><span style=\"font-size: large;\">De quelle Science rel\u00e8verait l\u2019\u00c9conomie.<\/span><\/span><\/span><\/p>\n<p align=\"JUSTIFY\"><img loading=\"lazy\" decoding=\"async\" class=\"alignleft size-thumbnail wp-image-10800\" title=\"Eric\" src=\"http:\/\/www.lecarrefourdesopinions.ca\/wp-content\/uploads\/2014\/06\/Eric1-134x107.jpg\" alt=\"\" width=\"134\" height=\"107\" \/><\/p>\n<p align=\"JUSTIFY\">\n<p align=\"JUSTIFY\">\n<p align=\"JUSTIFY\">\n<p align=\"JUSTIFY\">\n<p align=\"JUSTIFY\"><em><span style=\"color: #800000;\"><span style=\"font-family: 'Comic Sans MS', cursive;\"><span style=\"font-size: large;\">\u00c9ric E.G. NOGARD<\/span><\/span><\/span><\/em><\/p>\n<p align=\"JUSTIFY\"><span style=\"color: #800000;\"><span style=\"font-size: large;\"><em>Le petit Chroniqueur<\/em><\/span><span style=\"font-size: large;\">.<\/span><\/span><\/p>\n<p>&nbsp;<\/p>\n<p>&nbsp;<\/p>\n<p align=\"CENTER\"><span style=\"font-size: large;\">*** *** ***<\/span><\/p>\n<p align=\"CENTER\">\u00a0<img loading=\"lazy\" decoding=\"async\" class=\"aligncenter size-medium wp-image-11316\" title=\"F1 La Cigale  Je chante soir et matin\" src=\"http:\/\/www.lecarrefourdesopinions.ca\/wp-content\/uploads\/2015\/02\/F1-La-Cigale-Je-chante-soir-et-matin-300x190.jpg\" alt=\"\" width=\"300\" height=\"190\" srcset=\"https:\/\/www.lecarrefourdesopinions.ca\/wp-content\/uploads\/2015\/02\/F1-La-Cigale-Je-chante-soir-et-matin-300x190.jpg 300w, https:\/\/www.lecarrefourdesopinions.ca\/wp-content\/uploads\/2015\/02\/F1-La-Cigale-Je-chante-soir-et-matin-400x254.jpg 400w, https:\/\/www.lecarrefourdesopinions.ca\/wp-content\/uploads\/2015\/02\/F1-La-Cigale-Je-chante-soir-et-matin.jpg 817w\" sizes=\"auto, (max-width: 300px) 100vw, 300px\" \/><\/p>\n<p align=\"CENTER\"><span style=\"font-size: large;\"><strong>F1\u00a0:<\/strong><\/span><span style=\"color: #c00000;\"><span style=\"font-size: large;\"><em>La Cigale\u00a0: \u00ab\u00a0 <\/em><\/span><\/span><span style=\"color: #c00000;\"><span style=\"font-size: large;\"><em><strong>Je chante soir et matin<\/strong><\/em><\/span><\/span><span style=\"color: #c00000;\"><span style=\"font-size: large;\"><em>\u00a0\u00bb<\/em><\/span><\/span><\/p>\n<p align=\"JUSTIFY\"><span style=\"font-family: 'Comic Sans MS', cursive;\"><span style=\"font-size: large;\">Grande fut notre surprise \u00e0 Martinique Province Fran\u00e7aise d\u2019Am\u00e9rique d\u2019entendre de la bouche d\u2019un \u00e9minent \u00c9conomiste le rendu de cette p\u00e9remptoire sentence\u00a0:<\/span><\/span><\/p>\n<p align=\"JUSTIFY\">\n<p align=\"JUSTIFY\"><span style=\"font-family: 'Comic Sans MS', cursive;\"><span style=\"font-size: large;\">\u00ab\u00a0<\/span><\/span><span style=\"font-family: Arial, sans-serif;\"><span style=\"font-size: large;\"><em>L\u2019\u00c9conomie, qu\u2019on se d\u00e9trompe, n\u2019est pas une Science Exacte, elle est une Science Humaine<\/em><\/span><\/span><span style=\"font-family: 'Comic Sans MS', cursive;\"><span style=\"font-size: large;\">\u00a0\u00bb.<\/span><\/span><\/p>\n<p align=\"JUSTIFY\">\n<p align=\"JUSTIFY\"><span style=\"font-family: 'Comic Sans MS', cursive;\"><span style=\"font-size: large;\">Grande fut notre surprise voire notre double surprise, au point que, malgr\u00e9 notre ignorance sur la question, ou \u00e0 cause d\u2019elle peut-\u00eatre, nous ne parvenions pas \u00e0 r\u00e9primer notre soif d\u2019en savoir davantage<\/span><\/span><span style=\"font-size: large;\">.<\/span><\/p>\n<p align=\"JUSTIFY\">\n<p align=\"JUSTIFY\">\n<ul>\n<li>\n<p align=\"JUSTIFY\"><span style=\"font-family: 'Comic Sans MS', cursive;\"><span style=\"font-size: large;\"><em>L\u2019\u00c9conomie n\u2019est pas une Science Exacte, et ce serait pourquoi, et ce serait \u00e0 quel point, d\u2019ailleurs, quel sens pourrions-nous lui donner<\/em><\/span><\/span><span style=\"font-size: large;\">.<\/span><\/p>\n<\/li>\n<\/ul>\n<p align=\"JUSTIFY\">\n<p align=\"JUSTIFY\"><span style=\"font-size: large;\">Ne serait-elle pas quelque part l\u2019aptitude de l\u2019Armateur \u00e0 \u00e9valuer les Besoins d\u2019un navire, pr\u00e9vision faite des al\u00e9as auxquels il pourrait se trouver confront\u00e9 au cours de son voyage.<\/span><\/p>\n<p align=\"JUSTIFY\">\n<p align=\"JUSTIFY\"><span style=\"font-size: large;\">Ne serait-elle pas l\u2019aptitude \u00e0 \u00e9valuer les besoins pour bien les satisfaire, en m\u00eame temps que l\u2019aptitude \u00e0 pr\u00e9voir les al\u00e9as pour mieux les pr\u00e9venir, pour mieux s\u2019en pr\u00e9server, sans gaspiller ni faire tourner l\u2019anse du panier\u2026 \u00e9videmment.<\/span><\/p>\n<p align=\"JUSTIFY\">\n<p align=\"JUSTIFY\"><span style=\"font-size: large;\">S\u2019il n\u2019en \u00e9tait ainsi, qu\u2019est-ce qui justifierait la M\u00e9moire G\u00e9n\u00e9tique, \u00e0 quoi serait bonne l\u2019Histoire ou Orale ou \u00c9crite relative aux disettes, aux famines, aux vaches grasses ou maigres, pourquoi les Statistiques et \u00c9tudes des Besoins pass\u00e9s, actuels et futurs.<\/span><\/p>\n<p align=\"JUSTIFY\">\n<p align=\"JUSTIFY\">\n<p align=\"JUSTIFY\"><span style=\"font-size: large;\">Disons-nous d\u00e8s-lors que l\u2019\u00c9conomie, la Vraie, rel\u00e8ve davantage des Sciences Exactes que de la Folie des Hommes exacerb\u00e9e par la rage du profit, cette M\u00e8re de bien des Vices, de bien des Fantasmes, de bien des Inclinations Trompeuses, de bien des Aberrations. <\/span><\/p>\n<p align=\"JUSTIFY\">\n<p align=\"JUSTIFY\"><span style=\"font-size: large;\">Rage de Profit comme Rage de la D\u00e9pense, Th\u00e9saurisation ici, gaspillage par l\u00e0.<\/span><\/p>\n<p align=\"JUSTIFY\">\n<p align=\"JUSTIFY\"><span style=\"font-size: large;\">D\u00e8s-lors, disons-nous que n\u2019est pas \u00c9conomiste qui veut.<\/span><\/p>\n<p align=\"JUSTIFY\">\n<p align=\"JUSTIFY\">\n<ul>\n<li>\n<p align=\"JUSTIFY\"><span style=\"font-family: 'Comic Sans MS', cursive;\"><span style=\"font-size: large;\"><em>L\u2019\u00c9conomie serait une Science Humaine\u2026 quelle pr\u00e9somption. Ne serait-elle pas plut\u00f4t un des Besoins Cardinaux de la Vie en soi, qu\u2019elle soit d\u2019origine animale ou v\u00e9g\u00e9tale<\/em><\/span><\/span><span style=\"font-size: large;\">.<\/span><\/p>\n<\/li>\n<\/ul>\n<p align=\"JUSTIFY\">\n<p align=\"CENTER\"><img loading=\"lazy\" decoding=\"async\" class=\"aligncenter size-medium wp-image-11317\" title=\"F2 Le Cactus  Pourquoi des \u00e9pines au lieu de feuilles\" src=\"http:\/\/www.lecarrefourdesopinions.ca\/wp-content\/uploads\/2015\/02\/F2-Le-Cactus-Pourquoi-des-\u00e9pines-au-lieu-de-feuilles-300x225.jpg\" alt=\"\" width=\"300\" height=\"225\" srcset=\"https:\/\/www.lecarrefourdesopinions.ca\/wp-content\/uploads\/2015\/02\/F2-Le-Cactus-Pourquoi-des-\u00e9pines-au-lieu-de-feuilles-300x225.jpg 300w, https:\/\/www.lecarrefourdesopinions.ca\/wp-content\/uploads\/2015\/02\/F2-Le-Cactus-Pourquoi-des-\u00e9pines-au-lieu-de-feuilles-400x300.jpg 400w, https:\/\/www.lecarrefourdesopinions.ca\/wp-content\/uploads\/2015\/02\/F2-Le-Cactus-Pourquoi-des-\u00e9pines-au-lieu-de-feuilles.jpg 512w\" sizes=\"auto, (max-width: 300px) 100vw, 300px\" \/><\/p>\n<p align=\"CENTER\"><span style=\"font-size: large;\"><strong>F2\u00a0:<\/strong><\/span><span style=\"color: #c00000;\"><span style=\"font-size: large;\"><em>Le Cactus, <\/em><\/span><\/span><span style=\"color: #c00000;\"><span style=\"font-size: large;\"><em><strong>pourquoi des \u00e9pines au lieu de feuilles<\/strong><\/em><\/span><\/span><span style=\"color: #c00000;\"><span style=\"font-size: large;\"><em>.<\/em><\/span><\/span><\/p>\n<p align=\"JUSTIFY\"><span style=\"font-size: large;\">D\u2019o\u00f9 vient que certaines Plantes transforment leurs feuilles en \u00e9pines, que d\u2019autres se changent en outres gorg\u00e9es d\u2019eau quand d\u2019autres s\u00e8ment \u00e0 tout vent ou mettent en r\u00e9serve que dans leurs feuilles, que dans leur tige, dans leurs racines ou dans leurs fruits ou dans leurs graines et m\u00eame dans leurs fleurs\u00a0!.., ce dont l\u2019Homme fait son profit jusqu\u2019\u00e0 l\u2019abus.<\/span><\/p>\n<p align=\"JUSTIFY\">\n<p align=\"JUSTIFY\"><span style=\"font-size: large;\"><em>N\u2019est-ce pas en raison de leur Sens de l\u2019\u00c9conomie Appliqu\u00e9e<\/em><\/span><span style=\"font-size: large;\">.<\/span><\/p>\n<p align=\"JUSTIFY\">\n<p align=\"JUSTIFY\"><span style=\"font-size: large;\">D\u2019o\u00f9 vient que certains animaux mangent tant qu\u2019ils peuvent en certaines p\u00e9riodes, ou mettent en rayons leurs r\u00e9coltes, mettent en milles cachettes leurs trouvailles alimentaires.<\/span><\/p>\n<p align=\"JUSTIFY\">\n<p align=\"JUSTIFY\"><span style=\"font-size: large;\">D\u2019o\u00f9 vient que certains en arrivent \u00e0 adapter leur procr\u00e9ation aux conditions d\u2019abondance ou de p\u00e9nurie alimentaire.<\/span><\/p>\n<p align=\"JUSTIFY\">\n<p align=\"JUSTIFY\"><span style=\"font-size: large;\">D\u2019o\u00f9 vient que pour faire face \u00e0 la disette, certaines esp\u00e8ces ont recours au suicide collectif.<\/span><\/p>\n<p align=\"JUSTIFY\">\n<p align=\"JUSTIFY\"><span style=\"font-size: large;\"><em>N\u2019est-ce pas en raison de leur sens de l\u2019\u00c9conomie Appliqu\u00e9e<\/em><\/span><span style=\"font-size: large;\">.<\/span><\/p>\n<p align=\"JUSTIFY\">\n<p align=\"CENTER\"><img loading=\"lazy\" decoding=\"async\" class=\"aligncenter size-medium wp-image-11318\" title=\"F3 Etable de pucerons chez la fourmi\" src=\"http:\/\/www.lecarrefourdesopinions.ca\/wp-content\/uploads\/2015\/02\/F3-Etable-de-pucerons-chez-la-fourmi-209x300.jpg\" alt=\"\" width=\"209\" height=\"300\" srcset=\"https:\/\/www.lecarrefourdesopinions.ca\/wp-content\/uploads\/2015\/02\/F3-Etable-de-pucerons-chez-la-fourmi-209x300.jpg 209w, https:\/\/www.lecarrefourdesopinions.ca\/wp-content\/uploads\/2015\/02\/F3-Etable-de-pucerons-chez-la-fourmi-400x572.jpg 400w, https:\/\/www.lecarrefourdesopinions.ca\/wp-content\/uploads\/2015\/02\/F3-Etable-de-pucerons-chez-la-fourmi.jpg 584w\" sizes=\"auto, (max-width: 209px) 100vw, 209px\" \/><\/p>\n<p align=\"CENTER\"><span style=\"font-size: large;\"><strong>F3\u00a0:<\/strong><\/span><span style=\"color: #c00000;\"><span style=\"font-size: large;\"><em>\u00c9table \u00e0 pucerons chez la fourmi.<\/em><\/span><\/span><\/p>\n<p align=\"JUSTIFY\"><span style=\"font-size: large;\">Disons-nous d\u00e8s-lors que l\u2019\u00c9conomie est une Science qui Outrepasse l\u2019esp\u00e8ce Humaine\u2026 elle est une science de la Vie Universelle\u2026 Animale, V\u00e9g\u00e9tale\u2026 voire Interm\u00e9diaire si l\u2019on songe aux Virus, ces substances vivantes dont il s\u2019av\u00e8re parfois impossible de jurer de quel R\u00e8gne elles rel\u00e8vent.<\/span><\/p>\n<p align=\"JUSTIFY\">\n<p align=\"JUSTIFY\">\n<p align=\"JUSTIFY\"><span style=\"font-family: 'Comic Sans MS', cursive;\"><span style=\"font-size: large;\">Retenons en passant, qu\u2019il y a chez l\u2019\u00catre Humain de ces \u00c9conomistes form\u00e9s \u00e0 l\u2019\u00c9cole des Cigales, d\u2019autres venant de l\u2019\u00c9cole des Fourmis, sans oublier ceux excellents peut-\u00eatre, qui redoutent ou l\u2019\u0153il de leur Ma\u00eetre et pour cause, ou la Perte de leur Emploi, dans ce Pays o\u00f9 le Nombre fait Loi, o\u00f9 l\u2019Or est Souverain donc par d\u00e9finition au dessus de la Loi.<\/span><\/span><\/p>\n<p align=\"JUSTIFY\">\n<p align=\"JUSTIFY\"><span style=\"font-family: 'Comic Sans MS', cursive;\"><span style=\"font-size: large;\">En tout cas, sous de nombreux rapports, l\u2019\u00c9conomie est bien une Science Exacte \u00e0 ne pas prendre pour l\u2019apanage exclusif des Humains\u2026 surtout de ceux de la gent des Cigales<\/span><\/span><span style=\"font-size: large;\">.<\/span><\/p>\n<p align=\"JUSTIFY\">\n<p align=\"JUSTIFY\"><span style=\"font-family: 'Comic Sans MS', cursive;\"><span style=\"font-size: large;\">Et enfin, nous ne voyons pas le rapport entre la distinction entre l\u2019\u00c9conomie comme Science ou Exacte ou Humaine et la Situation \u00c9conomique d\u00e9sastreuse \u00e0 laquelle la France se trouve confront\u00e9e sans que ses Super-\u00c9conomistes parviennent peu ou prou \u00e0 l\u2019en sortir.<\/span><\/span><\/p>\n<p align=\"JUSTIFY\">\n<p align=\"JUSTIFY\"><span style=\"font-family: 'Comic Sans MS', cursive;\"><span style=\"font-size: large;\">Que dirions-nous du Chirurgien qui au lieu d\u2019op\u00e9rer disserterait sans fin\u2026 au lieu de songer \u00e0 faire usage de son bistouri.<\/span><\/span><\/p>\n<p align=\"CENTER\"><span style=\"font-size: large; color: #0000ff;\">*** *** ***<\/span><\/p>\n<p><span style=\"color: #ff0000;\"><span style=\"font-size: large;\"><strong>Nota : <\/strong><\/span><\/span><span style=\"color: #000000;\"><span style=\"font-size: large;\">Nous ne traitons que de Faits et de Noms rendus Publics.<\/span><\/span><\/p>\n<p align=\"CENTER\"><span style=\"color: #0000ff;\"><span style=\"font-size: large;\">*** *** *<\/span><\/span><\/p>\n<p align=\"JUSTIFY\"><span style=\"font-size: large;\"><strong>N.B.:<\/strong><\/span><span style=\"font-size: large;\"> &#8211; <\/span><span style=\"color: #c00000;\"><span style=\"font-family: 'Comic Sans MS', cursive;\"><span style=\"font-size: large;\">Nous Recommandons instamment et syst\u00e9matiquement l\u2019ouverture de la (ou des) pi\u00e8ce(s) jointe(s) \u00e0 l\u2019e-mail, sous format Pdf, <\/span><\/span><\/span><span style=\"color: #c00000;\"><span style=\"font-family: 'Comic Sans MS', cursive;\"><span style=\"font-size: large;\"><span style=\"text-decoration: underline;\">les illustrations y sont incluses<\/span><\/span><\/span><\/span><span style=\"color: #c00000;\"><span style=\"font-family: 'Comic Sans MS', cursive;\"><span style=\"font-size: large;\">.<\/span><\/span><\/span><\/p>\n<p align=\"CENTER\"><span style=\"font-size: large;\"><strong>*** *** ***<\/strong><\/span><\/p>\n<p align=\"CENTER\"><strong><span style=\"color: #632423;\">Avis de vente de M\u00e9moire.<\/span><\/strong><\/p>\n<p align=\"JUSTIFY\"><strong><span style=\"color: #003366;\"><span style=\"font-family: Arial, sans-serif;\">Demandez le M\u00e9moire de \u00ab\u00a0<\/span><\/span><span style=\"color: #003366;\"><span style=\"font-family: Arial, sans-serif;\"><em>Martinique Province Fran\u00e7aise d\u2019Am\u00e9rique<\/em><\/span><\/span><span style=\"color: #003366;\"><span style=\"font-family: Arial, sans-serif;\">\u00a0\u00bb au Front National Fran\u00e7ais.<\/span><\/span><\/strong><\/p>\n<p align=\"JUSTIFY\"><strong><span style=\"color: #003366;\"><span style=\"font-family: Arial, sans-serif;\">Eu \u00e9gard \u00e0 l\u2019Ind\u00e9pendance et \u00e0 la Justesse de son analyse, il vaut pour tout Parti du Spectre Politique Fran\u00e7ais<\/span><\/span><span style=\"color: #003366;\">.<\/span><\/strong><\/p>\n<p align=\"JUSTIFY\"><strong><span style=\"color: #003366;\">Il est au prix de Vingt Cinq Euros Net (25,00 \u20acuros Net). Port gratuit par courrier postal ordinaire. Port forfaitaire de 7,50 \u20acuros par courrier recommand\u00e9 suivi. R\u00e8glement par tout moyen de paiement \u00e0 l\u2019ordre d\u2019\u00c9ric E.G. NOGARD.<\/span><\/strong><\/p>\n<p align=\"JUSTIFY\">\n<p align=\"CENTER\"><span style=\"color: #ff0000;\"><span><strong>Ne Peut \u00eatre reproduit &#8211; m\u00eame partiellement &#8211; sans l\u2019autorisation de l\u2019Auteur.<\/strong><\/span><\/span><\/p>\n<p>&nbsp;<\/p>\n<p align=\"JUSTIFY\">\n<script type=\"text\/javascript\">\n\nvar addthis_config = {\"data_track_clickback\":false,\"data_track_addressbar\":false,\"data_track_textcopy\":false};\n<\/script><script type=\"text\/javascript\" src=\"\/\/s7.addthis.com\/js\/250\/addthis_widget.js#pubid=f084fdfbcefba74c78dfad3bbc873ffd\"><\/script>","protected":false},"excerpt":{"rendered":"<p align=\"CENTER\"><span style=\"color: #000099;\"><span style=\"font-size: x-large;\">De quelle Science rel\u00e8verait l\u2019\u00c9conomie.<\/span><\/span><\/p>\n<p align=\"CENTER\">\u00a0=====<\/p>\n<p align=\"JUSTIFY\"><span style=\"color: #632423;\"><span style=\"font-family: 'Comic Sans MS', cursive;\"><span style=\"font-size: large;\">De quelle Science rel\u00e8verait l\u2019\u00c9conomie.<\/span><\/span><\/span><\/p>\n<p align=\"JUSTIFY\">\n<p align=\"JUSTIFY\">\n<p align=\"JUSTIFY\">\n<p align=\"JUSTIFY\">\n<p align=\"JUSTIFY\">\n<p align=\"JUSTIFY\"><span style=\"color: #800000;\"><span style=\"font-family: 'Comic Sans MS', cursive;\"><span style=\"font-size: large;\">\u00c9ric E.G. NOGARD<\/span><\/span><\/span><\/p>\n<p align=\"JUSTIFY\"><span style=\"color: #800000;\"><span style=\"font-size: large;\">Le petit Chroniqueur<\/span><span style=\"font-size: large;\">.<\/span><\/span><\/p>\n<p>&nbsp;<\/p>\n<p>&nbsp;<\/p>\n<p align=\"CENTER\"><span style=\"font-size: large;\">*** *** ***<\/span><\/p>\n<p align=\"CENTER\">\u00a0<\/p>\n<p align=\"CENTER\"><span style=\"font-size: large;\">F1\u00a0:<\/span><span style=\"color: #c00000;\"><span style=\"font-size: large;\">La Cigale\u00a0: \u00ab\u00a0 <\/span><\/span><span style=\"color: #c00000;\"><span style=\"font-size: large;\">Je chante soir et matin<\/span><\/span><span style=\"color: #c00000;\"><span style=\"font-size: large;\">\u00a0\u00bb<\/span><\/span><\/p>\n<p align=\"JUSTIFY\"><span style=\"font-family: 'Comic Sans MS', cursive;\"><span style=\"font-size: large;\">Grande fut <\/span><\/span>&hellip;<\/p>\n","protected":false},"author":1,"featured_media":0,"comment_status":"open","ping_status":"open","sticky":false,"template":"","format":"standard","meta":{"footnotes":""},"categories":[1],"tags":[],"class_list":["post-11315","post","type-post","status-publish","format-standard","hentry","category-accueil"],"_links":{"self":[{"href":"https:\/\/www.lecarrefourdesopinions.ca\/index.php?rest_route=\/wp\/v2\/posts\/11315","targetHints":{"allow":["GET"]}}],"collection":[{"href":"https:\/\/www.lecarrefourdesopinions.ca\/index.php?rest_route=\/wp\/v2\/posts"}],"about":[{"href":"https:\/\/www.lecarrefourdesopinions.ca\/index.php?rest_route=\/wp\/v2\/types\/post"}],"author":[{"embeddable":true,"href":"https:\/\/www.lecarrefourdesopinions.ca\/index.php?rest_route=\/wp\/v2\/users\/1"}],"replies":[{"embeddable":true,"href":"https:\/\/www.lecarrefourdesopinions.ca\/index.php?rest_route=%2Fwp%2Fv2%2Fcomments&post=11315"}],"version-history":[{"count":2,"href":"https:\/\/www.lecarrefourdesopinions.ca\/index.php?rest_route=\/wp\/v2\/posts\/11315\/revisions"}],"predecessor-version":[{"id":11340,"href":"https:\/\/www.lecarrefourdesopinions.ca\/index.php?rest_route=\/wp\/v2\/posts\/11315\/revisions\/11340"}],"wp:attachment":[{"href":"https:\/\/www.lecarrefourdesopinions.ca\/index.php?rest_route=%2Fwp%2Fv2%2Fmedia&parent=11315"}],"wp:term":[{"taxonomy":"category","embeddable":true,"href":"https:\/\/www.lecarrefourdesopinions.ca\/index.php?rest_route=%2Fwp%2Fv2%2Fcategories&post=11315"},{"taxonomy":"post_tag","embeddable":true,"href":"https:\/\/www.lecarrefourdesopinions.ca\/index.php?rest_route=%2Fwp%2Fv2%2Ftags&post=11315"}],"curies":[{"name":"wp","href":"https:\/\/api.w.org\/{rel}","templated":true}]}}