{"id":11313,"date":"2015-03-02T08:37:19","date_gmt":"2015-03-02T13:37:19","guid":{"rendered":"http:\/\/www.lecarrefourdesopinions.ca\/?p=11313"},"modified":"2015-03-02T08:37:19","modified_gmt":"2015-03-02T13:37:19","slug":"cul-de-sac","status":"publish","type":"post","link":"https:\/\/www.lecarrefourdesopinions.ca\/?p=11313","title":{"rendered":"\u00ab Cul-de-sac \u00bb"},"content":{"rendered":"<div dir=\"ltr\">\n<div>\n<p lang=\"fr-CA\" align=\"center\"><span style=\"font-family: 'Times New Roman', serif;\"><span style=\"font-size: medium;\">\u00ab\u00a0Cul-de-sac\u00a0\u00bb<\/span><\/span><\/p>\n<p style=\"text-align: left;\" lang=\"fr-CA\" align=\"center\"><em><span style=\"color: #800000;\"><img loading=\"lazy\" decoding=\"async\" class=\"alignleft size-thumbnail wp-image-10358\" title=\"Serge 1\" src=\"http:\/\/www.lecarrefourdesopinions.ca\/wp-content\/uploads\/2013\/11\/Serge-1-101x107.jpg\" alt=\"\" width=\"101\" height=\"107\" \/><\/span><\/em><\/p>\n<p style=\"text-align: left;\" lang=\"fr-CA\" align=\"center\">\n<p style=\"text-align: left;\" lang=\"fr-CA\" align=\"center\">\n<p style=\"text-align: left;\" lang=\"fr-CA\" align=\"center\">\n<p style=\"text-align: left;\" lang=\"fr-CA\" align=\"center\"><em><span style=\"color: #800000;\">par\u00a0Serge H. Mo\u00efse av.<\/span><\/em><\/p>\n<p align=\"justify\"><span style=\"color: #ff0000;\"><em><span style=\"font-family: 'Times New Roman', serif;\"><span style=\"font-size: medium;\">\u00ab\u00a0Nul n\u2019est plus esclave que celui qui se croit libre sans l\u2019\u00eatre\u00a0\u00bb. <\/span><\/span><\/em><\/span><\/p>\n<p align=\"justify\"><span style=\"color: #ff0000;\"><em><span style=\"font-family: 'Times New Roman', serif;\"><span style=\"font-size: medium;\">Johann Wolfgang Goethe<\/span><\/span><\/em><\/span><\/p>\n<p align=\"justify\">\n<p align=\"justify\"><span style=\"color: #000000;\"><span style=\"font-family: 'Times New Roman', serif;\"><span style=\"font-size: medium;\">A l\u2019aube du vingt et uni\u00e8me si\u00e8cle on se serait attendu \u00e0 ce que ce mot disparaisse du vocabulaire, devenant ainsi la relique d\u2019un pass\u00e9 r\u00e9volu. Il semble qu\u2019il n\u2019en est rien, le petit c\u00f4t\u00e9 pr\u00e9dateur de l\u2019homme fait que malgr\u00e9 vents et mar\u00e9es, en d\u00e9pit de toutes les conflagrations qu\u2019a connue l\u2019humanit\u00e9, cette propension \u00e0 toujours vouloir dominer l\u2019autre, et par tous les moyens imaginables, s\u2019av\u00e8re indissociable de la nature de l\u2019homo sapiens.<\/span><\/span><\/span><\/p>\n<p align=\"justify\">\n<p align=\"justify\"><span style=\"color: #000000;\"><span style=\"font-family: 'Times New Roman', serif;\"><span style=\"font-size: medium;\">Si dans le temps l\u2019ignorance pouvait \u00eatre \u00e9voqu\u00e9e \u00e0 titre d\u2019excuse, qu\u2019en est-il aujourd\u2019hui avec les perc\u00e9es fulgurantes des sciences dans tous les champs de comp\u00e9tence?<\/span><\/span><\/span><\/p>\n<p align=\"justify\">\n<p align=\"justify\"><span style=\"color: #000000;\"><span style=\"font-family: 'Times New Roman', serif;\"><span style=\"font-size: medium;\">En tout homme, il y a un animal qui sommeille dit le vieil adage, ce dernier serait sans doute tellement \u00e9volu\u00e9 et sophistiqu\u00e9 qu\u2019il n\u2019y a plus moyen aujourd\u2019hui de l\u2019apprivoiser encore moins de le dompter.<\/span><\/span><\/span><\/p>\n<p align=\"justify\">\n<p align=\"justify\"><span style=\"color: #000000;\"><span style=\"font-family: 'Times New Roman', serif;\"><span style=\"font-size: medium;\">Mais laissons ces consid\u00e9rations d\u2019ordre purement philosophique aux v\u00e9ritables nantis du savoir. Ce qui nous pr\u00e9occupe au premier chef, c\u2019est le triste sort r\u00e9serv\u00e9 \u00e0 nos millions de sans-voix, lesquels, depuis la mort de l\u2019empereur, continuent de croupir dans des conditions infra humaines.<\/span><\/span><\/span><\/p>\n<p align=\"justify\">\n<p align=\"justify\"><span style=\"color: #000000;\"><span style=\"font-family: 'Times New Roman', serif;\"><span style=\"font-size: medium;\">Or, sans eux, la France n\u2019aurait pas \u00e9t\u00e9 une grande m\u00e9tropole dans le temps, sans eux, Ha\u00efti n\u2019aurait jamais \u00e9t\u00e9 la Perle des Antilles, sans eux la premi\u00e8re r\u00e9publique n\u00e8gre n\u2019aurait pas vu le jour dans des circonstances aussi glorieuses.<\/span><\/span><\/span><\/p>\n<p align=\"justify\">\n<p align=\"justify\"><span style=\"color: #000000;\"><span style=\"font-family: 'Times New Roman', serif;\"><span style=\"font-size: medium;\">Gr\u00e2ce \u00e0 eux l\u2019Am\u00e9rique latine a pu suivre le bon exemple et se d\u00e9barrasser de ses oppresseurs, gr\u00e2ce \u00e0 eux, \u00e0 Savannah la libert\u00e9 a gagn\u00e9 du terrain chez nos grands voisins du nord, gr\u00e2ce \u00e0 eux les s\u0153urs et fr\u00e8res de l\u2019Afrique ancestrale ont repris espoir en des lendemains qui chantent, gr\u00e2ce \u00e0 eux, la geste h\u00e9ro\u00efque de mil huit cent quatre demeure une date charni\u00e8re qui a marqu\u00e9 l\u2019histoire de l\u2019humanit\u00e9 tout enti\u00e8re. Cette geste grandiose qui a inspir\u00e9 les leaders politiques tels\u00a0: Patrice Lumumba, Martin Luther King jr., Nelson Mandela pour ne citer que ceux-l\u00e0 et qui a culmin\u00e9 jusqu\u2019\u00e0 l\u2019av\u00e8nement de Barak Obama \u00e0 la pr\u00e9sidence de la r\u00e9publique \u00e9toil\u00e9e.<\/span><\/span><\/span><\/p>\n<p align=\"justify\">\n<p align=\"justify\"><span style=\"color: #000000;\"><span style=\"font-family: 'Times New Roman', serif;\"><span style=\"font-size: medium;\">Quelle p\u00e9riode terrible que celle o\u00f9 des idiots dirigent des aveugles disait William Shakespeare. <\/span><\/span><\/span><\/p>\n<p align=\"justify\"><span style=\"color: #000000;\"><span style=\"font-family: 'Times New Roman', serif;\"><span style=\"font-size: medium;\">Cependant, au sein de l\u2019alma mater, nos divers pr\u00e9sidents de doublure et autres autocrates sanguinaires et obscurantistes, avec la complicit\u00e9 des fossoyeurs de la patrie ont syst\u00e9matiquement barr\u00e9 la route \u00e0 un Ant\u00e9nor Firmin, un Rosalvo Bobo, un Dumarsais Estim\u00e9, plus pr\u00e8s de nous \u00e0 Leslie F. Manigat et hier encore, suivez mon regard ainsi que la rime, \u00e0 celui qui aurait pu nous sortir du n\u00e9ant.<\/span><\/span><\/span><\/p>\n<p align=\"justify\">\n<p align=\"justify\"><span style=\"color: #000000;\"><span style=\"font-family: 'Times New Roman', serif;\"><span style=\"font-size: medium;\">Les puissances colonisatrices, rancuni\u00e8res et vindicatives, ne font plus usage de leurs canonni\u00e8res comme autrefois pour assujettir leurs proies faciles et aux sous-sols \u00e9videmment riches, elles le font par multinationales interpos\u00e9es pour ne pas heurter l\u2019opinion internationale. Il ne faudrait pas confondre les populations avec leurs dirigeants pr\u00e9dateurs et rapaces.<\/span><\/span><\/span><\/p>\n<p align=\"justify\">\n<p align=\"justify\"><span style=\"color: #000000;\"><span style=\"font-family: 'Times New Roman', serif;\"><span style=\"font-size: medium;\">Deux si\u00e8cles de gabegie et de corruption ont fait de nous le pays le plus pauvre de l\u2019h\u00e9misph\u00e8re et la r\u00e9publique voisine, pour des raisons inavou\u00e9es, vient de nous infliger une gifle qui entame s\u00e9rieusement notre dignit\u00e9, pour ce qui en reste.<\/span><\/span><\/span><\/p>\n<p align=\"justify\">\n<p align=\"justify\"><span style=\"color: #000000;\"><span style=\"font-family: 'Times New Roman', serif;\"><span style=\"font-size: medium;\">Quant \u00e0 la diaspora, comme ceux de l\u2019int\u00e9rieur, divis\u00e9e en une kyrielle de groupuscules, elle s\u2019agite, analyse, pontifie, palabre avec les meilleures intentions du monde mais demeure incapable d\u2019une large concertation autour d\u2019un projet porteur qui ferait la diff\u00e9rence.<\/span><\/span><\/span><\/p>\n<p align=\"justify\">\n<p align=\"justify\"><span style=\"color: #000000;\"><span style=\"font-family: 'Times New Roman', serif;\"><span style=\"font-size: medium;\">Si nous \u00e9tions une nation dans le vrai sens du terme, notre premi\u00e8re r\u00e9action serait de signifier le mot de Cambronne \u00e0 nos chers voisins et puis ouvrir bien grand nos bras afin d\u2019accueillir nos compatriotes, lesquels viendraient augmenter notre force de travail pour une Ha\u00efti souveraine et prosp\u00e8re.<\/span><\/span><\/span><\/p>\n<p align=\"justify\">\n<p align=\"justify\"><span style=\"color: #000000;\"><span style=\"font-family: 'Times New Roman', serif;\"><span style=\"font-size: medium;\">H\u00e9las, nous ne pouvons m\u00eame pas y penser, nous n\u2019arrivons pas \u00e0 nourrir ceux qui sont d\u00e9j\u00e0 sur place, la \u00ab\u00a0cr\u00e9ation d\u2019emplois\u00a0\u00bb n\u2019\u00e9tant nullement notre priorit\u00e9. Nos intellos, nos P-H-D \u00ab perroquets-h\u00e2bleurs-d\u00e9lirants \u00bb ne parlent que d\u2019\u00e9ducation. \u00c9ducation certes pour aller travailler en diaspora. Brillant comme perspective de d\u00e9veloppement durable!<\/span><\/span><\/span><\/p>\n<p align=\"justify\">\n<p align=\"justify\"><span style=\"color: #000000;\"><span style=\"font-family: 'Times New Roman', serif;\"><span style=\"font-size: medium;\">Ils parlent aussi de \u00ab\u00a0tourisme culturel\u00a0\u00bb qui pourrait cr\u00e9er des millions d\u2019emplois, nous assurant d\u2019un d\u00e9veloppement exponentiel. Comme si c\u2019\u00e9tait un secret, le genre de tourisme qui a toujours eu cours au pays. Le pr\u00e9sident lui-m\u00eame, avec beaucoup d\u2019emphase, avait vant\u00e9 les m\u00e9rites de nos plages et de nos belles femmes.<\/span><\/span><\/span><\/p>\n<p align=\"justify\">\n<p align=\"justify\"><span style=\"color: #000000;\"><span style=\"font-family: 'Times New Roman', serif;\"><span style=\"font-size: medium;\">Le reboisement ou reforestation, l\u2019irrigation des terres agricoles, des incitatifs au d\u00e9veloppement de l\u2019entreprenariat, une v\u00e9ritable mutuelle de cr\u00e9dit dans le genre du \u00ab\u00a0FHS\u00a0\u00bb, la r\u00e9forme judiciaire, l\u2019\u00e9galit\u00e9 des genres, le droit foncier, l\u2019\u00e9thique et la morale, on en parle du bout des l\u00e8vres pour \u00e9pater la galerie et les propagandistes ne s\u2019en tirent pas trop mal.<\/span><\/span><\/span><\/p>\n<p align=\"justify\">\n<p align=\"justify\"><span style=\"color: #000000;\"><span style=\"font-family: 'Times New Roman', serif;\"><span style=\"font-size: medium;\">Ce spectacle horrible auquel nous avons eu droit en d\u00e9but de semaine, montrant un membre de la s\u00e9curit\u00e9 rapproch\u00e9e du pr\u00e9sident, avec une arrogante l\u00e2chet\u00e9, malmener un journaliste dans l\u2019exercice de ses fonctions, t\u00e9moigne d\u2019une mentalit\u00e9 qui n\u2019a pas \u00e9volu\u00e9 depuis mil neuf cent quatre vingt-six. C\u2019est simplement honteux et pitoyable.<\/span><\/span><\/span><\/p>\n<p align=\"justify\">\n<p align=\"justify\"><span style=\"color: #000000;\"><span style=\"font-family: 'Times New Roman', serif;\"><span style=\"font-size: medium;\">La politique est l\u2019ensemble des proc\u00e9d\u00e9s par lesquels des hommes sans pr\u00e9voyance m\u00e8nent des hommes sans m\u00e9moire nous dit Jean Mistler avec son humour caustique.<\/span><\/span><\/span><\/p>\n<p align=\"justify\">\n<p align=\"justify\"><span style=\"color: #000000;\"><span style=\"font-family: 'Times New Roman', serif;\"><span style=\"font-size: medium;\">Nous avons eu l\u2019affaire Luders, l\u2019extorsion dite \u00ab\u00a0paiement de la dette de l\u2019ind\u00e9pendance\u00a0\u00bb, l\u2019affaire de l\u2019amiral Rubal Cava, l\u2019affaire du commandant Batsh, l\u2019occupation en 1915, les v\u00eapres dominicaines, l\u2019affaire Thalamas et, serait-ce la derni\u00e8re goutte, ce fameux arr\u00eat \u00ab\u00a0TC\/0168\/13\u00a0\u00bb en date du 25 septembre 2013, de la plus haute instance judiciaire de la r\u00e9publique voisine.<\/span><\/span><\/span><\/p>\n<p align=\"justify\">\n<p align=\"justify\"><span style=\"color: #000000;\"><span style=\"font-family: 'Times New Roman', serif;\"><span style=\"font-size: medium;\">De plus, ne faisons-nous pas en catimini et depuis toujours, ce que la r\u00e9publique voisine tente de faire avec une apparence de l\u00e9galit\u00e9?<\/span><\/span><\/span><\/p>\n<p align=\"justify\">\n<p align=\"justify\"><span style=\"color: #000000;\"><span style=\"font-family: 'Times New Roman', serif;\"><span style=\"font-size: medium;\">Selon une enqu\u00eate r\u00e9alis\u00e9e par l\u2019Amicale des Juristes, trente pour cent de nos compatriotes sont priv\u00e9s d\u2019actes de naissance, soixante-dix pour cent d\u2019entre eux en ch\u00f4mage permanent, sans oublier ce taux d\u2019analphab\u00e9tisme unique dans la r\u00e9gion, ces tristes clivages entre citadins et ruraux, cr\u00e9oles et bossales, riches et pauvres. Ce m\u00e9pris de nos \u00e9lites vis-\u00e0-vis les classes moyennes et la grande masse s\u2019apparente ni plus ni moins \u00e0 une forme d\u2019apartheid. Ce qui doit \u00eatre combattu avec la derni\u00e8re rigueur \u00e0 l\u2019int\u00e9rieur comme \u00e0 l\u2019ext\u00e9rieur de nos fronti\u00e8res.<\/span><\/span><\/span><\/p>\n<p align=\"justify\">\n<p align=\"justify\"><span style=\"color: #000000;\"><span style=\"font-family: 'Times New Roman', serif;\"><span style=\"font-size: medium;\">De gr\u00e2ce, souvenons-nous de cette mise en garde d\u2019Albert Einstein\u00a0: \u00ab\u00a0Le monde est dangereux \u00e0 vivre, non pas tant \u00e0 cause de ceux qui font le mal, mais \u00e0 cause de ceux qui regardent et qui laissent faire\u00a0\u00bb<\/span><\/span><\/span><\/p>\n<p align=\"justify\">\n<p align=\"justify\"><span style=\"color: #000000;\"><span style=\"font-family: 'Times New Roman', serif;\"><span style=\"font-size: medium;\">Deux si\u00e8cles de laxisme avons-nous dit, deux si\u00e8cles de l\u00e9g\u00e8ret\u00e9 dans la gestion de la res publica, deux si\u00e8cles de luttes mesquines et fratricides nous ont conduits dans ce cul-de-sac.<\/span><\/span><\/span><\/p>\n<p align=\"justify\"><span style=\"color: #000000;\"><span style=\"font-family: 'Times New Roman', serif;\"><span style=\"font-size: medium;\">Pas question de boire le calice jusqu\u2019\u00e0 la lie. Il est plus que temps de nous ressaisir avant d\u2019atteindre le point de non retour.<\/span><\/span><\/span><\/p>\n<p align=\"justify\">\n<p align=\"justify\">\n<p align=\"justify\">\n<p align=\"justify\">\n<\/div>\n<\/div>\n<script type=\"text\/javascript\">\n\nvar addthis_config = {\"data_track_clickback\":false,\"data_track_addressbar\":false,\"data_track_textcopy\":false};\n<\/script><script type=\"text\/javascript\" src=\"\/\/s7.addthis.com\/js\/250\/addthis_widget.js#pubid=f084fdfbcefba74c78dfad3bbc873ffd\"><\/script>","protected":false},"excerpt":{"rendered":"<p lang=\"fr-CA\" align=\"center\"><span style=\"font-family: 'Times New Roman', serif;\"><span style=\"font-size: medium;\">\u00ab\u00a0Cul-de-sac\u00a0\u00bb<\/span><\/span><\/p>\n<p style=\"text-align: left;\" lang=\"fr-CA\" align=\"center\"><span style=\"color: #800000;\"><\/span><\/p>\n<p style=\"text-align: left;\" lang=\"fr-CA\" align=\"center\">\n<p style=\"text-align: left;\" lang=\"fr-CA\" align=\"center\">\n<p style=\"text-align: left;\" lang=\"fr-CA\" align=\"center\">\n<p style=\"text-align: left;\" lang=\"fr-CA\" align=\"center\"><span style=\"color: #800000;\">par\u00a0Serge H. Mo\u00efse av.<\/span><\/p>\n<p align=\"justify\"><span style=\"color: #ff0000;\"><span style=\"font-family: 'Times New Roman', serif;\"><span style=\"font-size: medium;\">\u00ab\u00a0Nul n\u2019est plus esclave que celui qui se croit libre sans l\u2019\u00eatre\u00a0\u00bb. <\/span><\/span><\/span><\/p>\n<p align=\"justify\"><span style=\"color: #ff0000;\"><span style=\"font-family: 'Times New Roman', serif;\"><span style=\"font-size: medium;\">Johann Wolfgang Goethe<\/span><\/span><\/span><\/p>\n<p align=\"justify\">\n<p align=\"justify\"><span style=\"color: #000000;\"><span style=\"font-family: 'Times New Roman', serif;\"><span style=\"font-size: medium;\">A l\u2019aube du vingt et uni\u00e8me si\u00e8cle on se serait attendu \u00e0 <\/span><\/span><\/span>&hellip;<\/p>\n","protected":false},"author":1,"featured_media":0,"comment_status":"open","ping_status":"open","sticky":false,"template":"","format":"standard","meta":{"footnotes":""},"categories":[1],"tags":[],"class_list":["post-11313","post","type-post","status-publish","format-standard","hentry","category-accueil"],"_links":{"self":[{"href":"https:\/\/www.lecarrefourdesopinions.ca\/index.php?rest_route=\/wp\/v2\/posts\/11313","targetHints":{"allow":["GET"]}}],"collection":[{"href":"https:\/\/www.lecarrefourdesopinions.ca\/index.php?rest_route=\/wp\/v2\/posts"}],"about":[{"href":"https:\/\/www.lecarrefourdesopinions.ca\/index.php?rest_route=\/wp\/v2\/types\/post"}],"author":[{"embeddable":true,"href":"https:\/\/www.lecarrefourdesopinions.ca\/index.php?rest_route=\/wp\/v2\/users\/1"}],"replies":[{"embeddable":true,"href":"https:\/\/www.lecarrefourdesopinions.ca\/index.php?rest_route=%2Fwp%2Fv2%2Fcomments&post=11313"}],"version-history":[{"count":2,"href":"https:\/\/www.lecarrefourdesopinions.ca\/index.php?rest_route=\/wp\/v2\/posts\/11313\/revisions"}],"predecessor-version":[{"id":11341,"href":"https:\/\/www.lecarrefourdesopinions.ca\/index.php?rest_route=\/wp\/v2\/posts\/11313\/revisions\/11341"}],"wp:attachment":[{"href":"https:\/\/www.lecarrefourdesopinions.ca\/index.php?rest_route=%2Fwp%2Fv2%2Fmedia&parent=11313"}],"wp:term":[{"taxonomy":"category","embeddable":true,"href":"https:\/\/www.lecarrefourdesopinions.ca\/index.php?rest_route=%2Fwp%2Fv2%2Fcategories&post=11313"},{"taxonomy":"post_tag","embeddable":true,"href":"https:\/\/www.lecarrefourdesopinions.ca\/index.php?rest_route=%2Fwp%2Fv2%2Ftags&post=11313"}],"curies":[{"name":"wp","href":"https:\/\/api.w.org\/{rel}","templated":true}]}}