{"id":11300,"date":"2015-02-16T08:59:24","date_gmt":"2015-02-16T13:59:24","guid":{"rendered":"http:\/\/www.lecarrefourdesopinions.ca\/?p=11300"},"modified":"2015-02-16T09:59:00","modified_gmt":"2015-02-16T14:59:00","slug":"galilee","status":"publish","type":"post","link":"https:\/\/www.lecarrefourdesopinions.ca\/?p=11300","title":{"rendered":"Galil\u00e9e"},"content":{"rendered":"<p align=\"CENTER\"><span style=\"font-size: large;\"><strong>\u00a0<\/strong><\/span><\/p>\n<p style=\"text-align: center;\"><span style=\"font-size: large;\"><strong>Galil\u00e9e revisit\u00e9<\/strong><\/span><\/p>\n<p align=\"CENTER\">\n<p>\u00a0<img loading=\"lazy\" decoding=\"async\" class=\"alignleft size-thumbnail wp-image-10396\" title=\"photo Michel Frankland 2\" src=\"http:\/\/www.lecarrefourdesopinions.ca\/wp-content\/uploads\/2013\/12\/photo-Michel-Frankland-2-134x107.jpg\" alt=\"\" width=\"134\" height=\"107\" \/><\/p>\n<p>&nbsp;<\/p>\n<p>&nbsp;<\/p>\n<p><span style=\"color: #ff3300;\"><span><em>par Michel Frankland<\/em><\/span><\/span><\/p>\n<p>&nbsp;<\/p>\n<p align=\"JUSTIFY\">Galil\u00e9e a per\u00e7u un aspect important du r\u00e9el. Malheureusement pour lui, le \u00abdictionnaire\u00bb lui donnait tort. Le dictionnaire ? Parfaitement. Soit la somme des connaissances reconnues assur\u00e9es. Et ces notions \u00e9taient d\u2019autant plus s\u00e9v\u00e8rement contr\u00f4l\u00e9es qu\u2019elles correspondaient \u00e0 une crainte qu\u2019on avait collectivement colmat\u00e9e.<\/p>\n<p>&nbsp;<\/p>\n<p align=\"JUSTIFY\">L\u2019univers que le bon sens nous montrait immense avait, au fil des si\u00e8cles, frapp\u00e9 l\u2019imagination par des manifestations anxiog\u00e8nes. Les \u00e9toiles filantes, la foudre, les irruptions volcaniques, les aurores bor\u00e9ales\u2026 Mais s\u00fbrement que ce magma de myst\u00e8re apportait en m\u00eame temps la r\u00e9gularit\u00e9 des saisons. Et les journ\u00e9es de 24 heures, le soleil tournant r\u00e9guli\u00e8rement autour de la terre. D\u2019ailleurs, J\u00e9sus \u00e9tait venu nous sauver et la cr\u00e9ation \u00e9tait le reflet de la force ordonn\u00e9e de la Trinit\u00e9.<\/p>\n<p>&nbsp;<\/p>\n<p align=\"JUSTIFY\">Et voici qu\u2019un individu niait un des principes de cette structure c\u00e9leste. Son erreur \u00e9tait multiple. D\u2019abord, il niait l\u2019\u00e9vidence du mouvement solaire. Plus profond\u00e9ment, ce dangereux scientifique rejetait surement implicitement la sagesse de Dieu. Il chamboulait l\u2019ordre c\u00e9leste, \u00e0 la fois comme ensemble cosmique et comme atteinte \u00e0 la sagesse divine. Ce jeu de mot, chez les contemporains de Galil\u00e9e, n\u2019en \u00e9tait pas vraiment eux. Dieu manifestait son ordre infiniment sage en g\u00e9rant pour ses enfants terrestres les orbes des cieux. Bref, Galil\u00e9e agissait \u00e0 bien des niveaux comme un homme \u00e0 abattre.<\/p>\n<p>&nbsp;<\/p>\n<p align=\"JUSTIFY\">Il en va de m\u00eame de toute civilisation. Elle inscrit dans son \u00abdictionnaire\u00bb ses conclusions scientifiques, mais \u00e9galement ses refoulements, ses peurs visc\u00e9rales qu\u2019elle a d\u00fbment d\u00e9finies clairement. Et si vous vous insurgez contre ces phobies, on vous poursuit en cour.<\/p>\n<p>&nbsp;<\/p>\n<p align=\"JUSTIFY\">Une des appr\u00e9hensions enracin\u00e9es au c\u0153ur de la Cit\u00e9 moderne porte sur l\u2019\u00e9galit\u00e9 humaine. LIBERT\u00c9 \u00c9GALIT\u00c9 FRATERNIT\u00c9. Les deux concepts entourant l\u2019\u00e9galit\u00e9 souffrent d\u2019une commune faiblesse humaine reconnue. Vous n\u2019avez pas \u00e9t\u00e9 fraternels ni Compl\u00e8tement libres ? On vous comprend et on accepte l\u2019imperfection humaine. MAIS NE TOUCHEZ PAS \u00c0 L\u2019\u00c9GALIT\u00c9 ! Les individus n\u2019ont pas tous les m\u00eames talents, mais ils peuvent par l\u2019effort et une meilleure \u00e9ducation\u2026 Bref, les tenants de la priorit\u00e9 de l\u2019inn\u00e9 sur l\u2019acquis m\u00e9prisent au fond leurs semblables. On en d\u00e9gage un portrait-robot. Ce sont des snobs intelligents, sans compassion. Ils exercent une vue fataliste sur la croissance humaine. Ils ont une pierre \u00e0 la place du c\u0153ur\u2026<\/p>\n<p>&nbsp;<\/p>\n<p>Ils n\u2019ont pas compris comment l\u2019histoire a marqu\u00e9 des peuples d\u2019avantages diff\u00e9rents. Et un syst\u00e8me p\u00e9dagogique mieux con\u00e7u, des soins m\u00e9dicaux plus appropri\u00e9s feront d\u2019eux, d\u2019ici quelques ann\u00e9es, des gens aussi comp\u00e9tents que les meilleurs&#8230;<\/p>\n<p>&nbsp;<\/p>\n<p align=\"JUSTIFY\">Le probl\u00e8me de ce dictionnaire, celui qui a <strong>d\u00e9cid\u00e9<\/strong> que l\u2019acquis primait fondamentalement sur l\u2019inn\u00e9e, se fonde sur conviction qui n\u2019est pas scientifiquement prouv\u00e9e. Il y a au moins autant de scientifiques qui croient plut\u00f4t \u00e0 la primaut\u00e9 de l\u2019inn\u00e9 sur l\u2019acquis.<\/p>\n<p>&nbsp;<\/p>\n<p align=\"JUSTIFY\">Faut-il donc inscrire dans le dictionnaire de la modernit\u00e9 la primaut\u00e9 de l\u2019inn\u00e9 sur l\u2019acquis ? Postuler que les individus et les groupes humains ne sont pas \u00e9gaux et poss\u00e8dent, au d\u00e9part, des caract\u00e9ristiques d\u00e9termin\u00e9es et d\u00e9terminantes ? Non, puisque cette th\u00e9orie reconnue comme axiome constituerait le m\u00eame type d\u2019erreur que l\u2019inverse. Encore ici, l\u2019angoisse humaine, en mal de s\u00e9curit\u00e9, se fixerait \u00e0 tort sur une autre incertitude. Puisque rien n\u2019est prouv\u00e9 ni sur l\u2019acquis ni sur l\u2019inn\u00e9.<\/p>\n<p>&nbsp;<\/p>\n<p>Le sens de cet article, vous le comprenez j\u2019esp\u00e8re, met en lumi\u00e8re la complexit\u00e9 du r\u00e9el. La libert\u00e9, la vraie, reconnait cet embarras et chemine sereinement dans les voies tortueuses de la vie.<\/p>\n<h2><span style=\"color: #800000;\">Je termine avec le chapitre 10 de la <em>M\u00e9tamorphose<\/em> de Kafka. Il montre le myst\u00e8re de la vie et la longue patience que requiert la libert\u00e9.<\/span><\/h2>\n<p><strong><a name=\"_GoBack\"><\/a><span style=\"color: #800000;\"> Mon grand-p\u00e8re avait coutume de dire\u00a0: \u00abLa vie est \u00e9tonnamment br\u00e8ve. Dans mon souvenir, elle se ramasse aujourd\u2019hui sur elle-m\u00eame si serr\u00e9e que je comprends \u00e0 peine qu\u2019un jeune homme puisse se d\u00e9cider \u00e0 partir \u00e0 cheval pour le plus proche village sans craindre que, tout accident \u00e9cart\u00e9, une existence ordinaire et se d\u00e9roulant sans heurts ne suffise pas, m\u00eame pour cette promenade.<\/span><\/strong><\/p>\n<p>&nbsp;<\/p>\n<p>Mo<\/p>\n<script type=\"text\/javascript\">\n\nvar addthis_config = {\"data_track_clickback\":false,\"data_track_addressbar\":false,\"data_track_textcopy\":false};\n<\/script><script type=\"text\/javascript\" src=\"\/\/s7.addthis.com\/js\/250\/addthis_widget.js#pubid=f084fdfbcefba74c78dfad3bbc873ffd\"><\/script>","protected":false},"excerpt":{"rendered":"<p align=\"CENTER\"><span style=\"font-size: large;\">\u00a0<\/span><\/p>\n<p style=\"text-align: center;\"><span style=\"font-size: large;\">Galil\u00e9e revisit\u00e9<\/span><\/p>\n<p align=\"CENTER\">\n<p>\u00a0<\/p>\n<p>&nbsp;<\/p>\n<p>&nbsp;<\/p>\n<p><span style=\"color: #ff3300;\"><span>par Michel Frankland<\/span><\/span><\/p>\n<p>&nbsp;<\/p>\n<p align=\"JUSTIFY\">Galil\u00e9e a per\u00e7u un aspect important du r\u00e9el. Malheureusement pour lui, le \u00abdictionnaire\u00bb lui donnait tort. Le dictionnaire ? Parfaitement. Soit la somme des connaissances reconnues assur\u00e9es. Et ces &hellip;<\/p>\n","protected":false},"author":1,"featured_media":0,"comment_status":"open","ping_status":"open","sticky":false,"template":"","format":"standard","meta":{"footnotes":""},"categories":[1],"tags":[],"class_list":["post-11300","post","type-post","status-publish","format-standard","hentry","category-accueil"],"_links":{"self":[{"href":"https:\/\/www.lecarrefourdesopinions.ca\/index.php?rest_route=\/wp\/v2\/posts\/11300","targetHints":{"allow":["GET"]}}],"collection":[{"href":"https:\/\/www.lecarrefourdesopinions.ca\/index.php?rest_route=\/wp\/v2\/posts"}],"about":[{"href":"https:\/\/www.lecarrefourdesopinions.ca\/index.php?rest_route=\/wp\/v2\/types\/post"}],"author":[{"embeddable":true,"href":"https:\/\/www.lecarrefourdesopinions.ca\/index.php?rest_route=\/wp\/v2\/users\/1"}],"replies":[{"embeddable":true,"href":"https:\/\/www.lecarrefourdesopinions.ca\/index.php?rest_route=%2Fwp%2Fv2%2Fcomments&post=11300"}],"version-history":[{"count":5,"href":"https:\/\/www.lecarrefourdesopinions.ca\/index.php?rest_route=\/wp\/v2\/posts\/11300\/revisions"}],"predecessor-version":[{"id":11311,"href":"https:\/\/www.lecarrefourdesopinions.ca\/index.php?rest_route=\/wp\/v2\/posts\/11300\/revisions\/11311"}],"wp:attachment":[{"href":"https:\/\/www.lecarrefourdesopinions.ca\/index.php?rest_route=%2Fwp%2Fv2%2Fmedia&parent=11300"}],"wp:term":[{"taxonomy":"category","embeddable":true,"href":"https:\/\/www.lecarrefourdesopinions.ca\/index.php?rest_route=%2Fwp%2Fv2%2Fcategories&post=11300"},{"taxonomy":"post_tag","embeddable":true,"href":"https:\/\/www.lecarrefourdesopinions.ca\/index.php?rest_route=%2Fwp%2Fv2%2Ftags&post=11300"}],"curies":[{"name":"wp","href":"https:\/\/api.w.org\/{rel}","templated":true}]}}