{"id":11294,"date":"2015-02-16T08:55:24","date_gmt":"2015-02-16T13:55:24","guid":{"rendered":"http:\/\/www.lecarrefourdesopinions.ca\/?p=11294"},"modified":"2015-02-16T08:55:24","modified_gmt":"2015-02-16T13:55:24","slug":"que-de-boucan-pour-un-pipi-de-colibri","status":"publish","type":"post","link":"https:\/\/www.lecarrefourdesopinions.ca\/?p=11294","title":{"rendered":"Que de boucan pour un Pipi de Colibri."},"content":{"rendered":"<p align=\"CENTER\"><span style=\"color: #000099;\"><span style=\"font-size: x-large;\"><em><strong>Que de boucan pour un Pipi de Colibri.<\/strong><\/em><\/span><\/span><\/p>\n<p align=\"CENTER\">\n<p align=\"CENTER\"><span style=\"color: #000099;\"><span><strong>=====<\/strong><\/span><\/span><\/p>\n<p align=\"JUSTIFY\"><span style=\"color: #632423;\"><span style=\"font-family: 'Comic Sans MS', cursive;\"><span style=\"font-size: large;\">Que de Boucan pour un Pipi de Colibri.<\/span><\/span><\/span><\/p>\n<p align=\"JUSTIFY\">\u00a0<img loading=\"lazy\" decoding=\"async\" class=\"alignleft size-thumbnail wp-image-10800\" title=\"Eric\" src=\"http:\/\/www.lecarrefourdesopinions.ca\/wp-content\/uploads\/2014\/06\/Eric1-134x107.jpg\" alt=\"\" width=\"134\" height=\"107\" \/><\/p>\n<p align=\"JUSTIFY\">\n<p align=\"JUSTIFY\">\n<p align=\"JUSTIFY\">\n<p align=\"JUSTIFY\"><span style=\"color: #800000;\"><span style=\"font-family: 'Comic Sans MS', cursive;\"><span style=\"font-size: large;\">\u00c9ric E.G. NOGARD<\/span><\/span><\/span><\/p>\n<p align=\"JUSTIFY\"><span style=\"color: #800000;\"><span style=\"font-size: large;\"><em>Le petit Chroniqueur<\/em><\/span><span style=\"font-size: large;\">.<\/span><\/span><\/p>\n<p>&nbsp;<\/p>\n<p align=\"CENTER\"><span style=\"font-size: large;\">*** *** ***<\/span><\/p>\n<p align=\"CENTER\">\n<p align=\"CENTER\"><img loading=\"lazy\" decoding=\"async\" class=\"aligncenter size-thumbnail wp-image-11295\" title=\"F1 Lui aussi fait pipi\" src=\"http:\/\/www.lecarrefourdesopinions.ca\/wp-content\/uploads\/2015\/02\/F1-Lui-aussi-fait-pipi-134x107.jpg\" alt=\"\" width=\"134\" height=\"107\" \/><\/p>\n<p align=\"CENTER\"><span style=\"font-size: large;\"><strong>F1\u00a0:<\/strong><\/span><span style=\"color: #c00000;\"><span style=\"font-size: large;\"><em>Lui aussi fait pipi<\/em><\/span><\/span><span style=\"color: #c00000;\"><span style=\"font-size: large;\">.<\/span><\/span><\/p>\n<p>&nbsp;<\/p>\n<p align=\"JUSTIFY\"><span style=\"font-family: 'Comic Sans MS', cursive;\"><span style=\"font-size: large;\">Comme si pour avoir br\u00fbl\u00e9 jusqu\u2019\u00e0 son dernier clou, de l\u2019\u00c9curie de la Marquise il ne restait plus que de rares fumerolles se d\u00e9gageant des Cendres.<\/span><\/span><\/p>\n<p align=\"JUSTIFY\">\n<p align=\"JUSTIFY\"><span style=\"font-family: 'Comic Sans MS', cursive;\"><span style=\"font-size: large;\">Comme si le Ch\u00e2teau comme le bois qui l\u2019entoure n\u2019\u00e9taient pas tous en feu, un feu couvant il est vrai.<\/span><\/span><\/p>\n<p align=\"JUSTIFY\">\n<p align=\"JUSTIFY\"><span style=\"font-family: 'Comic Sans MS', cursive;\"><span style=\"font-size: large;\">Nous Fran\u00e7ais, du Lad au Majordome, ne r\u00e9pondons-nous pas sur l\u2019air de \u00ab\u00a0Tout va tr\u00e8s bien\u2026\u00a0\u00bb aux pr\u00e9occupations de la France que nous croyons aimer, que par du Boucan \u2013 que de Boucan et que du Boucan de Fiers-\u00e0-Bras \u2013 pour un Pipi de Colibri au lieu de consid\u00e9rer la Tumeur qui la tue<\/span><\/span><span style=\"font-size: large;\">.<\/span><\/p>\n<p align=\"JUSTIFY\">\n<p align=\"CENTER\"><span style=\"font-family: Arial, sans-serif;\"><span style=\"font-size: large;\"><em>What a pitty<\/em><\/span><\/span><span style=\"font-size: large;\">.<\/span><\/p>\n<p align=\"JUSTIFY\">\n<p align=\"JUSTIFY\">\n<p align=\"JUSTIFY\"><span style=\"font-size: large;\">Marine serait-elle si redoutable que cela, eu \u00e9gard aux chances du Front National Fran\u00e7ais de remporter une \u00c9lection L\u00e9gislative partielle quelle qu\u2019elle soit\u2026 voire l\u2019\u00c9lection Pr\u00e9sidentielle.<\/span><\/p>\n<p align=\"JUSTIFY\">\n<p align=\"JUSTIFY\"><span style=\"font-size: large;\">Le Danger pour la France serait-il ou Marine, ou le FN comme le donne \u00e0 penser tout ce Boucan qui, au demeurant, n\u2019a m\u00eame pas valeur de Boum-Boum, de Patak-Patak ou de Gros-Cas, tellement le ras-le-bol g\u00e9n\u00e9ral n\u2019y trouve plus son compte\u2026 et dans tant de domaines, et sous tant de rapports.<\/span><\/p>\n<p align=\"JUSTIFY\">\n<p align=\"JUSTIFY\">\n<p align=\"JUSTIFY\"><span style=\"font-size: large;\"><em><strong>Ainsi, notre \u00c9cole La\u00efque<\/strong><\/em><\/span><span style=\"font-size: large;\">.<\/span><\/p>\n<p align=\"JUSTIFY\">\n<ul>\n<li>\n<p align=\"JUSTIFY\"><span style=\"font-family: 'Comic Sans MS', cursive;\"><span style=\"font-size: large;\"><em>Qui a encore en m\u00e9moire ses Heures de Gloire malgr\u00e9 la Machine de Guerre Anti-Catho qu\u2019en a fait<\/em><\/span><\/span><span style=\"font-family: Arial, sans-serif;\"><span style=\"font-size: large;\"><em>ab ovo<\/em><\/span><\/span><span style=\"font-family: 'Comic Sans MS', cursive;\"><span style=\"font-size: large;\"><em>notre Ch\u00e8re R\u00e9publique<\/em><\/span><\/span><span style=\"font-size: large;\">. <\/span><\/p>\n<\/li>\n<\/ul>\n<p align=\"JUSTIFY\">\n<p align=\"JUSTIFY\"><span style=\"font-size: large;\">Le Ma\u00eetre d\u2019\u00c9cole \u00e9tait alors un Notable Hautement Consid\u00e9r\u00e9\u2026 \u00e0 juste titre.<\/span><\/p>\n<p align=\"JUSTIFY\">\n<p align=\"JUSTIFY\"><span style=\"font-size: large;\">En ce temps-l\u00e0, nul besoin de consulter Nostradamus pour pr\u00e9dire \u00e0 l\u2019\u00c9colier un avenir de labeur et de satisfaction dans l\u2019ouvrage accompli.<\/span><\/p>\n<p align=\"JUSTIFY\">\n<p align=\"JUSTIFY\"><span style=\"font-size: large;\">C\u2019\u00e9tait de la \u00ab\u00a0Belle Ouvrage\u00a0\u00bb, de l\u2019Ouvrier des Champs comme des Usines aux \u00ab\u00a0Intellos\u00a0\u00bb, de leur sortie de l\u2019Universit\u00e9 en fin de Cursus, au terme de leur Mission \u00ab\u00a0Civilisatrice\u00a0\u00bb.<\/span><\/p>\n<p align=\"JUSTIFY\">\n<p align=\"CENTER\"><img loading=\"lazy\" decoding=\"async\" class=\"aligncenter size-thumbnail wp-image-11296\" title=\"F2 Jules FERRY Aristocrate La\u00efque\" src=\"http:\/\/www.lecarrefourdesopinions.ca\/wp-content\/uploads\/2015\/02\/F2-Jules-FERRY-Aristocrate-La\u00efque-134x107.jpg\" alt=\"\" width=\"134\" height=\"107\" \/><\/p>\n<p align=\"CENTER\"><span style=\"font-size: large;\"><strong>F2\u00a0:<\/strong><\/span><span style=\"color: #c00000;\"><span style=\"font-size: large;\"><em>Jules FERRY Aristocrate La\u00efque.<\/em><\/span><\/span><\/p>\n<p align=\"JUSTIFY\">\n<p align=\"JUSTIFY\"><span style=\"font-size: large;\">C\u2019est que les Jules FERRY avaient encore le pli Aristocratique d\u2019une \u00e9poque pass\u00e9e \u00e0 l\u2019<\/span><span style=\"font-family: Arial, sans-serif;\"><span style=\"font-size: large;\"><em>Eraser<\/em><\/span><\/span><span style=\"font-size: large;\">.<\/span><\/p>\n<p align=\"JUSTIFY\">\n<p align=\"JUSTIFY\">\n<ul>\n<li>\n<p align=\"JUSTIFY\"><span style=\"font-family: 'Comic Sans MS', cursive;\"><span style=\"font-size: large;\"><em>Qui de nos Jours peut contester sa faillite obtenue \u00e0 marche forc\u00e9e depuis la derni\u00e8re guerre Franco-Allemande dont nul ne peut dire quel en serait l\u2019\u00c9pilogue sans les durs sacrifices des Alli\u00e9s de la France<\/em><\/span><\/span><span style=\"font-size: large;\">.<\/span><\/p>\n<\/li>\n<\/ul>\n<p align=\"JUSTIFY\">\n<p align=\"JUSTIFY\"><span style=\"font-size: large;\">Le Ma\u00eetre d\u2019\u00c9cole n\u2019est plus rien\u2026 il doit se faire ou Politicien pour exister, ou coutumier ab\u00eati de la saumure politicienne, pour subsister.<\/span><\/p>\n<p align=\"JUSTIFY\">\n<p align=\"JUSTIFY\"><span style=\"font-size: large;\">Mis \u00e0 part quelques rescap\u00e9s \u2013 vu leur m\u00e9rite extraordinaire \u2013 et mis \u00e0 part le flot des Pistonn\u00e9s dont Dieu seul sait quelles sont leurs vraies comp\u00e9tences, que deviennent les \u00c9coliers de notre \u00c9cole N\u00e9o-La\u00efque.<\/span><\/p>\n<p align=\"JUSTIFY\">\n<p align=\"JUSTIFY\"><span style=\"font-size: large;\">A nos CARU-SOTS de la Politique d\u2019y r\u00e9pondre.<\/span><\/p>\n<p align=\"JUSTIFY\">\n<p align=\"JUSTIFY\"><span style=\"font-size: large;\">Personne ne peut le dire, personne d\u2019ailleurs ne peut l\u2019entendre, dans ce Boucan pour un Pipi de Colibri.<\/span><\/p>\n<p align=\"JUSTIFY\">\n<p align=\"JUSTIFY\"><span style=\"font-size: large;\">Sous ce rapport, bravo les \u00ab\u00a0petits tabliers\u00a0\u00bb et leurs fils-\u00e0-plomber pour la fortune de leurs T.C.F.D.G.O.F. ou quelque autre Club ou Loge.<\/span><\/p>\n<p align=\"JUSTIFY\">\n<p align=\"JUSTIFY\">\n<p align=\"JUSTIFY\"><span style=\"font-family: 'Comic Sans MS', cursive;\"><span style=\"font-size: large;\">En tout cas, \u00e0 Martinique Province Fran\u00e7aise d\u2019Am\u00e9rique \u2013 pour combien de temps encore, h\u00e9las \u2013 nous pensons que si l\u2019\u00c9cole La\u00efque n\u2019a pu rien faire sortir du rang pour relever les JUP\u00c9ENS comme les RAFFARINIENS, c\u2019est qu\u2019elle ne fait pas le poids dans le r\u00f4le qu\u2019on lui attribue, c\u2019est qu\u2019elle n\u2019a plus les m\u00e9rites qu\u2019on lui croit ou qu\u2019on lui pr\u00eate.<\/span><\/span><\/p>\n<p align=\"JUSTIFY\">\u00a0 \u00a0 \u00a0 \u00a0 \u00a0 \u00a0 \u00a0 \u00a0 \u00a0 \u00a0 \u00a0 \u00a0 \u00a0 \u00a0 \u00a0 \u00a0 \u00a0 \u00a0 \u00a0 \u00a0 \u00a0 \u00a0 \u00a0 \u00a0\u00a0<img loading=\"lazy\" decoding=\"async\" class=\"alignnone size-thumbnail wp-image-11297\" title=\"F3 1 La F\u00e9e, sa pomme empoisonn\u00e9e\" src=\"http:\/\/www.lecarrefourdesopinions.ca\/wp-content\/uploads\/2015\/02\/F3-1-La-F\u00e9e-sa-pomme-empoisonn\u00e9e-134x107.jpg\" alt=\"\" width=\"134\" height=\"107\" \/>\u00a0 \u00a0 \u00a0 \u00a0<img loading=\"lazy\" decoding=\"async\" class=\"alignnone size-thumbnail wp-image-11298\" title=\"F3 2 Blanche Neige et les Sept Nains\" src=\"http:\/\/www.lecarrefourdesopinions.ca\/wp-content\/uploads\/2015\/02\/F3-2-Blanche-Neige-et-les-Sept-Nains-134x107.jpg\" alt=\"\" width=\"134\" height=\"107\" \/><\/p>\n<p align=\"CENTER\"><span style=\"font-size: large;\"><strong>F3\u00a0:<\/strong><\/span><span style=\"color: #c00000;\"><span style=\"font-size: large;\"><em>La F\u00e9e, sa pomme empoisonn\u00e9e, Blanche-Neige et les Sept Nains<\/em><\/span><\/span><span style=\"color: #c00000;\"><span style=\"font-size: large;\">.<\/span><\/span><\/p>\n<p align=\"JUSTIFY\">\n<p align=\"JUSTIFY\"><span style=\"font-family: 'Comic Sans MS', cursive;\"><span style=\"font-size: large;\">Au lieu de tant de Boucan pour un Pipi de Colibri, rappelons-nous la pomme de la F\u00e9e\u2026 elle \u00e9tait empoisonn\u00e9e, mais il y avait les Sept Nains de Blanche-Neige<\/span><\/span><span style=\"font-size: large;\">. <\/span><\/p>\n<p align=\"JUSTIFY\">\n<p align=\"JUSTIFY\"><span style=\"font-size: large;\">\u00c9ric E.G. NOGARD<\/span><\/p>\n<p>&nbsp;<\/p>\n<p align=\"CENTER\">\n<p align=\"CENTER\"><span style=\"font-size: large;\">*** *** ***<\/span><\/p>\n<p>&nbsp;<\/p>\n<p><span style=\"color: #ff0000;\"><span style=\"font-size: large;\"><strong>Nota : <\/strong><\/span><\/span><span style=\"color: #000000;\"><span style=\"font-size: large;\">Nous ne traitons que de Faits et de Noms rendus Publics.<\/span><\/span><\/p>\n<p align=\"CENTER\">\n<p align=\"CENTER\"><span style=\"color: #000000;\"><span style=\"font-size: large;\">*** *** ***<\/span><\/span><\/p>\n<p align=\"CENTER\">\n<p align=\"JUSTIFY\">\n<p align=\"JUSTIFY\"><span style=\"font-size: large;\"><strong>N.B.:<\/strong><\/span><span style=\"font-size: large;\"> &#8211; <\/span><span style=\"color: #c00000;\"><span style=\"font-family: 'Comic Sans MS', cursive;\"><span style=\"font-size: large;\">Nous Recommandons instamment et syst\u00e9matiquement l\u2019ouverture de la (ou des) pi\u00e8ce(s) jointe(s) \u00e0 l\u2019e-mail, sous format Pdf, <\/span><\/span><\/span><span style=\"color: #c00000;\"><span style=\"font-family: 'Comic Sans MS', cursive;\"><span style=\"font-size: large;\"><span style=\"text-decoration: underline;\">les illustrations y sont incluses<\/span><\/span><\/span><\/span><span style=\"color: #c00000;\"><span style=\"font-family: 'Comic Sans MS', cursive;\"><span style=\"font-size: large;\">.<\/span><\/span><\/span><\/p>\n<p align=\"JUSTIFY\">\n<p align=\"CENTER\">\n<p align=\"CENTER\"><span style=\"font-size: large;\"><strong>*** *** ***<\/strong><\/span><\/p>\n<p align=\"JUSTIFY\">\n<p align=\"CENTER\"><span style=\"color: #800000;\"><strong>Avis de vente de M\u00e9moire.<\/strong><\/span><\/p>\n<p align=\"JUSTIFY\"><span style=\"color: #800000;\"><strong>\u00a0<\/strong><\/span><\/p>\n<p align=\"JUSTIFY\"><span style=\"color: #800000;\"><strong><span style=\"font-family: Arial, sans-serif;\">Demandez le M\u00e9moire de \u00ab\u00a0<\/span><span style=\"font-family: Arial, sans-serif;\"><em>Martinique Province Fran\u00e7aise d\u2019Am\u00e9rique<\/em><\/span><span style=\"font-family: Arial, sans-serif;\">\u00a0\u00bb au Front National Fran\u00e7ais.<\/span><\/strong><\/span><\/p>\n<p align=\"JUSTIFY\"><span style=\"color: #800000;\"><strong>\u00a0<\/strong><\/span><\/p>\n<p align=\"JUSTIFY\"><span style=\"color: #800000;\"><strong><span style=\"font-family: Arial, sans-serif;\">Eu \u00e9gard \u00e0 l\u2019Ind\u00e9pendance et \u00e0 la Justesse de son analyse, il vaut pour tout Parti du Spectre Politique Fran\u00e7ais<\/span>.<\/strong><\/span><\/p>\n<p align=\"JUSTIFY\"><span style=\"color: #800000;\"><strong>\u00a0<\/strong><\/span><\/p>\n<p align=\"JUSTIFY\"><span style=\"color: #800000;\"><strong>Il est au prix de Vingt Cinq Euros Net (25,00 \u20acuros Net). Port gratuit par courrier postal ordinaire. Port forfaitaire de 7,50 \u20acuros par courrier recommand\u00e9 suivi. R\u00e8glement par tout moyen de paiement \u00e0 l\u2019ordre d\u2019\u00c9ric E.G. NOGARD.<\/strong><\/span><\/p>\n<p align=\"JUSTIFY\"><span style=\"color: #800000;\"><strong>\u00a0<\/strong><\/span><\/p>\n<p align=\"CENTER\"><span style=\"color: #800000;\"><strong>Ne Peut \u00eatre reproduit &#8211; m\u00eame partiellement &#8211; sans l\u2019autorisation de l\u2019Auteur.<\/strong><\/span><\/p>\n<p><span style=\"color: #800000;\"><strong>\u00a0<\/strong><\/span><\/p>\n<script type=\"text\/javascript\">\n\nvar addthis_config = {\"data_track_clickback\":false,\"data_track_addressbar\":false,\"data_track_textcopy\":false};\n<\/script><script type=\"text\/javascript\" src=\"\/\/s7.addthis.com\/js\/250\/addthis_widget.js#pubid=f084fdfbcefba74c78dfad3bbc873ffd\"><\/script>","protected":false},"excerpt":{"rendered":"<p align=\"CENTER\"><span style=\"color: #000099;\"><span style=\"font-size: x-large;\">Que de boucan pour un Pipi de Colibri.<\/span><\/span><\/p>\n<p align=\"CENTER\">\n<p align=\"CENTER\"><span style=\"color: #000099;\"><span>=====<\/span><\/span><\/p>\n<p align=\"JUSTIFY\"><span style=\"color: #632423;\"><span style=\"font-family: 'Comic Sans MS', cursive;\"><span style=\"font-size: large;\">Que de Boucan pour un Pipi de Colibri.<\/span><\/span><\/span><\/p>\n<p align=\"JUSTIFY\">\u00a0<\/p>\n<p align=\"JUSTIFY\">\n<p align=\"JUSTIFY\">\n<p align=\"JUSTIFY\">\n<p align=\"JUSTIFY\"><span style=\"color: #800000;\"><span style=\"font-family: 'Comic Sans MS', cursive;\"><span style=\"font-size: large;\">\u00c9ric E.G. NOGARD<\/span><\/span><\/span><\/p>\n<p align=\"JUSTIFY\"><span style=\"color: #800000;\"><span style=\"font-size: large;\">Le petit Chroniqueur<\/span><span style=\"font-size: large;\">.<\/span><\/span><\/p>\n<p>&nbsp;<\/p>\n<p align=\"CENTER\"><span style=\"font-size: large;\">*** *** ***<\/span><\/p>\n<p align=\"CENTER\">\n<p align=\"CENTER\">\n<p align=\"CENTER\"><span style=\"font-size: large;\">F1\u00a0:<\/span><span style=\"color: #c00000;\"><span style=\"font-size: large;\">Lui aussi fait pipi<\/span><\/span><span style=\"color: #c00000;\"><span style=\"font-size: large;\">.<\/span><\/span><\/p>\n<p>&nbsp;<\/p>\n<p align=\"JUSTIFY\"><span style=\"font-family: 'Comic Sans MS', cursive;\"><span style=\"font-size: large;\">Comme <\/span><\/span>&hellip;<\/p>\n","protected":false},"author":1,"featured_media":0,"comment_status":"open","ping_status":"open","sticky":false,"template":"","format":"standard","meta":{"footnotes":""},"categories":[1],"tags":[],"class_list":["post-11294","post","type-post","status-publish","format-standard","hentry","category-accueil"],"_links":{"self":[{"href":"https:\/\/www.lecarrefourdesopinions.ca\/index.php?rest_route=\/wp\/v2\/posts\/11294","targetHints":{"allow":["GET"]}}],"collection":[{"href":"https:\/\/www.lecarrefourdesopinions.ca\/index.php?rest_route=\/wp\/v2\/posts"}],"about":[{"href":"https:\/\/www.lecarrefourdesopinions.ca\/index.php?rest_route=\/wp\/v2\/types\/post"}],"author":[{"embeddable":true,"href":"https:\/\/www.lecarrefourdesopinions.ca\/index.php?rest_route=\/wp\/v2\/users\/1"}],"replies":[{"embeddable":true,"href":"https:\/\/www.lecarrefourdesopinions.ca\/index.php?rest_route=%2Fwp%2Fv2%2Fcomments&post=11294"}],"version-history":[{"count":2,"href":"https:\/\/www.lecarrefourdesopinions.ca\/index.php?rest_route=\/wp\/v2\/posts\/11294\/revisions"}],"predecessor-version":[{"id":11306,"href":"https:\/\/www.lecarrefourdesopinions.ca\/index.php?rest_route=\/wp\/v2\/posts\/11294\/revisions\/11306"}],"wp:attachment":[{"href":"https:\/\/www.lecarrefourdesopinions.ca\/index.php?rest_route=%2Fwp%2Fv2%2Fmedia&parent=11294"}],"wp:term":[{"taxonomy":"category","embeddable":true,"href":"https:\/\/www.lecarrefourdesopinions.ca\/index.php?rest_route=%2Fwp%2Fv2%2Fcategories&post=11294"},{"taxonomy":"post_tag","embeddable":true,"href":"https:\/\/www.lecarrefourdesopinions.ca\/index.php?rest_route=%2Fwp%2Fv2%2Ftags&post=11294"}],"curies":[{"name":"wp","href":"https:\/\/api.w.org\/{rel}","templated":true}]}}