{"id":11282,"date":"2015-02-16T08:58:56","date_gmt":"2015-02-16T13:58:56","guid":{"rendered":"http:\/\/www.lecarrefourdesopinions.ca\/?p=11282"},"modified":"2015-02-16T08:58:56","modified_gmt":"2015-02-16T13:58:56","slug":"tapis-vert-pour-joueurs-a-qui-perd-gagne","status":"publish","type":"post","link":"https:\/\/www.lecarrefourdesopinions.ca\/?p=11282","title":{"rendered":"Tapis-Vert pour Joueurs \u00e0 Qui-perd-gagne."},"content":{"rendered":"<p align=\"CENTER\"><span style=\"color: #000099;\"><span style=\"font-size: x-large;\"><em><strong>Tapis-Vert pour Joueurs \u00e0 Qui-perd-gagne.<\/strong><\/em><\/span><\/span><\/p>\n<p align=\"CENTER\"><img loading=\"lazy\" decoding=\"async\" class=\"aligncenter size-thumbnail wp-image-11283\" title=\"Tapis Vert pour Joueurs \u00e0 qui perd gagne\" src=\"http:\/\/www.lecarrefourdesopinions.ca\/wp-content\/uploads\/2015\/02\/Tapis-Vert-pour-Joueurs-\u00e0-qui-perd-gagne-134x107.jpg\" alt=\"\" width=\"134\" height=\"107\" \/><\/p>\n<p align=\"JUSTIFY\"><span style=\"color: #632423;\"><span style=\"font-family: 'Comic Sans MS', cursive;\"><span style=\"font-size: large;\">Tapis-Vert pour Joueurs \u00e0 Qui-perd-gagne<\/span><\/span><\/span><span style=\"color: #632423;\"><span style=\"font-size: large;\">.<\/span><\/span><\/p>\n<p align=\"JUSTIFY\">\u00a0<img loading=\"lazy\" decoding=\"async\" class=\"alignleft size-thumbnail wp-image-10919\" title=\"Eric\" src=\"http:\/\/www.lecarrefourdesopinions.ca\/wp-content\/uploads\/2014\/09\/Eric-134x107.jpg\" alt=\"\" width=\"134\" height=\"107\" \/><\/p>\n<p align=\"JUSTIFY\"><span style=\"color: #632423;\"><span style=\"font-family: 'Comic Sans MS', cursive;\"><span style=\"font-size: large;\">\u00c9ric E.G. NOGARD<\/span><\/span><\/span><\/p>\n<p align=\"JUSTIFY\"><span style=\"color: #c00000;\"><span style=\"font-size: large;\"><em>Le petit Chroniqueur<\/em><\/span><\/span><span style=\"color: #c00000;\"><span style=\"font-size: large;\">.<\/span><\/span><\/p>\n<p>&nbsp;<\/p>\n<p align=\"CENTER\"><span style=\"font-size: large;\">*** *** ***<\/span><\/p>\n<p align=\"JUSTIFY\">\n<p align=\"JUSTIFY\"><span style=\"font-family: 'Comic Sans MS', cursive;\"><span style=\"font-size: large;\">A entendre nos Grands T\u00e9nors de l\u2019\u00c9conomie dans leur Claque sur la situation budg\u00e9taire de certains Pays de l\u2019Union Europ\u00e9enne \u2013 et tout particuli\u00e8rement de la Gr\u00e8ce et de la France \u2013 peut-on \u00eatre coupable que vous vienne \u00e0 l\u2019esprit l\u2019id\u00e9e que l\u2019Europe serait l\u2019Eldorado des Eldorado, autrement dit, le Tapis-Vert pour les amateurs du Jeu \u00e0 Qui-perd-gagne<\/span><\/span><span style=\"font-size: large;\">.<\/span><\/p>\n<p align=\"JUSTIFY\">\n<p align=\"JUSTIFY\">\n<p align=\"JUSTIFY\"><span style=\"font-size: large;\">Coupable que vous vienne \u00e0 l\u2019esprit une id\u00e9e, car \u00e7\u2019en a tout l\u2019air, cet accident de parcours est en passe, au Pays de la Libert\u00e9 de Pens\u00e9e, de devenir un Crime passible de l\u2019Indignit\u00e9 Nationale, selon un intervenant de France-Inter.<\/span><\/p>\n<p align=\"JUSTIFY\">\n<p align=\"JUSTIFY\"><span style=\"font-size: large;\">Un intervenant de France-Inter \u00e0 travers ce propos\u00a0:<\/span><\/p>\n<p style=\"text-align: center;\" align=\"JUSTIFY\">\n<p align=\"CENTER\"><span style=\"font-size: large;\">\u00ab\u00a0<\/span><span style=\"font-family: Arial, sans-serif;\"><span style=\"font-size: large;\"><em>C\u2019est une Pens\u00e9e que ne permet pas la Loi<\/em><\/span><\/span><span style=\"font-size: large;\">\u00a0\u00bb\u00a0!..<\/span><\/p>\n<p align=\"JUSTIFY\">\n<p align=\"JUSTIFY\">\n<p align=\"JUSTIFY\"><span style=\"font-size: large;\">Ce qui par r\u00e9flexe, nous a fait dire en nous m\u00eame\u00a0:<\/span><\/p>\n<p align=\"JUSTIFY\">\n<p align=\"CENTER\"><span style=\"font-size: large;\">\u00ab\u00a0<\/span><span style=\"font-size: large;\"><em>A vos Thermom\u00e8tres\u2026 la Fi\u00e8vre monte<\/em><\/span><span style=\"font-size: large;\">\u00a0\u00bb.<\/span><\/p>\n<p align=\"JUSTIFY\">\n<p align=\"JUSTIFY\"><span style=\"font-size: large;\">Mais c\u2019est du Tapis-Vert qu\u2019il s\u2019agissait.<\/span><\/p>\n<p align=\"JUSTIFY\">\n<p align=\"JUSTIFY\">\n<p align=\"CENTER\"><img loading=\"lazy\" decoding=\"async\" class=\"aligncenter size-thumbnail wp-image-11284\" title=\"F1 1 Est bien pris qui croyait prendre\" src=\"http:\/\/www.lecarrefourdesopinions.ca\/wp-content\/uploads\/2015\/02\/F1-1-Est-bien-pris-qui-croyait-prendre-134x107.jpg\" alt=\"\" width=\"134\" height=\"107\" \/><\/p>\n<p align=\"JUSTIFY\">\n<p align=\"JUSTIFY\"><span style=\"font-size: large;\"><strong>F1\u00a0:<\/strong><\/span><span style=\"color: #c00000;\"><span style=\"font-size: large;\">\u00ab\u00a0<\/span><\/span><span style=\"color: #c00000;\"><span style=\"font-family: 'Comic Sans MS', cursive;\"><span style=\"font-size: large;\"><em>Est bien pris qui croyait prendre<\/em><\/span><\/span><\/span><span style=\"color: #c00000;\"><span style=\"font-size: large;\">\u00a0\u00bb Cet adage qui serait <\/span><\/span><span style=\"color: #c00000;\"><span style=\"font-family: Arial, sans-serif;\"><span style=\"font-size: large;\"><em>later of date<\/em><\/span><\/span><\/span><span style=\"color: #c00000;\"><span style=\"font-size: large;\">.<\/span><\/span><\/p>\n<p align=\"JUSTIFY\">\n<p align=\"JUSTIFY\">\n<p align=\"JUSTIFY\"><span style=\"font-size: large;\">Chacun est l\u00e0 pour reconna\u00eetre et jurer que\u00a0:<\/span><\/p>\n<p align=\"JUSTIFY\">\n<ul>\n<li>\n<p align=\"JUSTIFY\"><span style=\"font-size: large;\">La Gr\u00e8ce a Trafiqu\u00e9 ses comptes pour \u00ab\u00a0entrer dans l\u2019Europe\u00a0\u00bb.<\/span><\/p>\n<\/li>\n<\/ul>\n<p align=\"JUSTIFY\">\n<p align=\"JUSTIFY\"><span style=\"font-size: large;\">\u00c9tait-ce pour y jouer les Ch\u00e9rubins.<\/span><\/p>\n<p align=\"JUSTIFY\">\n<p align=\"JUSTIFY\"><span style=\"font-size: large;\">Et maintenant qu\u2019elle s\u2019y est cass\u00e9 le bout du nez, qui doit trinquer\u2026 surtout que la France n\u2019entend pas perdre ses billes \u00e0 ce march\u00e9 de larrons en f\u00eate foraine.<\/span><\/p>\n<p align=\"CENTER\"><img loading=\"lazy\" decoding=\"async\" class=\"alignnone size-large wp-image-11290\" title=\"F1 2 Est bien pris qui croyait prendre\" src=\"http:\/\/www.lecarrefourdesopinions.ca\/wp-content\/uploads\/2015\/02\/F1-2-Est-bien-pris-qui-croyait-prendre1-1024x251.jpg\" alt=\"\" width=\"450\" height=\"110\" srcset=\"https:\/\/www.lecarrefourdesopinions.ca\/wp-content\/uploads\/2015\/02\/F1-2-Est-bien-pris-qui-croyait-prendre1-1024x251.jpg 1024w, https:\/\/www.lecarrefourdesopinions.ca\/wp-content\/uploads\/2015\/02\/F1-2-Est-bien-pris-qui-croyait-prendre1-300x73.jpg 300w, https:\/\/www.lecarrefourdesopinions.ca\/wp-content\/uploads\/2015\/02\/F1-2-Est-bien-pris-qui-croyait-prendre1-400x98.jpg 400w, https:\/\/www.lecarrefourdesopinions.ca\/wp-content\/uploads\/2015\/02\/F1-2-Est-bien-pris-qui-croyait-prendre1.jpg 1383w\" sizes=\"auto, (max-width: 450px) 100vw, 450px\" \/><\/p>\n<p align=\"CENTER\"><span style=\"font-size: large;\"><strong>F2\u00a0:<\/strong><\/span><span style=\"color: #c00000;\"><span style=\"font-size: large;\"><em>Y a d\u2019la joie\u00a0!.. Bonjour les gobe-mouches.<\/em><\/span><\/span><\/p>\n<p align=\"JUSTIFY\">\n<ul>\n<li>\n<p align=\"JUSTIFY\"><span style=\"font-size: large;\">La France a Festival\u00e9 et Album\u00e9 tant qu\u2019elle a pu, la Cigale qu\u2019elle est c\u00f4t\u00e9 cour, tandis que ses gros-malins planquaient leurs billes, c\u00f4t\u00e9 jardin pour ne pas dire en Paradis Fiscal.<\/span><\/p>\n<\/li>\n<\/ul>\n<p align=\"JUSTIFY\">\n<p align=\"JUSTIFY\"><span style=\"font-size: large;\">Et maintenant qu\u2019arrive ce qui \u00e9tait \u00e0 pr\u00e9voir, il faut trinquer.<\/span><\/p>\n<p align=\"JUSTIFY\">\n<p align=\"JUSTIFY\"><span style=\"font-size: large;\">Qui doit trinquer pour qui.<\/span><\/p>\n<p align=\"JUSTIFY\">\n<p align=\"CENTER\"><img loading=\"lazy\" decoding=\"async\" class=\"aligncenter size-medium wp-image-11285\" title=\"F3 Porte MERKEL\" src=\"http:\/\/www.lecarrefourdesopinions.ca\/wp-content\/uploads\/2015\/02\/F3-Porte-MERKEL-300x197.jpg\" alt=\"\" width=\"300\" height=\"197\" srcset=\"https:\/\/www.lecarrefourdesopinions.ca\/wp-content\/uploads\/2015\/02\/F3-Porte-MERKEL-300x197.jpg 300w, https:\/\/www.lecarrefourdesopinions.ca\/wp-content\/uploads\/2015\/02\/F3-Porte-MERKEL-400x263.jpg 400w, https:\/\/www.lecarrefourdesopinions.ca\/wp-content\/uploads\/2015\/02\/F3-Porte-MERKEL.jpg 550w\" sizes=\"auto, (max-width: 300px) 100vw, 300px\" \/><\/p>\n<p align=\"JUSTIFY\"><span style=\"font-size: large;\"><strong>F3\u00a0:<\/strong><\/span><span style=\"color: #c00000;\"><span style=\"font-size: large;\"><em>Porte MERKEL, peut \u00eatre S\u00e9v\u00e8re, Mais pas ouverte aux \u00ab\u00a0quatre vents\u00a0\u00bb.<\/em><\/span><\/span><\/p>\n<p align=\"JUSTIFY\">\n<p align=\"JUSTIFY\">\n<ul>\n<li>\n<p align=\"JUSTIFY\"><span style=\"font-size: large;\">Quant \u00e0 l\u2019Allemagne, \u00e0 ce qu\u2019on dit et sans que nul ne puisse pr\u00e9tendre le contraire, elle n\u2019a, ni trich\u00e9 sur ses \u00e9critures comptables, ni fait la Callas, le Caruso ni la Fl\u00fbte Enchant\u00e9e sur le Pont d\u2019Avignon, la Porte de Brandebourg ou ailleurs\u2026 elle a trim\u00e9, su\u00e9 sang et eau pour se sortir de la gadoue.<\/span><\/p>\n<\/li>\n<\/ul>\n<p align=\"JUSTIFY\">\n<p align=\"CENTER\"><img loading=\"lazy\" decoding=\"async\" class=\"aligncenter size-thumbnail wp-image-11286\" title=\"F4 Y a ka forcer la porte de Brandebourg\" src=\"http:\/\/www.lecarrefourdesopinions.ca\/wp-content\/uploads\/2015\/02\/F4-Y-a-ka-forcer-la-porte-de-Brandebourg-134x107.gif\" alt=\"\" width=\"134\" height=\"107\" \/><\/p>\n<p align=\"CENTER\"><span style=\"font-size: large;\"><strong>F4\u00a0:<\/strong><\/span><span style=\"color: #c00000;\"><span style=\"font-size: large;\"><em>Y a \u00ab\u00a0ka\u00a0\u00bb forcer la Porte de Brandebourg\u00a0!..<\/em><\/span><\/span><\/p>\n<p align=\"JUSTIFY\"><span style=\"font-size: large;\">Est-ce \u00e0 Madame MERKEL de payer l\u2019Ardoise ou de nos gais-lurrons, ou de nos <\/span><span style=\"font-family: Arial, sans-serif;\"><span style=\"font-size: large;\"><em>DALTON\u2019s Brothers<\/em><\/span><\/span><span style=\"font-size: large;\">.<\/span><\/p>\n<p align=\"JUSTIFY\">\n<p align=\"JUSTIFY\"><span style=\"font-size: large;\">C\u2019e\u00fbt \u00e9t\u00e9 jouer \u00e0 qui perd gagne, alors c\u2019est NON.<\/span><\/p>\n<p align=\"JUSTIFY\">\n<p align=\"JUSTIFY\"><span style=\"font-size: large;\">Si l\u2019Europe peut tenir, qu\u2019elle tienne, cependant le pourra-t-elle \u00e0 ce jeu l\u00e0.<\/span><\/p>\n<p align=\"JUSTIFY\">\n<p align=\"JUSTIFY\"><span style=\"font-size: large;\">Si des fois, elle ne le pouvait pas\u2026 \u00e0 l\u2019impossibilit\u00e9 nul n\u2019est tenu, nous dit l\u2019adage.<\/span><\/p>\n<p align=\"JUSTIFY\">\n<p align=\"JUSTIFY\"><span style=\"font-size: large;\">Alors tenons-le nous pour dit.<\/span><\/p>\n<p style=\"text-align: center;\" align=\"JUSTIFY\">\n<p align=\"CENTER\"><img loading=\"lazy\" decoding=\"async\" class=\"aligncenter size-thumbnail wp-image-11287\" title=\"F5 Porte de Brandeboug  vous \u00eates bien gard\u00e9e\" src=\"http:\/\/www.lecarrefourdesopinions.ca\/wp-content\/uploads\/2015\/02\/F5-Porte-de-Brandeboug-vous-\u00eates-bien-gard\u00e9e-134x107.jpg\" alt=\"\" width=\"134\" height=\"107\" \/><\/p>\n<p align=\"CENTER\"><span style=\"font-size: large;\"><strong>F5\u00a0:<\/strong><\/span><span style=\"color: #c00000;\"><span style=\"font-size: large;\"><em>Porte de Brandebourg, vous \u00eates bien gard\u00e9e.<\/em><\/span><\/span><\/p>\n<p align=\"JUSTIFY\">\n<p align=\"JUSTIFY\">\n<p align=\"JUSTIFY\"><span style=\"font-family: 'Comic Sans MS', cursive;\"><span style=\"font-size: large;\">Assez de triche dans les propos, assez de lavage des cerveaux.<\/span><\/span><\/p>\n<p align=\"JUSTIFY\">\n<p align=\"JUSTIFY\"><span style=\"font-family: 'Comic Sans MS', cursive;\"><span style=\"font-size: large;\">Que la D\u00e9mocratie arr\u00eate d\u2019\u00eatre la Loi d\u2019un plus grand nombre de Tout-venant, voici venu le temps de Jouer Franc-jeu.<\/span><\/span><\/p>\n<p align=\"JUSTIFY\">\n<p align=\"JUSTIFY\"><span style=\"font-family: 'Comic Sans MS', cursive;\"><span style=\"font-size: large;\">On ne joue pas impun\u00e9ment \u00e0 qui perd gagne.<\/span><\/span><\/p>\n<p align=\"JUSTIFY\">\n<p align=\"JUSTIFY\"><span style=\"font-family: 'Comic Sans MS', cursive;\"><span style=\"font-size: large;\">L\u2019Europe, en tout-cas, ne peut plus \u00eatre le Tapis-Vert propre \u00e0 ce Jeu de Coquins<\/span><\/span><span style=\"font-size: large;\">.<\/span><\/p>\n<p align=\"JUSTIFY\">\n<p align=\"JUSTIFY\"><span style=\"font-size: large;\">\u00c9ric E.G. NOGARD<\/span><\/p>\n<p align=\"JUSTIFY\">\n<p align=\"CENTER\">\n<p align=\"CENTER\"><span style=\"font-size: large;\">*** *** ***<\/span><\/p>\n<p>&nbsp;<\/p>\n<p><span style=\"color: #ff0000;\"><span style=\"font-size: large;\"><strong>Nota : <\/strong><\/span><\/span><span style=\"color: #000000;\"><span style=\"font-size: large;\">Nous ne traitons que de Faits et de Noms rendus Publics.<\/span><\/span><\/p>\n<p align=\"CENTER\">\n<p align=\"CENTER\"><span style=\"color: #000000;\"><span style=\"font-size: large;\">*** *** ***<\/span><\/span><\/p>\n<p align=\"CENTER\">\n<p align=\"JUSTIFY\">\n<p align=\"JUSTIFY\"><span style=\"font-size: large;\"><strong>N.B.:<\/strong><\/span><span style=\"font-size: large;\"> &#8211; <\/span><span style=\"color: #c00000;\"><span style=\"font-family: 'Comic Sans MS', cursive;\"><span style=\"font-size: large;\">Nous Recommandons instamment et syst\u00e9matiquement l\u2019ouverture de la (ou des) pi\u00e8ce(s) jointe(s) \u00e0 l\u2019e-mail, sous format Pdf, <\/span><\/span><\/span><span style=\"color: #c00000;\"><span style=\"font-family: 'Comic Sans MS', cursive;\"><span style=\"font-size: large;\"><span style=\"text-decoration: underline;\">les illustrations y sont incluses<\/span><\/span><\/span><\/span><span style=\"color: #c00000;\"><span style=\"font-family: 'Comic Sans MS', cursive;\"><span style=\"font-size: large;\">.<\/span><\/span><\/span><\/p>\n<p align=\"JUSTIFY\">\n<p align=\"CENTER\">\n<p align=\"CENTER\"><span style=\"font-size: large;\"><strong>*** *** ***<\/strong><\/span><\/p>\n<p align=\"CENTER\"><span style=\"color: #632423;\"><span><strong>Avis de vente de M\u00e9moire<\/strong>.<\/span><\/span><\/p>\n<p align=\"JUSTIFY\">\n<p align=\"JUSTIFY\">\n<p align=\"JUSTIFY\"><strong><span style=\"color: #003366;\"><span style=\"font-family: Arial, sans-serif;\">Demandez le M\u00e9moire de \u00ab\u00a0<\/span><\/span><span style=\"color: #003366;\"><span style=\"font-family: Arial, sans-serif;\"><em>Martinique Province Fran\u00e7aise d\u2019Am\u00e9rique<\/em><\/span><\/span><span style=\"color: #003366;\"><span style=\"font-family: Arial, sans-serif;\">\u00a0\u00bb au Front National Fran\u00e7ais.<\/span><\/span><\/strong><\/p>\n<p align=\"JUSTIFY\"><strong>\u00a0<\/strong><\/p>\n<p align=\"JUSTIFY\"><strong><span style=\"color: #003366;\"><span style=\"font-family: Arial, sans-serif;\">Eu \u00e9gard \u00e0 l\u2019Ind\u00e9pendance et \u00e0 la Justesse de son analyse, il vaut pour tout Parti du Spectre Politique Fran\u00e7ais<\/span><\/span><span style=\"color: #003366;\">.<\/span><\/strong><\/p>\n<p align=\"JUSTIFY\"><strong>\u00a0<\/strong><\/p>\n<p align=\"JUSTIFY\"><strong><span style=\"color: #003366;\">Il est au prix de Vingt Cinq Euros Net (25,00 \u20acuros Net). Port gratuit par courrier postal ordinaire. Port forfaitaire de 7,50 \u20acuros par courrier recommand\u00e9 suivi. R\u00e8glement par tout moyen de paiement \u00e0 l\u2019ordre d\u2019\u00c9ric E.G. NOGARD.<\/span><\/strong><\/p>\n<p align=\"JUSTIFY\"><strong>\u00a0<\/strong><\/p>\n<p align=\"CENTER\"><span style=\"color: #ff0000;\"><span><strong>Ne Peut \u00eatre reproduit &#8211; m\u00eame partiellement &#8211; sans l\u2019autorisation de l\u2019Auteur.<\/strong><\/span><\/span><\/p>\n<p align=\"JUSTIFY\">\n<script type=\"text\/javascript\">\n\nvar addthis_config = {\"data_track_clickback\":false,\"data_track_addressbar\":false,\"data_track_textcopy\":false};\n<\/script><script type=\"text\/javascript\" src=\"\/\/s7.addthis.com\/js\/250\/addthis_widget.js#pubid=f084fdfbcefba74c78dfad3bbc873ffd\"><\/script>","protected":false},"excerpt":{"rendered":"<p align=\"CENTER\"><span style=\"color: #000099;\"><span style=\"font-size: x-large;\">Tapis-Vert pour Joueurs \u00e0 Qui-perd-gagne.<\/span><\/span><\/p>\n<p align=\"CENTER\">\n<p align=\"JUSTIFY\"><span style=\"color: #632423;\"><span style=\"font-family: 'Comic Sans MS', cursive;\"><span style=\"font-size: large;\">Tapis-Vert pour Joueurs \u00e0 Qui-perd-gagne<\/span><\/span><\/span><span style=\"color: #632423;\"><span style=\"font-size: large;\">.<\/span><\/span><\/p>\n<p align=\"JUSTIFY\">\u00a0<\/p>\n<p align=\"JUSTIFY\"><span style=\"color: #632423;\"><span style=\"font-family: 'Comic Sans MS', cursive;\"><span style=\"font-size: large;\">\u00c9ric E.G. NOGARD<\/span><\/span><\/span><\/p>\n<p align=\"JUSTIFY\"><span style=\"color: #c00000;\"><span style=\"font-size: large;\">Le petit Chroniqueur<\/span><\/span><span style=\"color: #c00000;\"><span style=\"font-size: large;\">.<\/span><\/span><\/p>\n<p>&nbsp;<\/p>\n<p align=\"CENTER\"><span style=\"font-size: large;\">*** *** ***<\/span><\/p>\n<p align=\"JUSTIFY\">\n<p align=\"JUSTIFY\"><span style=\"font-family: 'Comic Sans MS', cursive;\"><span style=\"font-size: large;\">A entendre nos Grands T\u00e9nors de l\u2019\u00c9conomie dans leur Claque sur la situation budg\u00e9taire de <\/span><\/span>&hellip;<\/p>\n","protected":false},"author":1,"featured_media":0,"comment_status":"open","ping_status":"open","sticky":false,"template":"","format":"standard","meta":{"footnotes":""},"categories":[1],"tags":[],"class_list":["post-11282","post","type-post","status-publish","format-standard","hentry","category-accueil"],"_links":{"self":[{"href":"https:\/\/www.lecarrefourdesopinions.ca\/index.php?rest_route=\/wp\/v2\/posts\/11282","targetHints":{"allow":["GET"]}}],"collection":[{"href":"https:\/\/www.lecarrefourdesopinions.ca\/index.php?rest_route=\/wp\/v2\/posts"}],"about":[{"href":"https:\/\/www.lecarrefourdesopinions.ca\/index.php?rest_route=\/wp\/v2\/types\/post"}],"author":[{"embeddable":true,"href":"https:\/\/www.lecarrefourdesopinions.ca\/index.php?rest_route=\/wp\/v2\/users\/1"}],"replies":[{"embeddable":true,"href":"https:\/\/www.lecarrefourdesopinions.ca\/index.php?rest_route=%2Fwp%2Fv2%2Fcomments&post=11282"}],"version-history":[{"count":4,"href":"https:\/\/www.lecarrefourdesopinions.ca\/index.php?rest_route=\/wp\/v2\/posts\/11282\/revisions"}],"predecessor-version":[{"id":11308,"href":"https:\/\/www.lecarrefourdesopinions.ca\/index.php?rest_route=\/wp\/v2\/posts\/11282\/revisions\/11308"}],"wp:attachment":[{"href":"https:\/\/www.lecarrefourdesopinions.ca\/index.php?rest_route=%2Fwp%2Fv2%2Fmedia&parent=11282"}],"wp:term":[{"taxonomy":"category","embeddable":true,"href":"https:\/\/www.lecarrefourdesopinions.ca\/index.php?rest_route=%2Fwp%2Fv2%2Fcategories&post=11282"},{"taxonomy":"post_tag","embeddable":true,"href":"https:\/\/www.lecarrefourdesopinions.ca\/index.php?rest_route=%2Fwp%2Fv2%2Ftags&post=11282"}],"curies":[{"name":"wp","href":"https:\/\/api.w.org\/{rel}","templated":true}]}}