{"id":11267,"date":"2015-02-01T17:32:04","date_gmt":"2015-02-01T22:32:04","guid":{"rendered":"http:\/\/www.lecarrefourdesopinions.ca\/?p=11267"},"modified":"2015-02-01T17:32:04","modified_gmt":"2015-02-01T22:32:04","slug":"serions-nous-plus-bornes-quobstines","status":"publish","type":"post","link":"https:\/\/www.lecarrefourdesopinions.ca\/?p=11267","title":{"rendered":"Serions-nous plus born\u00e9s qu\u2019obstin\u00e9s."},"content":{"rendered":"<p align=\"CENTER\">\n<p align=\"CENTER\"><span style=\"color: #000099;\"><span style=\"font-size: x-large;\"><em><strong>Serions-nous plus born\u00e9s qu\u2019obstin\u00e9s.<\/strong><\/em><\/span><\/span><\/p>\n<p align=\"CENTER\">\n<p align=\"CENTER\"><span style=\"color: #000099;\"><span><strong>=====<\/strong><\/span><\/span><\/p>\n<p align=\"JUSTIFY\">\n<p align=\"JUSTIFY\">\n<p align=\"JUSTIFY\"><span style=\"color: #632423;\"><span style=\"font-family: 'Comic Sans MS', cursive;\"><span style=\"font-size: large;\">Serions-nous plus born\u00e9s qu\u2019obstin\u00e9s.<\/span><\/span><\/span><\/p>\n<p align=\"JUSTIFY\">\u00a0<img loading=\"lazy\" decoding=\"async\" class=\"alignleft size-thumbnail wp-image-10919\" title=\"Eric\" src=\"http:\/\/www.lecarrefourdesopinions.ca\/wp-content\/uploads\/2014\/09\/Eric-134x107.jpg\" alt=\"\" width=\"134\" height=\"107\" \/><\/p>\n<p align=\"JUSTIFY\">\n<p align=\"JUSTIFY\">\n<p align=\"JUSTIFY\">\n<p align=\"JUSTIFY\"><span style=\"color: #632423;\"><span style=\"font-family: 'Comic Sans MS', cursive;\"><span style=\"font-size: large;\">\u00c9ric E.G. NOGARD<\/span><\/span><\/span><\/p>\n<p align=\"JUSTIFY\"><span style=\"color: #c00000;\"><span style=\"font-size: large;\"><em>Le petit Chroniqueur<\/em><\/span><\/span><span style=\"color: #c00000;\"><span style=\"font-size: large;\">.<\/span><\/span><\/p>\n<p>&nbsp;<\/p>\n<p align=\"CENTER\"><span style=\"font-size: large;\">*** *** ***<\/span><\/p>\n<p align=\"CENTER\">\n<p align=\"CENTER\"><img loading=\"lazy\" decoding=\"async\" class=\"alignnone size-medium wp-image-11268\" title=\"F1 Bapteme de Clovis\" src=\"http:\/\/www.lecarrefourdesopinions.ca\/wp-content\/uploads\/2015\/01\/F1-Bapteme-de-Clovis-300x230.jpg\" alt=\"\" width=\"300\" height=\"230\" srcset=\"https:\/\/www.lecarrefourdesopinions.ca\/wp-content\/uploads\/2015\/01\/F1-Bapteme-de-Clovis-300x230.jpg 300w, https:\/\/www.lecarrefourdesopinions.ca\/wp-content\/uploads\/2015\/01\/F1-Bapteme-de-Clovis-400x307.jpg 400w, https:\/\/www.lecarrefourdesopinions.ca\/wp-content\/uploads\/2015\/01\/F1-Bapteme-de-Clovis.jpg 960w\" sizes=\"auto, (max-width: 300px) 100vw, 300px\" \/><\/p>\n<p align=\"CENTER\"><span style=\"font-size: large;\"><strong>F1\u00a0:<\/strong><\/span><span style=\"color: #c00000;\"><em>Bapt\u00eame de Clovis, par Saint R\u00e9mi, \u00e0 la Cath\u00e9drale de Reims, entre 496 et 506.<\/em><\/span><\/p>\n<p align=\"JUSTIFY\">\n<p align=\"JUSTIFY\"><span style=\"font-family: 'Comic Sans MS', cursive;\"><span style=\"font-size: large;\">Pers\u00e9v\u00e9rer dans une voie dont rien n\u2019indique qu\u2019elle soit mauvaise, et m\u00eame quand tout dit qu\u2019elle promet, sauf qu\u2019en toute chose, il y a un prix \u00e0 payer.<\/span><\/span><\/p>\n<p align=\"JUSTIFY\">\n<p align=\"JUSTIFY\"><span style=\"font-family: 'Comic Sans MS', cursive;\"><span style=\"font-size: large;\">N\u2019est-ce pas cela l\u2019obstination<\/span><\/span><span style=\"font-size: large;\">.<\/span><\/p>\n<p align=\"JUSTIFY\">\n<p align=\"JUSTIFY\">\n<p align=\"JUSTIFY\"><span style=\"font-family: 'Comic Sans MS', cursive;\"><span style=\"font-size: large;\"><em>En revanche<\/em><\/span><\/span><span style=\"font-size: large;\">.<\/span><\/p>\n<p align=\"JUSTIFY\">\n<p align=\"JUSTIFY\"><span style=\"font-family: 'Comic Sans MS', cursive;\"><span style=\"font-size: large;\">S\u2019ent\u00eater telle une mule \u00e0 faire sortir le sang d\u2019une pierre, malgr\u00e9 l\u2019acharnement qu\u2019on y met, en d\u00e9pit de moyens qui font rougir \u2013 rappelons-nous la Guillotine, les Comit\u00e9s de salut Public et autres fl\u00e9aux, sans parler du fameux CONCORDAT qui prendrait sa source dans la CONCORDE \u2013 et ce, depuis combien de si\u00e8cles\u2026 en vain<\/span><\/span><span style=\"font-size: large;\">.<\/span><\/p>\n<p align=\"JUSTIFY\">\n<p align=\"CENTER\"><img loading=\"lazy\" decoding=\"async\" class=\"alignnone size-full wp-image-11269\" title=\"F2 Signature du Concordat\" src=\"http:\/\/www.lecarrefourdesopinions.ca\/wp-content\/uploads\/2015\/01\/F2-Signature-du-Concordat.jpg\" alt=\"\" width=\"220\" height=\"171\" \/><\/p>\n<p align=\"CENTER\"><span style=\"font-size: large;\"><strong>F2\u00a0:<\/strong><\/span><span style=\"color: #c00000;\"><span style=\"font-size: large;\"><em>Signature du Concordat entre la France et le Saint-Si\u00e8ge.<\/em><\/span><\/span><\/p>\n<p align=\"JUSTIFY\">\n<p align=\"JUSTIFY\"><span style=\"font-family: 'Comic Sans MS', cursive;\"><span style=\"font-size: large;\">N\u2019est-ce pas cela \u00eatre born\u00e9<\/span><\/span><span style=\"font-size: large;\">. <\/span><\/p>\n<p align=\"JUSTIFY\">\n<p align=\"JUSTIFY\">\n<p align=\"JUSTIFY\"><span style=\"font-family: 'Comic Sans MS', cursive;\"><span style=\"font-size: large;\"><em>Bref<\/em><\/span><\/span><span style=\"font-size: large;\">.<\/span><\/p>\n<p align=\"JUSTIFY\">\n<p align=\"JUSTIFY\"><span style=\"font-size: large;\">Tout cela, pour en venir \u00e0 la France, cette Fille A\u00een\u00e9e du Catholicisme \u2013 le mot n\u2019est pas de nous, \u00e0 Martinique Province Fran\u00e7aise d\u2019Am\u00e9rique \u2013 La Fille A\u00een\u00e9e d\u2019un Catholicisme vou\u00e9 \u00e0 l\u2019\u00c9chafaud pour que devienne La\u00efque notre Ch\u00e8re R\u00e9publique.<\/span><\/p>\n<p align=\"JUSTIFY\">\n<p align=\"JUSTIFY\"><span style=\"font-size: large;\">Et cela dure depuis plus de deux si\u00e8cles, pour peu que nous prenions pour date de r\u00e9f\u00e9rence la d\u00e9capitation de notre Roi LOUIS le XVI <\/span><sup><span style=\"font-size: large;\">e<\/span><\/sup><span style=\"font-size: large;\"> dit le CAPET. <\/span><\/p>\n<p align=\"JUSTIFY\">\n<p align=\"JUSTIFY\">\n<p align=\"JUSTIFY\"><span style=\"font-family: 'Comic Sans MS', cursive;\"><span style=\"font-size: large;\"><em>Pour peu que nous soyions bons joueurs\u2026 donc bon perdants<\/em><\/span><\/span><span style=\"font-size: large;\">.<\/span><\/p>\n<p align=\"JUSTIFY\">\n<p align=\"JUSTIFY\"><span style=\"font-family: Arial, sans-serif;\"><span style=\"font-size: large;\">Si la France devait \u00eatre La\u00efque, ne le serait-elle pas d\u00e9j\u00e0<\/span><\/span><span style=\"font-size: large;\">.<\/span><\/p>\n<p align=\"JUSTIFY\">\n<p align=\"JUSTIFY\"><span style=\"font-size: large;\">Pourquoi cette Sempiternelle Contradiction qui veut que notre Catholicisme, par Concordat, soit mis au rencart, faute de parvenir \u00e0 son extermination, et que rien de Populo-Officiel ne se fasse sans lui.<\/span><\/p>\n<p align=\"JUSTIFY\">\n<p align=\"CENTER\"><img loading=\"lazy\" decoding=\"async\" class=\"alignnone size-medium wp-image-11270\" title=\"F3 Le Goupillon malgr\u00e9 la Guillotine\" src=\"http:\/\/www.lecarrefourdesopinions.ca\/wp-content\/uploads\/2015\/01\/F3-Le-Goupillon-malgr\u00e9-la-Guillotine-300x137.png\" alt=\"\" width=\"300\" height=\"137\" srcset=\"https:\/\/www.lecarrefourdesopinions.ca\/wp-content\/uploads\/2015\/01\/F3-Le-Goupillon-malgr\u00e9-la-Guillotine-300x137.png 300w, https:\/\/www.lecarrefourdesopinions.ca\/wp-content\/uploads\/2015\/01\/F3-Le-Goupillon-malgr\u00e9-la-Guillotine-400x183.png 400w, https:\/\/www.lecarrefourdesopinions.ca\/wp-content\/uploads\/2015\/01\/F3-Le-Goupillon-malgr\u00e9-la-Guillotine.png 1010w\" sizes=\"auto, (max-width: 300px) 100vw, 300px\" \/><\/p>\n<p align=\"CENTER\"><span style=\"font-size: large;\"><strong>F3\u00a0:<\/strong><\/span><span style=\"color: #c00000;\"><span style=\"font-size: large;\"><em>Le Goupillon malgr\u00e9 la Guillotine.<\/em><\/span><\/span><\/p>\n<p align=\"JUSTIFY\">\n<p align=\"JUSTIFY\"><span style=\"font-size: large;\">Quelle F\u00eate Patronale ou quelle c\u00e9l\u00e9bration se fait sans le Goupillon ou Aspersoir de Monsieur le Cur\u00e9\u2026 \u00e0 Don Camillo et \u00e0 Peppone de nous le dire.<\/span><\/p>\n<p align=\"JUSTIFY\">\n<p align=\"JUSTIFY\">\n<p align=\"CENTER\"><img loading=\"lazy\" decoding=\"async\" class=\"alignnone size-medium wp-image-11274\" title=\"F4 1 B\u00e9n\u00e9diction de la Maison\" src=\"http:\/\/www.lecarrefourdesopinions.ca\/wp-content\/uploads\/2015\/01\/F4-1-B\u00e9n\u00e9diction-de-la-Maison-300x225.jpg\" alt=\"\" width=\"300\" height=\"225\" srcset=\"https:\/\/www.lecarrefourdesopinions.ca\/wp-content\/uploads\/2015\/01\/F4-1-B\u00e9n\u00e9diction-de-la-Maison-300x225.jpg 300w, https:\/\/www.lecarrefourdesopinions.ca\/wp-content\/uploads\/2015\/01\/F4-1-B\u00e9n\u00e9diction-de-la-Maison-400x300.jpg 400w, https:\/\/www.lecarrefourdesopinions.ca\/wp-content\/uploads\/2015\/01\/F4-1-B\u00e9n\u00e9diction-de-la-Maison.jpg 640w\" sizes=\"auto, (max-width: 300px) 100vw, 300px\" \/><\/p>\n<p align=\"CENTER\"><span style=\"font-size: large;\"><strong>F4\u00a0:<\/strong><\/span><span style=\"color: #c00000;\"><span style=\"font-size: large;\"><em>B\u00e9n\u00e9diction de la Maison, de l\u2019Outil de Travail&#8230;<\/em><\/span><\/span><\/p>\n<p align=\"JUSTIFY\">\n<p align=\"JUSTIFY\"><span style=\"font-size: large;\">Quelle Fran\u00e7ais, en cachette ou pas, mais quand m\u00eame, ne fait B\u00e9nir son Outil de Travail, sa Maison, ou porter son enfant sur les Fonts Baptismaux.<\/span><\/p>\n<p align=\"JUSTIFY\">\n<p align=\"JUSTIFY\"><span style=\"font-size: large;\">Il va de soi que nous ne faisons pas r\u00e9f\u00e9rence aux devenus Fran\u00e7ais pour autre chose que pour la Foi Fran\u00e7aise.<\/span><\/p>\n<p align=\"JUSTIFY\">\n<p align=\"JUSTIFY\"><span style=\"font-size: large;\">Quel site Catholique\u00a0: le Mont Saint-Michel, la Cath\u00e9drale de Reims, la Grotte de Lourdes\u2026 n\u2019est partie int\u00e9grante de l\u2019EGO Fran\u00e7ais.<\/span><\/p>\n<p align=\"JUSTIFY\">\n<p align=\"CENTER\"><img loading=\"lazy\" decoding=\"async\" class=\"alignnone size-medium wp-image-11272\" title=\"F6 2 cathedrale-de-reims\" src=\"http:\/\/www.lecarrefourdesopinions.ca\/wp-content\/uploads\/2015\/01\/F6-2-cathedrale-de-reims-270x300.jpg\" alt=\"\" width=\"270\" height=\"300\" srcset=\"https:\/\/www.lecarrefourdesopinions.ca\/wp-content\/uploads\/2015\/01\/F6-2-cathedrale-de-reims-270x300.jpg 270w, https:\/\/www.lecarrefourdesopinions.ca\/wp-content\/uploads\/2015\/01\/F6-2-cathedrale-de-reims.jpg 370w\" sizes=\"auto, (max-width: 270px) 100vw, 270px\" \/><\/p>\n<p align=\"CENTER\">\n<p align=\"CENTER\"><span style=\"font-size: large;\"><strong>F6\u00a0:<\/strong><\/span><span style=\"color: #c00000;\"><span style=\"font-size: large;\"><em>Quelle Religion, m\u00eame celle de \u00ab\u00a0l\u2019\u00catre Supr\u00eame\u00a0\u00bb vaut mieux et en quoi.<\/em><\/span><\/span><\/p>\n<p align=\"JUSTIFY\"><span style=\"font-family: Arial, sans-serif;\"><span style=\"font-size: large;\">Or, cracher sur notre Catholicisme pour se prosterner obs\u00e9quieusement devant le Juda\u00efsme, le Mahom\u00e9tisme, le Bouddhisme, le Confucianisme\u2026 ou le Vaudou<\/span><\/span><span style=\"font-size: large;\">.<\/span><\/p>\n<p align=\"JUSTIFY\">\n<p align=\"JUSTIFY\"><span style=\"font-size: large;\">Nous respectons ces Croyances Religieuses.<\/span><\/p>\n<p align=\"JUSTIFY\">\n<p align=\"JUSTIFY\"><span style=\"font-size: large;\">Cependant, en quoi vaudraient-elles davantage que notre Catholicisme Romain\u2026 car nous sommes Gallo-Romains comme Abdallah est Musulman, comme David est Juif.<\/span><\/p>\n<p align=\"JUSTIFY\">\n<p align=\"JUSTIFY\"><span style=\"font-size: large;\">Et en quoi, ou Abdallah, ou David, consentirait-il que chez lui, ou un La\u00efque \u2013 ou pr\u00e9tendu tel \u2013 ou un Catholique, ou un quoi que ce soit d\u2019autre, transgresse si peu que ce soit les R\u00e8gles du Mahom\u00e9tisme chez les Musulmans et celles du Juda\u00efsme chez les Juifs.<\/span><\/p>\n<p align=\"JUSTIFY\">\n<p align=\"JUSTIFY\">\n<p align=\"JUSTIFY\"><span style=\"font-family: Arial, sans-serif;\"><span style=\"font-size: large;\">C\u2019est que selon eux<\/span><\/span><span style=\"font-size: large;\">.<\/span><\/p>\n<p align=\"JUSTIFY\">\n<p align=\"JUSTIFY\"><span style=\"font-size: large;\">Chez eux leurs US et Coutumes veulent bien consentir \u00e0 l\u2019hospitalit\u00e9 comme \u00e0 la tol\u00e9rance selon le principe qui veut que le Charbonnier soit le Ma\u00eetre de sa Cabane.<\/span><\/p>\n<p align=\"JUSTIFY\">\n<p align=\"JUSTIFY\"><span style=\"font-size: large;\">De m\u00eame que, selon nous, \u00e0 Martinique Province Fran\u00e7aise d\u2019Am\u00e9rique, une France Catholique Ma\u00eetresse d\u2019elle-m\u00eame, au lieu de se soumettre par quelles pirouettes de langage ou de La\u00efcisme, et Ma\u00eetresse chez elle\u2026 voil\u00e0 ce qu\u2019il nous faut.<\/span><\/p>\n<p align=\"JUSTIFY\">\n<p style=\"text-align: center;\" align=\"JUSTIFY\"><img loading=\"lazy\" decoding=\"async\" class=\"alignnone size-medium wp-image-11273\" title=\"F5 4 B\u00e9n\u00e9diction des Animaux 2\" src=\"http:\/\/www.lecarrefourdesopinions.ca\/wp-content\/uploads\/2015\/01\/F5-4-B\u00e9n\u00e9diction-des-Animaux-2-300x217.jpg\" alt=\"\" width=\"300\" height=\"217\" srcset=\"https:\/\/www.lecarrefourdesopinions.ca\/wp-content\/uploads\/2015\/01\/F5-4-B\u00e9n\u00e9diction-des-Animaux-2-300x217.jpg 300w, https:\/\/www.lecarrefourdesopinions.ca\/wp-content\/uploads\/2015\/01\/F5-4-B\u00e9n\u00e9diction-des-Animaux-2-400x290.jpg 400w, https:\/\/www.lecarrefourdesopinions.ca\/wp-content\/uploads\/2015\/01\/F5-4-B\u00e9n\u00e9diction-des-Animaux-2.jpg 500w\" sizes=\"auto, (max-width: 300px) 100vw, 300px\" \/><\/p>\n<p align=\"CENTER\"><span style=\"font-size: large;\"><strong>F7\u00a0:<\/strong><\/span><span style=\"color: #c00000;\"><span style=\"font-size: large;\"><em>Cela devrait aller sans dire.<\/em><\/span><\/span><\/p>\n<p align=\"JUSTIFY\">\n<p align=\"JUSTIFY\"><span style=\"font-family: 'Comic Sans MS', cursive;\"><span style=\"font-size: large;\">Le Catholicisme est notre Foi, la Foi de la France.<\/span><\/span><\/p>\n<p align=\"JUSTIFY\">\n<p align=\"JUSTIFY\"><span style=\"font-family: 'Comic Sans MS', cursive;\"><span style=\"font-size: large;\">La La\u00efcit\u00e9 est \u2013 en tout cas devrait \u00eatre \u2013 notre Savoir Vivre envers les autres, en aucun cas une subordination aux autres ni un Parjure en vers notre Foi.<\/span><\/span><\/p>\n<p align=\"JUSTIFY\">\n<p align=\"JUSTIFY\"><span style=\"font-family: 'Comic Sans MS', cursive;\"><span style=\"font-size: large;\">Reste \u00e0 nous de faire la part des choses en \u00e9tant ou obstin\u00e9s, ou born\u00e9s, l\u2019avenir de la France ne tient peut \u00eatre qu\u2019\u00e0 cela.<\/span><\/span><\/p>\n<p align=\"JUSTIFY\">\n<p align=\"JUSTIFY\">\n<p>&nbsp;<\/p>\n<p align=\"CENTER\">\n<p align=\"CENTER\"><span style=\"font-size: large;\">*** *** ***<\/span><\/p>\n<p>&nbsp;<\/p>\n<p><span style=\"color: #ff0000;\"><span style=\"font-size: large;\"><strong>Nota : <\/strong><\/span><\/span><span style=\"color: #000000;\"><span style=\"font-size: large;\">Nous ne traitons que de Faits et de Noms rendus Publics.<\/span><\/span><\/p>\n<p align=\"CENTER\">\n<p align=\"CENTER\"><span style=\"color: #000000;\"><span style=\"font-size: large;\">*** *** ***<\/span><\/span><\/p>\n<p align=\"CENTER\">\n<p align=\"JUSTIFY\">\n<p align=\"JUSTIFY\"><span style=\"font-size: large;\"><strong>N.B.:<\/strong><\/span><span style=\"font-size: large;\"> &#8211; <\/span><span style=\"color: #c00000;\"><span style=\"font-family: 'Comic Sans MS', cursive;\"><span style=\"font-size: large;\">Nous Recommandons instamment et syst\u00e9matiquement l\u2019ouverture de la (ou des) pi\u00e8ce(s) jointe(s) \u00e0 l\u2019e-mail, sous format Pdf, <\/span><\/span><\/span><span style=\"color: #c00000;\"><span style=\"font-family: 'Comic Sans MS', cursive;\"><span style=\"font-size: large;\"><span style=\"text-decoration: underline;\">les illustrations y sont incluses<\/span><\/span><\/span><\/span><span style=\"color: #c00000;\"><span style=\"font-family: 'Comic Sans MS', cursive;\"><span style=\"font-size: large;\">.<\/span><\/span><\/span><\/p>\n<p align=\"JUSTIFY\">\n<p align=\"CENTER\">\n<p align=\"CENTER\"><span style=\"font-size: large;\"><strong>*** *** ***<\/strong><\/span><\/p>\n<p align=\"JUSTIFY\">\n<p align=\"CENTER\"><span style=\"color: #0000ff;\"><strong>Avis de vente de M\u00e9moire.<\/strong><\/span><\/p>\n<p align=\"JUSTIFY\"><span style=\"color: #0000ff;\"><strong>\u00a0<\/strong><\/span><\/p>\n<p align=\"JUSTIFY\"><span style=\"color: #0000ff;\"><strong>\u00a0<\/strong><\/span><\/p>\n<p align=\"JUSTIFY\"><span style=\"color: #0000ff;\"><strong><span style=\"font-family: Arial, sans-serif;\">Demandez le M\u00e9moire de \u00ab\u00a0<\/span><span style=\"font-family: Arial, sans-serif;\"><em>Martinique Province Fran\u00e7aise d\u2019Am\u00e9rique<\/em><\/span><span style=\"font-family: Arial, sans-serif;\">\u00a0\u00bb au Front National Fran\u00e7ais.<\/span><\/strong><\/span><\/p>\n<p align=\"JUSTIFY\"><span style=\"color: #0000ff;\"><strong>\u00a0<\/strong><\/span><\/p>\n<p align=\"JUSTIFY\"><span style=\"color: #0000ff;\"><strong><span style=\"font-family: Arial, sans-serif;\">Eu \u00e9gard \u00e0 l\u2019Ind\u00e9pendance et \u00e0 la Justesse de son analyse, il vaut pour tout Parti du Spectre Politique Fran\u00e7ais<\/span>.<\/strong><\/span><\/p>\n<p align=\"JUSTIFY\"><span style=\"color: #0000ff;\"><strong>\u00a0<\/strong><\/span><\/p>\n<p align=\"JUSTIFY\"><span style=\"color: #0000ff;\"><strong>Il est au prix de Vingt Cinq Euros Net (25,00 \u20acuros Net). Port gratuit par courrier postal ordinaire. Port forfaitaire de 7,50 \u20acuros par courrier recommand\u00e9 suivi. R\u00e8glement par tout moyen de paiement \u00e0 l\u2019ordre d\u2019\u00c9ric E.G. NOGARD.<\/strong><\/span><\/p>\n<p align=\"JUSTIFY\"><span style=\"color: #0000ff;\"><strong>\u00a0<\/strong><\/span><\/p>\n<p align=\"CENTER\"><span style=\"color: #ff0000;\"><span><strong>Ne Peut \u00eatre reproduit &#8211; m\u00eame partiellement &#8211; sans l\u2019autorisation de l\u2019Auteur.<\/strong><\/span><\/span><\/p>\n<p>&nbsp;<\/p>\n<p align=\"JUSTIFY\">\n<script type=\"text\/javascript\">\n\nvar addthis_config = {\"data_track_clickback\":false,\"data_track_addressbar\":false,\"data_track_textcopy\":false};\n<\/script><script type=\"text\/javascript\" src=\"\/\/s7.addthis.com\/js\/250\/addthis_widget.js#pubid=f084fdfbcefba74c78dfad3bbc873ffd\"><\/script>","protected":false},"excerpt":{"rendered":"<p align=\"CENTER\">\n<p align=\"CENTER\"><span style=\"color: #000099;\"><span style=\"font-size: x-large;\">Serions-nous plus born\u00e9s qu\u2019obstin\u00e9s.<\/span><\/span><\/p>\n<p align=\"CENTER\">\n<p align=\"CENTER\"><span style=\"color: #000099;\"><span>=====<\/span><\/span><\/p>\n<p align=\"JUSTIFY\">\n<p align=\"JUSTIFY\">\n<p align=\"JUSTIFY\"><span style=\"color: #632423;\"><span style=\"font-family: 'Comic Sans MS', cursive;\"><span style=\"font-size: large;\">Serions-nous plus born\u00e9s qu\u2019obstin\u00e9s.<\/span><\/span><\/span><\/p>\n<p align=\"JUSTIFY\">\u00a0<\/p>\n<p align=\"JUSTIFY\">\n<p align=\"JUSTIFY\">\n<p align=\"JUSTIFY\">\n<p align=\"JUSTIFY\"><span style=\"color: #632423;\"><span style=\"font-family: 'Comic Sans MS', cursive;\"><span style=\"font-size: large;\">\u00c9ric E.G. NOGARD<\/span><\/span><\/span><\/p>\n<p align=\"JUSTIFY\"><span style=\"color: #c00000;\"><span style=\"font-size: large;\">Le petit Chroniqueur<\/span><\/span><span style=\"color: #c00000;\"><span style=\"font-size: large;\">.<\/span><\/span><\/p>\n<p>&nbsp;<\/p>\n<p align=\"CENTER\"><span style=\"font-size: large;\">*** *** ***<\/span><\/p>\n<p align=\"CENTER\">\n<p align=\"CENTER\">\n<p align=\"CENTER\"><span style=\"font-size: large;\">F1\u00a0:<\/span><span style=\"color: #c00000;\">Bapt\u00eame de Clovis, par Saint R\u00e9mi, \u00e0 la Cath\u00e9drale de Reims, entre 496 et 506.<\/span>&hellip;<\/p>\n","protected":false},"author":1,"featured_media":0,"comment_status":"open","ping_status":"open","sticky":false,"template":"","format":"standard","meta":{"footnotes":""},"categories":[1],"tags":[],"class_list":["post-11267","post","type-post","status-publish","format-standard","hentry","category-accueil"],"_links":{"self":[{"href":"https:\/\/www.lecarrefourdesopinions.ca\/index.php?rest_route=\/wp\/v2\/posts\/11267","targetHints":{"allow":["GET"]}}],"collection":[{"href":"https:\/\/www.lecarrefourdesopinions.ca\/index.php?rest_route=\/wp\/v2\/posts"}],"about":[{"href":"https:\/\/www.lecarrefourdesopinions.ca\/index.php?rest_route=\/wp\/v2\/types\/post"}],"author":[{"embeddable":true,"href":"https:\/\/www.lecarrefourdesopinions.ca\/index.php?rest_route=\/wp\/v2\/users\/1"}],"replies":[{"embeddable":true,"href":"https:\/\/www.lecarrefourdesopinions.ca\/index.php?rest_route=%2Fwp%2Fv2%2Fcomments&post=11267"}],"version-history":[{"count":3,"href":"https:\/\/www.lecarrefourdesopinions.ca\/index.php?rest_route=\/wp\/v2\/posts\/11267\/revisions"}],"predecessor-version":[{"id":11278,"href":"https:\/\/www.lecarrefourdesopinions.ca\/index.php?rest_route=\/wp\/v2\/posts\/11267\/revisions\/11278"}],"wp:attachment":[{"href":"https:\/\/www.lecarrefourdesopinions.ca\/index.php?rest_route=%2Fwp%2Fv2%2Fmedia&parent=11267"}],"wp:term":[{"taxonomy":"category","embeddable":true,"href":"https:\/\/www.lecarrefourdesopinions.ca\/index.php?rest_route=%2Fwp%2Fv2%2Fcategories&post=11267"},{"taxonomy":"post_tag","embeddable":true,"href":"https:\/\/www.lecarrefourdesopinions.ca\/index.php?rest_route=%2Fwp%2Fv2%2Ftags&post=11267"}],"curies":[{"name":"wp","href":"https:\/\/api.w.org\/{rel}","templated":true}]}}