{"id":11259,"date":"2015-03-12T13:04:03","date_gmt":"2015-03-12T17:04:03","guid":{"rendered":"http:\/\/www.lecarrefourdesopinions.ca\/?p=11259"},"modified":"2015-03-12T13:04:03","modified_gmt":"2015-03-12T17:04:03","slug":"la-mesaventure-litteraire-du-chef-supreme","status":"publish","type":"post","link":"https:\/\/www.lecarrefourdesopinions.ca\/?p=11259","title":{"rendered":"La M\u00e9saventure Litt\u00e9raire du Chef Supr\u00eame"},"content":{"rendered":"<p align=\"CENTER\"><span style=\"font-family: 'Century Gothic', serif;\"><span style=\"font-size: medium;\">La M\u00e9saventure Litt\u00e9raire du Chef Supr\u00eame<\/span><\/span><\/p>\n<p align=\"CENTER\"><span style=\"font-family: 'Agency FB', serif;\"><span style=\"font-size: large;\">\u00ab\u00a0La r\u00e9alit\u00e9 est plus \u00e9trange que la fiction.\u00a0\u00bb Mark Twain. <\/span><\/span><\/p>\n<p><span style=\"font-family: 'Agency FB', serif;\"><span style=\"font-size: large;\">Satire.<\/span><\/span><\/p>\n<p><img loading=\"lazy\" decoding=\"async\" class=\"alignleft size-thumbnail wp-image-11261\" title=\"IMG_9328\" src=\"http:\/\/www.lecarrefourdesopinions.ca\/wp-content\/uploads\/2015\/01\/IMG_9328-134x107.jpg\" alt=\"\" width=\"134\" height=\"107\" \/><\/p>\n<p><span style=\"font-family: 'Agency FB', serif;\"><span style=\"font-size: large;\">Par Castro Desroches*<\/span><\/span><\/p>\n<p lang=\"fr-FR\" align=\"JUSTIFY\">\n<p align=\"JUSTIFY\"><span style=\"font-family: 'Century Gothic', serif;\"><span style=\"font-size: medium;\">C\u2019est dans son souci constant de former et d\u2019informer les g\u00e9n\u00e9rations montantes que le Chef Supr\u00eame avait publi\u00e9 en d\u00e9cembre dernier sa fameuse autobiographie qu\u2019il avait mise \u00e0 la port\u00e9e du grand public pour la bagatelle de 50 dollars US. Il venait de confirmer ainsi, de mani\u00e8re irr\u00e9futable, \u00ab\u00a0la dynamique de g\u00e9n\u00e9rosit\u00e9 politique\u00a0\u00bb et le caract\u00e8re \u00ab\u00a0populire\u00a0\u00bb de son r\u00e9gime. Ce fut une grande surprise au niveau de l\u2019intelligentsia locale et internationale. Un v\u00e9ritable tsunami\u2026litt\u00e9raire pour r\u00e9p\u00e9ter, pince sans rire, le mot favori du futur pr\u00e9sident d\u2019Ha\u00efti\u2026Sauveur Pitite-Caille. <\/span><\/span><\/p>\n<p align=\"JUSTIFY\"><a name=\"_GoBack\"><\/a> <span style=\"font-family: 'Century Gothic', serif;\"><span style=\"font-size: medium;\">L\u2019ambassadrice am\u00e9ricaine \u00ab\u00a0Pamla\u00a0\u00bb White, \u00e9minence grise et vrai pouvoir derri\u00e8re le tr\u00f4ne, avoua elle-m\u00eame avoir \u00e9t\u00e9 surprise \u00e0 l\u2019annonce de la vente signature. Elle n\u2019\u00e9tait pas au courant \u00e0 cause des graves probl\u00e8mes d\u2019\u00e9lectricit\u00e9 qui ravagent la \u00ab\u00a0vile\u00a0\u00bb de Port-au-Prince. Ah ! Le Supr\u00eame jouait au grand malin avec tout le monde. Certes, l\u2019opposition \u00a0radicale, en la personne de son l\u00edder m\u00e1ximo (votre tr\u00e8s humble serviteur), l\u2019avait accus\u00e9 \u00e0 maintes reprises d\u2019\u00eatre une pintade rose mais on ne le savait pas\u2026plumitif. Sp\u00e9cialement avant la nomination de son nouveau Premier ministre Comp\u00e8re Plume. <\/span><\/span><\/p>\n<p align=\"JUSTIFY\"><span style=\"font-family: 'Century Gothic', serif;\"><span style=\"font-size: medium;\">Envers et contre tous, le Supr\u00eame venait de prouver que pour \u00eatre \u00e9crivain, il n\u2019est pas n\u00e9cessaire d\u2019avoir lu un seul livre dans sa vie et qu\u2019on peut parfaitement cr\u00e9er avec le n\u00e9ant. Il voulait mettre un terme \u00e0 la propagande tapageuse et mensong\u00e8re de YouTube, une cha\u00eene de t\u00e9l\u00e9vision de l\u2019opposition radicale sp\u00e9cialis\u00e9e dans la diffusion de fausses nouvelles selon lesquelles le leader bien-aim\u00e9 aurait avou\u00e9 en plusieurs occasions avoir \u00e9t\u00e9 un \u00ab\u00a0crackhead\u00a0\u00bb, un ancien voleur de mat\u00e9riaux de construction dont le r\u00eave \u00ab\u00a0inique\u00a0\u00bb \u00e9tait de devenir salement riche aux d\u00e9pens de la caisse publique. <\/span><\/span><\/p>\n<p align=\"JUSTIFY\"><span style=\"font-family: 'Century Gothic', serif;\"><span style=\"font-size: medium;\">La vente signature de son autobiographie avait connu un tel succ\u00e8s que les forces de l\u2019Ordre avaient d\u00fb lancer, \u00e0 hauteur d\u2019homme, des gaz lacrymog\u00e8nes pour disperser les manifestants qui, arm\u00e9s de leurs billets verts, r\u00e9clamaient imm\u00e9diatement leur copie avec la signature du Supr\u00eame. Ce livre, ils voulaient l\u2019avoir et le conserver comme relique d\u2019une p\u00e9riode de vaches grasses apr\u00e8s de longues p\u00e9riodes de vaches maigres qui ne tarderaient certainement pas \u00e0 revenir apr\u00e8s le d\u00e9part pr\u00e9cipit\u00e9 du bienfaiteur de la Nation. Toutefois, contrairement \u00e0 la politique d\u2019inclusion du chef de l\u2019\u00c9tat et de son option pr\u00e9f\u00e9rentielle pour les pauvres, le protocole form\u00e9 de petits profiteurs voulait r\u00e9server l\u2019admission \u00e0 la vente signature \u00e0 un groupe restreint d\u2019ayants droit, de grands mangeurs et de hauts fonctionnaires qui ne tarissaient pas d\u2019\u00e9loges envers le Supr\u00eame dans le but \u00e9vident de maintenir ou de consolider leur sin\u00e9cure dans le gouverne\/ment : \u00ab\u00a0C\u2019est avec un grand plaisir que moi, comme Ministre, je viens supporter cet homme, ce grand homme qui est \u00e0 la t\u00eate du pays.\u00a0\u00bb Ravi, le ventripotent titulaire de la Propagande qui a certainement besoin de suivre un r\u00e9gime alimentaire strict se laissa encore aller \u00e0 un lapsus linguae\u00a0: \u00ab\u00a0Ce livre, je vais le d\u00e9vorer goul\u00fbment.\u00a0\u00bb Enfin, le PDG de la compagnie Photoshop Reconstruction Incorporated ajouta\u00a0: \u00ab\u00a0C\u2019est un livre que chaque Ha\u00eftien devrait avoir dans sa biblioth\u00e8que priv\u00e9e.\u00a0\u00bb <\/span><\/span><\/p>\n<p align=\"JUSTIFY\"><span style=\"font-family: 'Century Gothic', serif;\"><span style=\"font-size: medium;\">Les manifestants qui voulaient envahir l\u2019H\u00f4tel Karibe en cette soir\u00e9e du 5 d\u00e9cembre, jour de la miraculeuse d\u00e9couverte\u00a0d\u2019Ha\u00efti par Crist\u00f3bal Colon, durent rebrousser chemin vers les bidonvilles sous les assauts r\u00e9p\u00e9t\u00e9s de la soldatesque polici\u00e8re. Certains se repli\u00e8rent pr\u00e8s de l\u2019\u00c9glise St Pierre o\u00f9 sans \u00e9gard pour le St Patron de P\u00e9tion-Ville ils se mirent \u00e0 br\u00fbler les pneus usag\u00e9s qui font partie de l\u2019industrie locale et qui sont devenus les signes avant-coureurs de la fuite prochaine du dernier dictateur en date. Frustr\u00e9s dans leur d\u00e9sir insoutenable de lire au plus vite l\u2019autobiographie du leader bien-aim\u00e9, certains n\u2019h\u00e9sit\u00e8rent pas \u00e0 jeter au feu les 50 dollars avec lesquels ils s\u2019appr\u00eataient \u00e0 acqu\u00e9rir leur copie. En effet, c\u2019\u00e9tait, selon le discours officiel, une grande premi\u00e8re dans les annales de la litt\u00e9rature mondiale de voir un chef d\u2019\u00c9tat en fonction trouver le temps pour \u00e9crire de ses mains sa \u00ab\u00a0propre\u00a0\u00bb autobiographie. <\/span><\/span><\/p>\n<p align=\"JUSTIFY\"><span style=\"font-family: 'Century Gothic', serif;\"><span style=\"font-size: medium;\">Au fond, les choses \u00e9taient un peu plus prosa\u00efques. Sous les bancs de l\u2019\u00e9cole buissonni\u00e8re, le Supr\u00eame avait vaguement entendu parler d\u2019un certain Jean-Jacques Rousseau et il ambitionnait candidement de r\u00e9diger un jour, \u00e0 son tour, ses Confessions. Le probl\u00e8me, c\u2019est que sa seule et vraie autobiographie, les confessions sinc\u00e8res et authentiques avaient \u00e9t\u00e9 d\u00e9j\u00e0 faites sur YouTube et distribu\u00e9es \u00e0 un milliard d\u2019exemplaires gratuits. Toute autre autobiographie allait n\u00e9cessairement sombrer dans cette large cat\u00e9gorie que Ma\u00eetre Philoct\u00e8te avait d\u00e9finie pour nous (lorsque j\u2019\u00e9tais en rupture de ban au Coll\u00e8ge Jean-Price Mars) en ces termes\u00a0: \u00ab\u00a0Tout ce que l\u2019on dit de soi n\u2019est que po\u00e9sie.\u00a0\u00bb <\/span><\/span><\/p>\n<p align=\"JUSTIFY\"><span style=\"font-family: 'Century Gothic', serif;\"><span style=\"font-size: medium;\">N\u00e9anmoins, cette soir\u00e9e selecte s\u2019acheva dans l\u2019apoth\u00e9ose, lorsque sous les vivats fr\u00e9n\u00e9tiques d\u2019une assistance tri\u00e9e sur le \u00ab\u00a0volet\u00a0\u00bb, le Supr\u00eame de sa voix m\u00e9l\/odieuse interpr\u00e9ta, avec une autosatisfaction tout \u00e0 fait l\u00e9gitime, une chanson de Gilbert B\u00e9caud\u00a0: <\/span><\/span><\/p>\n<p><span style=\"color: #333333;\"><span style=\"font-family: 'Century Gothic', serif;\"><span style=\"font-size: medium;\">\u00ab\u00a0Et maintenant que vais-je faire<br \/>De tout ce temps que sera ma vie<br \/>De tous ces gens qui m\u2019indiff\u00e8rent<\/span><\/span><\/span><\/p>\n<p><span style=\"color: #333333;\"><span style=\"font-family: 'Century Gothic', serif;\"><span style=\"font-size: medium;\">Et maintenant que vais-je faire<br \/>Vers quel n\u00e9ant glissera ma vie<\/span><\/span><\/span><\/p>\n<p><span style=\"color: #333333;\"><span style=\"font-family: 'Century Gothic', serif;\"><span style=\"font-size: medium;\">Et puis un soir dans mon miroir<br \/>Je verrai bien la fin du chemin<\/span><\/span><\/span><\/p>\n<p><span style=\"color: #333333;\">\u00a0<span style=\"font-family: 'Century Gothic', serif;\"><span style=\"font-size: medium;\">Je n\u2019ai vraiment plus rien \u00e0 faire<br \/>Je n\u2019ai vraiment plus rien, plus rien.\u00a0\u00bb <\/span><\/span><\/span><\/p>\n<p lang=\"fr-FR\">\n<p align=\"JUSTIFY\"><span style=\"color: #333333;\"><span style=\"font-family: 'Century Gothic', serif;\"><span style=\"font-size: medium;\">*Castro Desroches enseigne le fran\u00e7ais \u00e0 l\u2019universit\u00e9 aux \u00c9tats-Unis depuis dix ans. Observateur attentif de la politicaillerie ha\u00eftienne, il a d\u00e9j\u00e0 publi\u00e9 de nombreux articles humoristiques sur la folie du Pouvoir. Il s\u2019appr\u00eate \u00e0 lancer en f\u00e9vrier 2015, aux \u00c9ditions Educa Vision, une \u00ab\u00a0lodyans\u00a0\u00bb intitul\u00e9e\u00a0:\u00a0<\/span><\/span><\/span><span style=\"color: #333333;\"><span style=\"font-family: 'Century Gothic', serif;\"><span style=\"font-size: medium;\"><span style=\"text-decoration: underline;\">Les Enfants Malades de Papa Doc<\/span><\/span><\/span><\/span><span style=\"color: #333333;\"><span style=\"font-family: 'Century Gothic', serif;\"><span style=\"font-size: medium;\">. \u00a0 \u00a0<\/span><\/span><\/span><\/p>\n<script type=\"text\/javascript\">\n\nvar addthis_config = {\"data_track_clickback\":false,\"data_track_addressbar\":false,\"data_track_textcopy\":false};\n<\/script><script type=\"text\/javascript\" src=\"\/\/s7.addthis.com\/js\/250\/addthis_widget.js#pubid=f084fdfbcefba74c78dfad3bbc873ffd\"><\/script>","protected":false},"excerpt":{"rendered":"<p align=\"CENTER\"><span style=\"font-family: 'Century Gothic', serif;\"><span style=\"font-size: medium;\">La M\u00e9saventure Litt\u00e9raire du Chef Supr\u00eame<\/span><\/span><\/p>\n<p align=\"CENTER\"><span style=\"font-family: 'Agency FB', serif;\"><span style=\"font-size: large;\">\u00ab\u00a0La r\u00e9alit\u00e9 est plus \u00e9trange que la fiction.\u00a0\u00bb Mark Twain. <\/span><\/span><\/p>\n<p><span style=\"font-family: 'Agency FB', serif;\"><span style=\"font-size: large;\">Satire.<\/span><\/span><\/p>\n<\/p>\n<p><span style=\"font-family: 'Agency FB', serif;\"><span style=\"font-size: large;\">Par Castro Desroches*<\/span><\/span><\/p>\n<p lang=\"fr-FR\" align=\"JUSTIFY\">\n<p align=\"JUSTIFY\"><span style=\"font-family: 'Century Gothic', serif;\"><span style=\"font-size: medium;\">C\u2019est dans son souci constant de former et d\u2019informer les g\u00e9n\u00e9rations montantes que le Chef <\/span><\/span>&hellip;<\/p>\n","protected":false},"author":1,"featured_media":0,"comment_status":"open","ping_status":"open","sticky":false,"template":"","format":"standard","meta":{"footnotes":""},"categories":[1],"tags":[],"class_list":["post-11259","post","type-post","status-publish","format-standard","hentry","category-accueil"],"_links":{"self":[{"href":"https:\/\/www.lecarrefourdesopinions.ca\/index.php?rest_route=\/wp\/v2\/posts\/11259","targetHints":{"allow":["GET"]}}],"collection":[{"href":"https:\/\/www.lecarrefourdesopinions.ca\/index.php?rest_route=\/wp\/v2\/posts"}],"about":[{"href":"https:\/\/www.lecarrefourdesopinions.ca\/index.php?rest_route=\/wp\/v2\/types\/post"}],"author":[{"embeddable":true,"href":"https:\/\/www.lecarrefourdesopinions.ca\/index.php?rest_route=\/wp\/v2\/users\/1"}],"replies":[{"embeddable":true,"href":"https:\/\/www.lecarrefourdesopinions.ca\/index.php?rest_route=%2Fwp%2Fv2%2Fcomments&post=11259"}],"version-history":[{"count":2,"href":"https:\/\/www.lecarrefourdesopinions.ca\/index.php?rest_route=\/wp\/v2\/posts\/11259\/revisions"}],"predecessor-version":[{"id":11357,"href":"https:\/\/www.lecarrefourdesopinions.ca\/index.php?rest_route=\/wp\/v2\/posts\/11259\/revisions\/11357"}],"wp:attachment":[{"href":"https:\/\/www.lecarrefourdesopinions.ca\/index.php?rest_route=%2Fwp%2Fv2%2Fmedia&parent=11259"}],"wp:term":[{"taxonomy":"category","embeddable":true,"href":"https:\/\/www.lecarrefourdesopinions.ca\/index.php?rest_route=%2Fwp%2Fv2%2Fcategories&post=11259"},{"taxonomy":"post_tag","embeddable":true,"href":"https:\/\/www.lecarrefourdesopinions.ca\/index.php?rest_route=%2Fwp%2Fv2%2Ftags&post=11259"}],"curies":[{"name":"wp","href":"https:\/\/api.w.org\/{rel}","templated":true}]}}