{"id":11243,"date":"2015-01-19T09:18:18","date_gmt":"2015-01-19T14:18:18","guid":{"rendered":"http:\/\/www.lecarrefourdesopinions.ca\/?p=11243"},"modified":"2015-01-19T09:18:18","modified_gmt":"2015-01-19T14:18:18","slug":"la-poutre-dans-mon-oeil","status":"publish","type":"post","link":"https:\/\/www.lecarrefourdesopinions.ca\/?p=11243","title":{"rendered":"La poutre dans mon \u0153il!"},"content":{"rendered":"<p style=\"text-align: center;\"><span>La poutre dans mon \u0153il!<\/span><\/p>\n<p><span style=\"color: #800000;\"><em>par\u00a0\u00a0l\u2019\u00e9quipe d\u2019Avaaz<\/em><\/span><\/p>\n<p style=\"text-align: justify;\">L\u2019ancien Secr\u00e9taire g\u00e9n\u00e9ral de l\u2019ONU, Dag Hammarskj\u00f6ld, fit un jour observer que personne ne pourrait jamais changer le monde avant de s\u2019\u00eatre lanc\u00e9(e) dans <strong>\u201cla plus grande des aventures\u201d: son aventure int\u00e9rieure<\/strong>. Autrement dit je vais regarder la poutre qui est dans mon \u0153il! Bien s\u00fbr je ne pourrais manquer la paille dans l\u2019\u0153il de mon voisin!<br \/>Nous ne pourrons \u00e9tablir les fondations du monde dont nous r\u00eavons que si nous avons d\u2019abord fait ce travail sur nous-m\u00eames, ce voyage int\u00e9rieur qui nous fera pr\u00e9f\u00e9rer l\u2019empathie \u00e0 la peur, qui nous permettra de croire en nous et de nous d\u00e9barrasser de nos pr\u00e9jug\u00e9s et de nos peurs!Je n\u2019oublie pas que mon ignorance provient de mes certitudes!Je vous transmets le message d\u2019AVAAZ dont nous faisons partie. Ce rassemblement de femmes et d\u2019hommes de bonne volont\u00e9 n\u2019a qu\u2019un but\u00a0: rendre le monde plus juste sinon meilleur.<\/p>\n<p style=\"text-align: justify;\">\n<p style=\"text-align: justify;\">Notre communaut\u00e9 a d\u00e9j\u00e0 uni ses forces des centaines de fois pour peser sur les politiques et, ensemble, nous avons accompli des choses extraordinaires. L\u2019ann\u00e9e commence tout juste. En cette p\u00e9riode de bonnes r\u00e9solutions et d\u2019introspection, rassemblons-nous une fois encore pour <strong>la plus importante des campagnes &#8212; la campagne pour nous-m\u00eames<\/strong>, afin \u201cd\u2019\u00eatre le changement que nous voulons voir dans le monde\u201d. Pour nous, pour celles et ceux que nous aimons et pour notre plan\u00e8te.<\/p>\n<p style=\"text-align: justify;\">\n<p style=\"text-align: justify;\"><strong>Notre mouvement a choisi 3 valeurs simples mais fondamentales<\/strong>.<strong> <\/strong>Nous allons nous soutenir mutuellement pour les respecter en 2015. Une fois que 500 000 sympathisants d\u2019Avaaz auront rejoint cette campagne, nous inviterons les dirigeants mondiaux \u00e0 souscrire eux aussi \u00e0 cette \u00e9thique, et nous v\u00e9rifierons trois fois au cours de l\u2019ann\u00e9e comment chacun r\u00e9ussit \u00e0 s\u2019y conformer &#8212; cliquez pour les d\u00e9couvrir et prendre une r\u00e9solution envers vous-m\u00eame:<\/p>\n<p><span style=\"color: #0000ff;\"><span style=\"text-decoration: underline;\"><a href=\"https:\/\/secure.avaaz.org\/fr\/three_principles_loc\/?bfMEfdb&amp;v=51177\">https:\/\/secure.avaaz.org\/fr\/three_principles_loc\/?bfMEfdb&amp;v=51177<\/a><\/span><\/span><\/p>\n<p>Cette exp\u00e9rience que nous vous proposons est intime, tr\u00e8s personnelle. Mais en m\u00eame temps, nous aimons, voulons et craignons les m\u00eames choses. <strong>Plus de 97% de notre communaut\u00e9 affirme adh\u00e9rer \u00e0 chacun de ces 3 principes!<\/strong><\/p>\n<p>Faire partie d\u2019un mouvement peut \u00eatre une exp\u00e9rience tr\u00e8s intense, pour le meilleur comme pour le pire. Avaaz est une extraordinaire communaut\u00e9 compos\u00e9e de gens pleins d\u2019espoir, d\u2019id\u00e9alistes r\u00e9alistes et anonymes qui s\u2019engagent en signant des p\u00e9titions ou en contribuant financi\u00e8rement. J\u2019ai \u00e9t\u00e9 \u00e9poustoufl\u00e9 par l\u2019humanit\u00e9 et la sagesse de chacun de vous. On a peut \u00eatre une bonne influence les uns sur les autres, apr\u00e8s tout! \ud83d\ude42<\/p>\n<p style=\"text-align: justify;\">Pour bien commencer 2015, d\u00e9cidons de nous laisser guider par ces principes humanistes:<\/p>\n<p><span style=\"color: #0000ff;\"><span style=\"text-decoration: underline;\"><a href=\"https:\/\/secure.avaaz.org\/fr\/three_principles_loc\/?bfMEfdb&amp;v=51177\">https:\/\/secure.avaaz.org\/fr\/three_principles_loc\/?bfMEfdb&amp;v=51177<\/a><\/span><\/span><\/p>\n<p>Tous les matins, je me r\u00e9veille empli de joie de voir \u00e0 quel point nous changeons le monde tous ensemble. Il serait vraiment extraordinaire de recevoir inspiration et soutien de chacun d\u2019entre vous pour m&rsquo;aider \u00e0 v\u00e9ritablement \u201cgrandir\u201d. Et je pense qu\u2019en invitant les dirigeants du monde entier \u00e0 nous rejoindre, nous pouvons, eux-aussi, les soutenir dans leur respect de ces valeurs fondamentales, pour le b\u00e9n\u00e9fice de tous. Je suis vraiment heureux de me lancer dans ce projet \u00e0 vos c\u00f4t\u00e9s!<\/p>\n<p><strong>Avec espoir et reconnaissance, <\/strong><\/p>\n<p><strong>Ricken, avec Danny, Nataliya et toute l\u2019\u00e9quipe d\u2019Avaaz<\/strong><\/p>\n<script type=\"text\/javascript\">\n\nvar addthis_config = {\"data_track_clickback\":false,\"data_track_addressbar\":false,\"data_track_textcopy\":false};\n<\/script><script type=\"text\/javascript\" src=\"\/\/s7.addthis.com\/js\/250\/addthis_widget.js#pubid=f084fdfbcefba74c78dfad3bbc873ffd\"><\/script>","protected":false},"excerpt":{"rendered":"<p style=\"text-align: center;\"><span>La poutre dans mon \u0153il!<\/span><\/p>\n<p><span style=\"color: #800000;\">par\u00a0\u00a0l\u2019\u00e9quipe d\u2019Avaaz<\/span><\/p>\n<p style=\"text-align: justify;\">L\u2019ancien Secr\u00e9taire g\u00e9n\u00e9ral de l\u2019ONU, Dag Hammarskj\u00f6ld, fit un jour observer que personne ne pourrait jamais changer le monde avant de s\u2019\u00eatre lanc\u00e9(e) dans \u201cla plus grande des aventures\u201d: &hellip;<\/p>\n","protected":false},"author":1,"featured_media":0,"comment_status":"open","ping_status":"open","sticky":false,"template":"","format":"standard","meta":{"footnotes":""},"categories":[1],"tags":[],"class_list":["post-11243","post","type-post","status-publish","format-standard","hentry","category-accueil"],"_links":{"self":[{"href":"https:\/\/www.lecarrefourdesopinions.ca\/index.php?rest_route=\/wp\/v2\/posts\/11243","targetHints":{"allow":["GET"]}}],"collection":[{"href":"https:\/\/www.lecarrefourdesopinions.ca\/index.php?rest_route=\/wp\/v2\/posts"}],"about":[{"href":"https:\/\/www.lecarrefourdesopinions.ca\/index.php?rest_route=\/wp\/v2\/types\/post"}],"author":[{"embeddable":true,"href":"https:\/\/www.lecarrefourdesopinions.ca\/index.php?rest_route=\/wp\/v2\/users\/1"}],"replies":[{"embeddable":true,"href":"https:\/\/www.lecarrefourdesopinions.ca\/index.php?rest_route=%2Fwp%2Fv2%2Fcomments&post=11243"}],"version-history":[{"count":2,"href":"https:\/\/www.lecarrefourdesopinions.ca\/index.php?rest_route=\/wp\/v2\/posts\/11243\/revisions"}],"predecessor-version":[{"id":11254,"href":"https:\/\/www.lecarrefourdesopinions.ca\/index.php?rest_route=\/wp\/v2\/posts\/11243\/revisions\/11254"}],"wp:attachment":[{"href":"https:\/\/www.lecarrefourdesopinions.ca\/index.php?rest_route=%2Fwp%2Fv2%2Fmedia&parent=11243"}],"wp:term":[{"taxonomy":"category","embeddable":true,"href":"https:\/\/www.lecarrefourdesopinions.ca\/index.php?rest_route=%2Fwp%2Fv2%2Fcategories&post=11243"},{"taxonomy":"post_tag","embeddable":true,"href":"https:\/\/www.lecarrefourdesopinions.ca\/index.php?rest_route=%2Fwp%2Fv2%2Ftags&post=11243"}],"curies":[{"name":"wp","href":"https:\/\/api.w.org\/{rel}","templated":true}]}}