{"id":11238,"date":"2015-01-19T09:19:42","date_gmt":"2015-01-19T14:19:42","guid":{"rendered":"http:\/\/www.lecarrefourdesopinions.ca\/?p=11238"},"modified":"2015-01-19T09:19:42","modified_gmt":"2015-01-19T14:19:42","slug":"questionnaire-long-du-recensement","status":"publish","type":"post","link":"https:\/\/www.lecarrefourdesopinions.ca\/?p=11238","title":{"rendered":"Questionnaire long du recensement"},"content":{"rendered":"<p style=\"text-align: center;\">Questionnaire long du recensement<\/p>\n<p><img loading=\"lazy\" decoding=\"async\" class=\"alignleft size-thumbnail wp-image-10286\" title=\"Claude Snow\" src=\"http:\/\/www.lecarrefourdesopinions.ca\/wp-content\/uploads\/2013\/10\/Claude-Snow-134x107.png\" alt=\"\" width=\"134\" height=\"107\" \/><\/p>\n<p>&nbsp;<\/p>\n<p>&nbsp;<\/p>\n<p>&nbsp;<\/p>\n<p>\u00a0<em style=\"color: #800000; font-size: 13px;\">par \u00a0Claude Snow<\/em><\/p>\n<p>&nbsp;<\/p>\n<p>&nbsp;<\/p>\n<p>&nbsp;<\/p>\n<p><strong>&gt; M. Ted Hsu, d\u00e9put\u00e9<\/strong><br \/><strong>&gt; Chambre des Communes<\/strong><br \/><strong>&gt; Ottawa, Ontario<\/strong><br \/>&gt; <br \/>&gt; Objet: Questionnaire long du recensement<br \/>&gt; <br \/>&gt; Monsieur le D\u00e9put\u00e9, <br \/>&gt; <br \/>&gt; J\u2019ai lu avec beaucoup d\u2019int\u00e9r\u00eat votre lettre \u00e0 l\u2019opinion du lecteur publi\u00e9e dans le journal L\u2019\u00c9toile, le 15 janvier 2015. Je ne vous connais pas personnellement, mais si je vous rencontrais, je vous remercierais mille fois pour votre intervention.<\/p>\n<p style=\"text-align: justify;\">&gt; <br \/>&gt; Le gouvernement Harper, on le sait, a saccag\u00e9 le recensement canadien. Nous en savons tr\u00e8s peu maintenant sur le profil des citoyens \u00e0 faible revenu, que ce soit sur le plan de leur fr\u00e9quentation scolaire, de leur scolarit\u00e9, de l\u2019\u00e9tat de leur logement, de la stabilit\u00e9 de leur revenu, des sources de leur revenu, du revenu familial moyen, du nombre de familles \u00e0 faible revenu et des personnes seules \u00e0 faible revenu.<\/p>\n<p style=\"text-align: justify;\">&gt; <br \/>&gt; Gr\u00e2ce aux donn\u00e9es du recensement de 1991, nous savions que dans notre r\u00e9gion, chez les 15 \u00e0 24 ans, pr\u00e8s de la moiti\u00e9 ne fr\u00e9quentaient pas l\u2019\u00e9cole, environ le tiers de la population adulte n\u2019avaient pas atteint une 9e ann\u00e9e, environ 15 % des maisons avaient besoin de r\u00e9parations majeures, le quart de la population, parfois la moiti\u00e9, vivaient de fonds provenant de l\u2019\u00c9tat, une famille sur 5, parfois sur 4, \u00e9tait \u00e0 faible revenu et une personne seule sur 2 \u00e9tait \u00e0 faible revenu. <br \/>&gt; <br \/>&gt; Ce genre de donn\u00e9es est plus difficile \u00e0 obtenir depuis que le gouvernement a d\u00e9cid\u00e9 de supprimer le questionnaire long du recensement et le remplacer par une enqu\u00eate \u00e0 participation volontaire.<br \/>&gt; <br \/>&gt; Pourtant, il s&rsquo;agit l\u00e0 de donn\u00e9es extr\u00eamement importantes, surtout pour les circonscriptions o\u00f9 le niveau socio-\u00e9conomique est faible, comme la n\u00f4tre. Ces donn\u00e9es sont essentielles pour les groupes de d\u00e9fense des droits qui veulent contribuer \u00e0 la recherche et l&rsquo;\u00e9valuation des programmes et des politiques.<\/p>\n<p style=\"text-align: justify;\">&gt; <br \/>&gt; Je vous remercie encore une fois de votre intervention judicieuse en souhaitant que le prochain gouvernement saura r\u00e9parer ce qui a \u00e9t\u00e9 ab\u00eem\u00e9. <\/p>\n<p>&gt;<\/p>\n<script type=\"text\/javascript\">\n\nvar addthis_config = {\"data_track_clickback\":false,\"data_track_addressbar\":false,\"data_track_textcopy\":false};\n<\/script><script type=\"text\/javascript\" src=\"\/\/s7.addthis.com\/js\/250\/addthis_widget.js#pubid=f084fdfbcefba74c78dfad3bbc873ffd\"><\/script>","protected":false},"excerpt":{"rendered":"<p style=\"text-align: center;\">Questionnaire long du recensement<\/p>\n<\/p>\n<p>&nbsp;<\/p>\n<p>&nbsp;<\/p>\n<p>&nbsp;<\/p>\n<p>\u00a0par \u00a0Claude Snow<\/p>\n<p>&nbsp;<\/p>\n<p>&nbsp;<\/p>\n<p>&nbsp;<\/p>\n<p>&gt; M. Ted Hsu, d\u00e9put\u00e9&gt; Chambre des Communes&gt; Ottawa, Ontario&gt; &gt; Objet: Questionnaire long du recensement&gt; &gt; Monsieur le D\u00e9put\u00e9, &gt; &gt; J\u2019ai lu &hellip;<\/p>\n","protected":false},"author":1,"featured_media":0,"comment_status":"open","ping_status":"open","sticky":false,"template":"","format":"standard","meta":{"footnotes":""},"categories":[1],"tags":[],"class_list":["post-11238","post","type-post","status-publish","format-standard","hentry","category-accueil"],"_links":{"self":[{"href":"https:\/\/www.lecarrefourdesopinions.ca\/index.php?rest_route=\/wp\/v2\/posts\/11238","targetHints":{"allow":["GET"]}}],"collection":[{"href":"https:\/\/www.lecarrefourdesopinions.ca\/index.php?rest_route=\/wp\/v2\/posts"}],"about":[{"href":"https:\/\/www.lecarrefourdesopinions.ca\/index.php?rest_route=\/wp\/v2\/types\/post"}],"author":[{"embeddable":true,"href":"https:\/\/www.lecarrefourdesopinions.ca\/index.php?rest_route=\/wp\/v2\/users\/1"}],"replies":[{"embeddable":true,"href":"https:\/\/www.lecarrefourdesopinions.ca\/index.php?rest_route=%2Fwp%2Fv2%2Fcomments&post=11238"}],"version-history":[{"count":5,"href":"https:\/\/www.lecarrefourdesopinions.ca\/index.php?rest_route=\/wp\/v2\/posts\/11238\/revisions"}],"predecessor-version":[{"id":11257,"href":"https:\/\/www.lecarrefourdesopinions.ca\/index.php?rest_route=\/wp\/v2\/posts\/11238\/revisions\/11257"}],"wp:attachment":[{"href":"https:\/\/www.lecarrefourdesopinions.ca\/index.php?rest_route=%2Fwp%2Fv2%2Fmedia&parent=11238"}],"wp:term":[{"taxonomy":"category","embeddable":true,"href":"https:\/\/www.lecarrefourdesopinions.ca\/index.php?rest_route=%2Fwp%2Fv2%2Fcategories&post=11238"},{"taxonomy":"post_tag","embeddable":true,"href":"https:\/\/www.lecarrefourdesopinions.ca\/index.php?rest_route=%2Fwp%2Fv2%2Ftags&post=11238"}],"curies":[{"name":"wp","href":"https:\/\/api.w.org\/{rel}","templated":true}]}}