{"id":11223,"date":"2015-01-19T09:20:08","date_gmt":"2015-01-19T14:20:08","guid":{"rendered":"http:\/\/www.lecarrefourdesopinions.ca\/?p=11223"},"modified":"2015-01-19T09:20:08","modified_gmt":"2015-01-19T14:20:08","slug":"quand-le-vin-tourne-au-vinaigre","status":"publish","type":"post","link":"https:\/\/www.lecarrefourdesopinions.ca\/?p=11223","title":{"rendered":"Quand le Vin tourne au Vinaigre"},"content":{"rendered":"<p align=\"CENTER\"><span style=\"color: #000099;\"><span style=\"font-size: x-large;\"><em><strong>Quand le Vin tourne au Vinaigre.<\/strong><\/em><\/span><\/span><\/p>\n<p align=\"CENTER\">\n<p align=\"CENTER\"><span style=\"color: #000099;\"><span><strong>=====<\/strong><\/span><\/span><\/p>\n<p align=\"JUSTIFY\">\n<p align=\"JUSTIFY\">\n<p lang=\"\" align=\"JUSTIFY\">\n<p align=\"JUSTIFY\">\n<p align=\"JUSTIFY\"><span style=\"color: #632423;\"><span style=\"font-family: 'Comic Sans MS', cursive;\"><span style=\"font-size: large;\">Que le Vin tourne au Vinaigre, que les Vers nous rongent les choux,<\/span><\/span><\/span><\/p>\n<p align=\"JUSTIFY\">\n<p align=\"JUSTIFY\"><span style=\"color: #632423;\"><span style=\"font-family: 'Comic Sans MS', cursive;\"><span style=\"font-size: large;\">Il nous revient cette Chanson<\/span><\/span><\/span><\/p>\n<p align=\"JUSTIFY\">\n<p align=\"JUSTIFY\"><span style=\"color: #632423;\"><span style=\"font-family: 'Comic Sans MS', cursive;\"><span style=\"font-size: large;\">Amusons-nous, comme des fous, prenons le cul par le bon trou.<\/span><\/span><\/span><\/p>\n<p align=\"JUSTIFY\">\n<p align=\"JUSTIFY\"><span style=\"color: #632423;\"><span style=\"font-family: 'Comic Sans MS', cursive;\"><span style=\"font-size: large;\">C\u2019est que nous ne sommes pas Charlie\u00a0! \u00c7a servirait \u00e0 quoi. <\/span><\/span><\/span><\/p>\n<p align=\"JUSTIFY\">\n<p align=\"JUSTIFY\"><span style=\"color: #632423;\"><span style=\"font-family: 'Comic Sans MS', cursive;\"><span style=\"font-size: large;\">Il nous suffit d\u2019\u00eatre Fran\u00e7ais, de nous soucier de notre Aloi.<\/span><\/span><\/span><\/p>\n<p align=\"JUSTIFY\">\u00a0<img loading=\"lazy\" decoding=\"async\" class=\"alignleft size-thumbnail wp-image-10800\" title=\"Eric\" src=\"http:\/\/www.lecarrefourdesopinions.ca\/wp-content\/uploads\/2014\/06\/Eric1-134x107.jpg\" alt=\"\" width=\"134\" height=\"107\" \/><\/p>\n<p align=\"JUSTIFY\">\n<p align=\"JUSTIFY\">\n<p align=\"JUSTIFY\">\n<p align=\"JUSTIFY\"><span style=\"color: #632423;\"><span style=\"font-family: 'Comic Sans MS', cursive;\"><span style=\"font-size: large;\">\u00c9ric E.G. NOGARD<\/span><\/span><\/span><\/p>\n<p align=\"JUSTIFY\"><span style=\"color: #c00000;\"><span style=\"font-size: large;\"><em>Le petit Chroniqueur<\/em><\/span><\/span><span style=\"color: #c00000;\"><span style=\"font-size: large;\">.<\/span><\/span><\/p>\n<p>&nbsp;<\/p>\n<p>&nbsp;<\/p>\n<p align=\"CENTER\"><span style=\"font-size: large;\">*** *** ***<\/span><\/p>\n<p align=\"JUSTIFY\"><span style=\"font-family: 'Comic Sans MS', cursive;\"><span style=\"font-size: large;\">Tellement on les oublie ou tellement on les ignore en haut lieu, les difficult\u00e9s existentielles devenues insupportables pour de trop nombreux Fran\u00e7ais, ne semblent gu\u00e8re c<\/span><\/span><img loading=\"lazy\" decoding=\"async\" style=\"font-size: 13px;\" src=\"http:\/\/www.lecarrefourdesopinions.ca\/wp-admin\/images\/media-button.png?ver=20111005\" alt=\"\" width=\"15\" height=\"15\" \/><span style=\"font-family: 'Comic Sans MS', cursive;\"><span style=\"font-size: large;\">ompter que pour des clopinettes au regard de nos illustres Pr\u00e9sidentissimes Pr\u00e9sidents<\/span><\/span><span style=\"font-size: large;\">.<\/span><\/p>\n<p>\u00a0 \u00a0 \u00a0 \u00a0 \u00a0 \u00a0 \u00a0 \u00a0 \u00a0 \u00a0 \u00a0 \u00a0 \u00a0 \u00a0 \u00a0 \u00a0 \u00a0 \u00a0 \u00a0 \u00a0 \u00a0 \u00a0\u00a0<img loading=\"lazy\" decoding=\"async\" class=\"alignnone size-thumbnail wp-image-11224\" title=\"F1 FRANCE President Nicolas Sarkozy, past president\" src=\"http:\/\/www.lecarrefourdesopinions.ca\/wp-content\/uploads\/2015\/01\/F1-FRANCE-President-Nicolas-Sarkozy-past-president-134x107.jpg\" alt=\"\" width=\"134\" height=\"107\" \/>\u00a0 \u00a0 \u00a0 \u00a0 \u00a0 \u00a0 \u00a0 \u00a0\u00a0<img loading=\"lazy\" decoding=\"async\" class=\"alignnone size-thumbnail wp-image-11225\" title=\"F2 le-portrait-officiel-de-francois-hollande, Pr\u00e9sident\" src=\"http:\/\/www.lecarrefourdesopinions.ca\/wp-content\/uploads\/2015\/01\/F2-le-portrait-officiel-de-francois-hollande-Pr\u00e9sident-134x107.jpg\" alt=\"\" width=\"134\" height=\"107\" \/><span style=\"font-size: 13px;\">\u00a0<\/span><\/p>\n<p><span style=\"font-size: large;\"><strong>\u00a0 \u00a0 \u00a0 \u00a0 \u00a0 \u00a0 \u00a0 \u00a0 \u00a0 \u00a0 \u00a0 \u00a0 \u00a0 \u00a0 \u00a0F1\u00a0:<\/strong><\/span><span style=\"color: #c00000;\"><span style=\"font-family: Arial, sans-serif;\"><span style=\"font-size: large;\"><em>Past President<\/em><\/span><\/span><\/span><span style=\"color: #c00000;\"><span style=\"font-size: large;\">, \u00a0 \u00a0 \u00a0 \u00a0 \u00a0<\/span><\/span><span style=\"font-size: large;\"><strong>F2\u00a0:<\/strong><\/span><span style=\"color: #c00000;\"><span style=\"font-size: large;\">Pr\u00e9sident.<\/span><\/span><\/p>\n<p align=\"JUSTIFY\"><span style=\"font-size: large;\">En tout cas, RTL ne dira pas \u2013 et n\u2019a pas dit \u2013 que Monsieur Nicolas SARKOZY s\u2019en soit souci\u00e9 peu ou prou, dans son \u00e9num\u00e9ration des \u00ab\u00a0tiens\u2026bois\u00a0\u00bb propres \u00e0 pr\u00e9venir la \u00ab\u00a0Crevaison\u00a0\u00bb sur nos t\u00eates, de la nu\u00e9e ardente dont la France se trouve menac\u00e9e\u2026 les fumerolles sont d\u00e9j\u00e0 l\u00e0.<\/span><\/p>\n<p style=\"text-align: center;\" align=\"CENTER\">\n<p align=\"CENTER\"><img loading=\"lazy\" decoding=\"async\" class=\"alignnone size-medium wp-image-11228\" title=\"F3 nu\u00e9e ardente\" src=\"http:\/\/www.lecarrefourdesopinions.ca\/wp-content\/uploads\/2015\/01\/F3-nu\u00e9e-ardente2-300x180.jpg\" alt=\"\" width=\"300\" height=\"180\" srcset=\"https:\/\/www.lecarrefourdesopinions.ca\/wp-content\/uploads\/2015\/01\/F3-nu\u00e9e-ardente2-300x180.jpg 300w, https:\/\/www.lecarrefourdesopinions.ca\/wp-content\/uploads\/2015\/01\/F3-nu\u00e9e-ardente2-400x240.jpg 400w, https:\/\/www.lecarrefourdesopinions.ca\/wp-content\/uploads\/2015\/01\/F3-nu\u00e9e-ardente2.jpg 896w\" sizes=\"auto, (max-width: 300px) 100vw, 300px\" \/><\/p>\n<p align=\"CENTER\"><span style=\"font-size: large;\"><strong>F3\u00a0:<\/strong><\/span><span style=\"color: #c00000;\"><span style=\"font-size: large;\"><em>Sur la France, une mena\u00e7ante nu\u00e9e ardente\u2026<\/em><\/span><\/span><\/p>\n<p align=\"JUSTIFY\">\n<ul>\n<li>\n<p align=\"JUSTIFY\"><span style=\"font-size: large;\">Comme si les pires ennemis de la France n\u2019\u00e9taient pas ces Fran\u00e7ais amateurs de Parachutes Dor\u00e9s, de Paradis Fiscaux et autres Voltiges Comptables \u2013 <\/span><span style=\"font-size: large;\"><em>notons que la racine de voltige n\u2019est pas tige mais bien\u2026 Chut\u00a0! <\/em><\/span><span style=\"font-size: large;\">\u2013 Sans compter cette mani\u00e8re, de <\/span><span style=\"font-family: Arial, sans-serif;\"><span style=\"font-size: large;\"><em>Boostage<\/em><\/span><\/span><span style=\"font-size: large;\"> dans le Crime, de r\u00e9mission la\u00efque des p\u00e9ch\u00e9s cardinaux\u2026 ces peines avec sursis qui ouvrent les portes \u00e0 deux battants et flattent l\u2019infamie.<\/span><\/p>\n<\/li>\n<\/ul>\n<p align=\"JUSTIFY\">\n<ul>\n<li>\n<p align=\"JUSTIFY\"><span style=\"font-size: large;\">Comme si la Cellule individuelle dans les Centres Carc\u00e9raux \u2013 <\/span><span style=\"font-size: large;\"><em>qui d\u2019ailleurs rel\u00e8vent de l\u2019utopie, eu \u00e9gard \u00e0 la surpopulation carc\u00e9rale comme \u00e0 la philosophie de notre Garde des Sceaux sur les m\u00e9faits de l\u2019envoi en prison<\/em><\/span><span style=\"font-size: large;\"> \u2013 avaient comme on veut leur pr\u00eater, pouvoir de dissuasion, de discr\u00e9tion et m\u00eame de r\u00e9demption.<\/span><\/p>\n<\/li>\n<\/ul>\n<p>&nbsp;<\/p>\n<ul>\n<li>\n<p align=\"JUSTIFY\"><span style=\"font-size: large;\">Comme si \u2013 mis \u00e0 part nos biens lotis \u2013 Casser la France en deux lots de Fran\u00e7ais, ici, les Policiers arm\u00e9s comme des h\u00e9rissons, cuirass\u00e9s comme des rhinoc\u00e9ros et pay\u00e9s comme des Sultans, et l\u00e0, les Pr\u00e9sum\u00e9s Innocents cependant Coupables d\u2019\u00eatre sans emplois, affam\u00e9s donc douteux.<\/span><\/p>\n<\/li>\n<\/ul>\n<p>&nbsp;<\/p>\n<p align=\"CENTER\"><img loading=\"lazy\" decoding=\"async\" class=\"alignnone size-medium wp-image-11232\" title=\"F4 Police\" src=\"http:\/\/www.lecarrefourdesopinions.ca\/wp-content\/uploads\/2015\/01\/F4-Police-300x140.jpg\" alt=\"\" width=\"300\" height=\"140\" srcset=\"https:\/\/www.lecarrefourdesopinions.ca\/wp-content\/uploads\/2015\/01\/F4-Police-300x140.jpg 300w, https:\/\/www.lecarrefourdesopinions.ca\/wp-content\/uploads\/2015\/01\/F4-Police-1024x477.jpg 1024w, https:\/\/www.lecarrefourdesopinions.ca\/wp-content\/uploads\/2015\/01\/F4-Police-400x186.jpg 400w, https:\/\/www.lecarrefourdesopinions.ca\/wp-content\/uploads\/2015\/01\/F4-Police.jpg 1110w\" sizes=\"auto, (max-width: 300px) 100vw, 300px\" \/>\u00a0<span style=\"font-size: 13px;\">\u00a0<\/span><\/p>\n<p align=\"CENTER\">\n<p style=\"text-align: left;\" align=\"CENTER\"><span style=\"font-size: large;\"><strong>\u00a0 \u00a0 \u00a0 \u00a0 \u00a0 \u00a0 \u00a0 \u00a0 \u00a0 \u00a0 \u00a0 \u00a0 \u00a0 \u00a0 \u00a0 \u00a0 \u00a0 \u00a0 \u00a0 \u00a0 \u00a0 \u00a0 \u00a0 \u00a0F4\u00a0:<\/strong><\/span><span style=\"color: #c00000;\"><span style=\"font-size: large;\"><em>Policiers ou E.T.<\/em><\/span><\/span><\/p>\n<p>&nbsp;<\/p>\n<p align=\"JUSTIFY\"><span style=\"font-family: 'Comic Sans MS', cursive;\"><span style=\"font-size: large;\">Des Policiers pour une plus grande s\u00e9curit\u00e9 des Cr\u00e8ves la Faim\u2026 contre les HYPER-NANTIS, certainement<\/span><\/span><span style=\"font-size: large;\">.<\/span><\/p>\n<p align=\"JUSTIFY\">\n<p align=\"JUSTIFY\">\u00a0 \u00a0 \u00a0 \u00a0 \u00a0 \u00a0 \u00a0 \u00a0 \u00a0 \u00a0\u00a0<img loading=\"lazy\" decoding=\"async\" class=\"alignnone size-thumbnail wp-image-11229\" title=\"F5-1 French Rag time\" src=\"http:\/\/www.lecarrefourdesopinions.ca\/wp-content\/uploads\/2015\/01\/F5-1-French-Rag-time-134x107.jpg\" alt=\"\" width=\"134\" height=\"107\" \/>\u00a0 \u00a0\u00a0<img loading=\"lazy\" decoding=\"async\" class=\"alignnone size-thumbnail wp-image-11230\" title=\"F5-2 French Rag time\" src=\"http:\/\/www.lecarrefourdesopinions.ca\/wp-content\/uploads\/2015\/01\/F5-2-French-Rag-time-134x107.jpg\" alt=\"\" width=\"134\" height=\"107\" \/>\u00a0 \u00a0 \u00a0<img loading=\"lazy\" decoding=\"async\" class=\"alignnone size-thumbnail wp-image-11231\" title=\"F5-3 French Rag time\" src=\"http:\/\/www.lecarrefourdesopinions.ca\/wp-content\/uploads\/2015\/01\/F5-3-French-Rag-time-134x107.jpg\" alt=\"\" width=\"134\" height=\"107\" \/><\/p>\n<p align=\"JUSTIFY\"><span style=\"font-size: large;\"><strong>\u00a0 \u00a0 \u00a0 \u00a0 \u00a0 \u00a0 \u00a0 \u00a0 \u00a0 \u00a0 \u00a0 \u00a0 \u00a0 \u00a0 \u00a0 \u00a0 \u00a0 \u00a0 \u00a0 \u00a0 \u00a0 \u00a0 \u00a0F5\u00a0:<\/strong><\/span><span style=\"color: #c00000;\"><span style=\"font-size: large;\"><em>French Rag time.<\/em><\/span><\/span><\/p>\n<p lang=\"en-US\" align=\"JUSTIFY\">\n<ul>\n<li>\n<p align=\"JUSTIFY\"><span style=\"font-size: large;\">Comme si l\u2019immigration, ce mal qui s\u00e8me la terreur n\u2019avait en France sa Bo\u00eete de P\u00e9tri, ses Semeurs de Bonbons assez attractifs pour mettre en condition les \u00c9trangers qui nous viennent des antipodes et qui, de toute fa\u00e7on, se font g\u00e9n\u00e9ralement une belle jambe d\u2019\u00eatre Fran\u00e7ais et d\u2019aimer la France.<\/span><\/p>\n<\/li>\n<\/ul>\n<p align=\"JUSTIFY\">\n<ul>\n<li>\n<p align=\"JUSTIFY\"><span style=\"font-size: large;\">Comme si c\u2019\u00e9tait aux Religions \u2013 le Catholicisme \u00e9tant excommuni\u00e9 \u2013 de tenir le Timon du rel\u00e8vement de la France, ce Pays r\u00e9put\u00e9 La\u00efque depuis combien de si\u00e8cles, avec sa chasse aux Catholiques, son fameux Concordat qui trouve son Corollaire dans ses S.O.S. d\u00e9sesp\u00e9r\u00e9s aux Juifs, aux Musulmans, voire au Confucianisme, le Grand Architecte ne pouvant mais\u2026 \u00e0 ce niveau, malgr\u00e9 sa truelle et son marteau, sans compter ses tentacules\u2026 redoutables on ne peut davantage.<\/span><\/p>\n<\/li>\n<\/ul>\n<p>&nbsp;<\/p>\n<p align=\"JUSTIFY\"><span style=\"font-size: large;\">De quelle La\u00efcit\u00e9 sommes-nous, en v\u00e9rit\u00e9.<\/span><\/p>\n<p align=\"JUSTIFY\">\n<ul>\n<li>\n<p align=\"JUSTIFY\"><span style=\"font-size: large;\">Comme s\u2019il n\u2019eut pas \u00e9t\u00e9 pour les Fran\u00e7ais de toute premi\u00e8re urgence de r\u00e9viser leurs habitudes de p\u00eache en eau trouble, d\u2019abus de pouvoir, de n\u00e9potisme et de domestication de son prochain par de pr\u00e9tendus avantages tellement n\u00e9fastes \u00e0 l\u2019\u00c9conomie, au Bien et au Prestige de la France.<\/span><\/p>\n<\/li>\n<\/ul>\n<p align=\"JUSTIFY\">\n<p align=\"JUSTIFY\">\n<p align=\"JUSTIFY\"><span style=\"font-family: 'Comic Sans MS', cursive; color: #800000;\"><span style=\"font-size: large;\">Nous pr\u00e9f\u00e9rons le baratin, baratinons\u2026 Caricaturons\u2026 Blasph\u00e9mons\u2026 Que notre \u00ab\u00a0claque-merde\u00a0\u00bb fasse TSUNAMI\u2026 Faisons de l\u2019esprit\u2026<\/span><\/span><\/p>\n<p align=\"JUSTIFY\"><span style=\"color: #800000;\">\u00a0<\/span><\/p>\n<p align=\"JUSTIFY\"><span style=\"color: #800000;\"><span style=\"font-family: 'Comic Sans MS', cursive;\"><span style=\"font-size: large;\"><em>Cependant, disons-nous que<\/em><\/span><\/span><span style=\"font-family: 'Comic Sans MS', cursive;\"><span style=\"font-size: large;\">\u00a0:<\/span><\/span><\/span><\/p>\n<p align=\"JUSTIFY\"><span style=\"color: #800000;\">\u00a0<\/span><\/p>\n<p align=\"JUSTIFY\"><span style=\"font-family: 'Comic Sans MS', cursive; color: #800000;\"><span style=\"font-size: large;\">Ce n\u2019est pas quand le Vin tourne au Vinaigre<\/span><\/span><\/p>\n<p align=\"JUSTIFY\"><span style=\"font-family: 'Comic Sans MS', cursive; color: #800000;\"><span style=\"font-size: large;\">Qu\u2019on doive jouer aux Potes, aux Charlie\u2026<\/span><\/span><\/p>\n<p align=\"JUSTIFY\"><span style=\"font-family: 'Comic Sans MS', cursive; color: #800000;\"><span style=\"font-size: large;\">Quel pote\u00a0? De qui\u00a0? Quel Charlie pour cacher qui\u2026<\/span><\/span><\/p>\n<p align=\"JUSTIFY\"><span style=\"font-family: 'Comic Sans MS', cursive;\"><span style=\"font-size: large;\"><span style=\"color: #800000;\">Pour l\u2019Union Nationale\u2026 laquelle en V\u00e9rit\u00e9<\/span><\/span><\/span><span style=\"font-size: large;\">.<\/span><\/p>\n<p align=\"JUSTIFY\">\n<p align=\"JUSTIFY\"><span style=\"font-size: large;\">\u1e16ric E.G. NOGARD<\/span><span style=\"font-size: 13px;\">\u00a0<\/span><\/p>\n<p align=\"CENTER\"><span style=\"font-size: large;\">*** *** ***<\/span><\/p>\n<p><span style=\"color: #ff0000;\"><span style=\"font-size: large;\"><strong>Nota : <\/strong><\/span><\/span><span style=\"color: #000000;\"><span style=\"font-size: large;\">Nous ne traitons que de Faits et de Noms rendus Publics.<\/span><\/span><span style=\"font-size: 13px;\">\u00a0<\/span><\/p>\n<p align=\"CENTER\"><span style=\"color: #000000;\"><span style=\"font-size: large;\">*** *** ***<\/span><\/span><\/p>\n<p align=\"JUSTIFY\"><span style=\"font-size: large;\"><strong>N.B.:<\/strong><\/span><span style=\"font-size: large;\"> &#8211; <\/span><span style=\"color: #c00000;\"><span style=\"font-family: 'Comic Sans MS', cursive;\"><span style=\"font-size: large;\">Nous Recommandons instamment et syst\u00e9matiquement l\u2019ouverture de la (ou des) pi\u00e8ce(s) jointe(s) \u00e0 l\u2019e-mail, sous format Pdf, <\/span><\/span><\/span><span style=\"color: #c00000;\"><span style=\"font-family: 'Comic Sans MS', cursive;\"><span style=\"font-size: large;\"><span style=\"text-decoration: underline;\">les illustrations y sont incluses<\/span><\/span><\/span><\/span><span style=\"color: #c00000;\"><span style=\"font-family: 'Comic Sans MS', cursive;\"><span style=\"font-size: large;\">.<\/span><\/span><\/span><\/p>\n<p align=\"JUSTIFY\">\u00a0<span style=\"font-size: 13px;\">\u00a0<\/span><\/p>\n<p align=\"CENTER\"><span style=\"font-size: large;\"><strong>*** *** ***<\/strong><\/span><\/p>\n<p align=\"CENTER\"><strong><span style=\"color: #632423;\">Avis de vente de M\u00e9moire.<\/span><\/strong><\/p>\n<p align=\"JUSTIFY\">\n<p align=\"JUSTIFY\"><strong><span style=\"color: #0000ff;\"><span style=\"font-family: Arial, sans-serif;\">Demandez le M\u00e9moire de \u00ab\u00a0<\/span><span style=\"font-family: Arial, sans-serif;\"><em>Martinique Province Fran\u00e7aise d\u2019Am\u00e9rique<\/em><\/span><span style=\"font-family: Arial, sans-serif;\">\u00a0\u00bb au Front National Fran\u00e7ais.<\/span><\/span><\/strong><\/p>\n<p align=\"JUSTIFY\"><strong><span style=\"color: #0000ff;\">\u00a0<\/span><\/strong><\/p>\n<p align=\"JUSTIFY\"><strong><span style=\"color: #0000ff;\"><span style=\"font-family: Arial, sans-serif;\">Eu \u00e9gard \u00e0 l\u2019Ind\u00e9pendance et \u00e0 la Justesse de son analyse, il vaut pour tout Parti du Spectre Politique Fran\u00e7ais<\/span>.<\/span><\/strong><\/p>\n<p align=\"JUSTIFY\"><strong><span style=\"color: #0000ff;\">\u00a0<\/span><\/strong><\/p>\n<p align=\"JUSTIFY\"><strong><span style=\"color: #0000ff;\">Il est au prix de Vingt Cinq Euros Net (25,00 \u20acuros Net). Port gratuit par courrier postal ordinaire. Port forfaitaire de 7,50 \u20acuros par courrier recommand\u00e9 suivi. R\u00e8glement par tout moyen de paiement \u00e0 l\u2019ordre d\u2019\u00c9ric E.G. NOGARD.<\/span><\/strong><\/p>\n<p align=\"JUSTIFY\">\n<p align=\"CENTER\"><span style=\"color: #ff0000;\"><span><strong>Ne Peut \u00eatre reproduit &#8211; m\u00eame partiellement &#8211; sans l\u2019autorisation de l\u2019Auteur.<\/strong><\/span><\/span><\/p>\n<p>&nbsp;<\/p>\n<p align=\"JUSTIFY\">\n<script type=\"text\/javascript\">\n\nvar addthis_config = {\"data_track_clickback\":false,\"data_track_addressbar\":false,\"data_track_textcopy\":false};\n<\/script><script type=\"text\/javascript\" src=\"\/\/s7.addthis.com\/js\/250\/addthis_widget.js#pubid=f084fdfbcefba74c78dfad3bbc873ffd\"><\/script>","protected":false},"excerpt":{"rendered":"<p align=\"CENTER\"><span style=\"color: #000099;\"><span style=\"font-size: x-large;\">Quand le Vin tourne au Vinaigre.<\/span><\/span><\/p>\n<p align=\"CENTER\">\n<p align=\"CENTER\"><span style=\"color: #000099;\"><span>=====<\/span><\/span><\/p>\n<p align=\"JUSTIFY\">\n<p align=\"JUSTIFY\">\n<p lang=\"\" align=\"JUSTIFY\">\n<p align=\"JUSTIFY\">\n<p align=\"JUSTIFY\"><span style=\"color: #632423;\"><span style=\"font-family: 'Comic Sans MS', cursive;\"><span style=\"font-size: large;\">Que le Vin tourne au Vinaigre, que les Vers nous rongent les choux,<\/span><\/span><\/span><\/p>\n<p align=\"JUSTIFY\">\n<p align=\"JUSTIFY\"><span style=\"color: #632423;\"><span style=\"font-family: 'Comic Sans MS', cursive;\"><span style=\"font-size: large;\">Il nous revient cette Chanson<\/span><\/span><\/span><\/p>\n<p align=\"JUSTIFY\">\n<p align=\"JUSTIFY\"><span style=\"color: #632423;\"><span style=\"font-family: 'Comic Sans MS', cursive;\"><span style=\"font-size: large;\">Amusons-nous, comme des fous, prenons le cul par le bon trou.<\/span><\/span><\/span><\/p>\n<p align=\"JUSTIFY\">\n<p align=\"JUSTIFY\"><span style=\"color: #632423;\"><span style=\"font-family: 'Comic Sans MS', cursive;\"><span style=\"font-size: large;\">C\u2019est <\/span><\/span><\/span>&hellip;<\/p>\n","protected":false},"author":1,"featured_media":0,"comment_status":"open","ping_status":"open","sticky":false,"template":"","format":"standard","meta":{"footnotes":""},"categories":[1],"tags":[],"class_list":["post-11223","post","type-post","status-publish","format-standard","hentry","category-accueil"],"_links":{"self":[{"href":"https:\/\/www.lecarrefourdesopinions.ca\/index.php?rest_route=\/wp\/v2\/posts\/11223","targetHints":{"allow":["GET"]}}],"collection":[{"href":"https:\/\/www.lecarrefourdesopinions.ca\/index.php?rest_route=\/wp\/v2\/posts"}],"about":[{"href":"https:\/\/www.lecarrefourdesopinions.ca\/index.php?rest_route=\/wp\/v2\/types\/post"}],"author":[{"embeddable":true,"href":"https:\/\/www.lecarrefourdesopinions.ca\/index.php?rest_route=\/wp\/v2\/users\/1"}],"replies":[{"embeddable":true,"href":"https:\/\/www.lecarrefourdesopinions.ca\/index.php?rest_route=%2Fwp%2Fv2%2Fcomments&post=11223"}],"version-history":[{"count":4,"href":"https:\/\/www.lecarrefourdesopinions.ca\/index.php?rest_route=\/wp\/v2\/posts\/11223\/revisions"}],"predecessor-version":[{"id":11258,"href":"https:\/\/www.lecarrefourdesopinions.ca\/index.php?rest_route=\/wp\/v2\/posts\/11223\/revisions\/11258"}],"wp:attachment":[{"href":"https:\/\/www.lecarrefourdesopinions.ca\/index.php?rest_route=%2Fwp%2Fv2%2Fmedia&parent=11223"}],"wp:term":[{"taxonomy":"category","embeddable":true,"href":"https:\/\/www.lecarrefourdesopinions.ca\/index.php?rest_route=%2Fwp%2Fv2%2Fcategories&post=11223"},{"taxonomy":"post_tag","embeddable":true,"href":"https:\/\/www.lecarrefourdesopinions.ca\/index.php?rest_route=%2Fwp%2Fv2%2Ftags&post=11223"}],"curies":[{"name":"wp","href":"https:\/\/api.w.org\/{rel}","templated":true}]}}