{"id":11212,"date":"2015-01-09T08:36:01","date_gmt":"2015-01-09T13:36:01","guid":{"rendered":"http:\/\/www.lecarrefourdesopinions.ca\/?p=11212"},"modified":"2015-01-09T08:36:01","modified_gmt":"2015-01-09T13:36:01","slug":"releve-la-tete-mon-charlie","status":"publish","type":"post","link":"https:\/\/www.lecarrefourdesopinions.ca\/?p=11212","title":{"rendered":"Rel\u00e8ve la t\u00eate mon Charlie !.."},"content":{"rendered":"<p align=\"CENTER\"><span style=\"color: #000099;\"><span style=\"font-size: x-large;\"><em><strong>Rel\u00e8ve la t\u00eate mon Charlie\u00a0!..<\/strong><\/em><\/span><\/span><\/p>\n<p align=\"CENTER\">\n<p align=\"CENTER\"><span style=\"color: #000099;\"><span><strong>=====<\/strong><\/span><\/span><\/p>\n<p align=\"JUSTIFY\">\n<p align=\"JUSTIFY\">\n<p style=\"text-align: center;\" align=\"JUSTIFY\"><span style=\"color: #632423;\"><span style=\"font-family: 'Comic Sans MS', cursive;\"><span style=\"font-size: large;\"><strong>Rel\u00e8ve la t\u00eate mon Charlie\u00a0!..<\/strong><\/span><\/span><\/span><\/p>\n<p align=\"JUSTIFY\">\u00a0<img loading=\"lazy\" decoding=\"async\" class=\"alignleft size-thumbnail wp-image-10800\" title=\"Eric\" src=\"http:\/\/www.lecarrefourdesopinions.ca\/wp-content\/uploads\/2014\/06\/Eric1-134x107.jpg\" alt=\"\" width=\"134\" height=\"107\" \/><\/p>\n<p align=\"JUSTIFY\"><span style=\"color: #632423;\"><span style=\"font-family: 'Comic Sans MS', cursive;\"><span style=\"font-size: large;\">\u00c9ric E.G. NOGARD<\/span><\/span><\/span><\/p>\n<p align=\"JUSTIFY\"><span style=\"color: #c00000;\"><span style=\"font-size: large;\"><em>Le petit Chroniqueur<\/em><\/span><\/span><span style=\"color: #c00000;\"><span style=\"font-size: large;\">.<\/span><\/span><\/p>\n<p align=\"JUSTIFY\">\n<p align=\"JUSTIFY\"><span style=\"color: #632423;\"><span style=\"font-family: 'Comic Sans MS', cursive;\"><span style=\"font-size: large;\">Comme il fallait s\u2019y attendre, l\u2019Attentat commis \u00e0 l\u2019encontre de Charlie hebdo n\u2019a laiss\u00e9, ni indiff\u00e9rent, ni insensible le Carrefour des Opinions de Montr\u00e9al, QUEBEC, Canada.<\/span><\/span><\/span><\/p>\n<p align=\"JUSTIFY\">\n<p align=\"CENTER\"><img loading=\"lazy\" decoding=\"async\" class=\"aligncenter size-thumbnail wp-image-11213\" title=\"F1 Je suis Charlie, Caricature de Magnus Shaw\" src=\"http:\/\/www.lecarrefourdesopinions.ca\/wp-content\/uploads\/2015\/01\/F1-Je-suis-Charlie-Caricature-de-Magnus-Shaw-134x99.jpg\" alt=\"\" width=\"134\" height=\"99\" \/><span style=\"font-size: 13px;\">\u00a0<\/span><span style=\"font-size: 13px;\">\u00a0<\/span><\/p>\n<p align=\"CENTER\"><span style=\"font-size: large;\"><strong>F1\u00a0:<\/strong><\/span><span style=\"color: #c00000;\"><span style=\"font-family: 'Comic Sans MS', cursive;\"><span style=\"font-size: large;\">Je suis Charlie<\/span><\/span><\/span><span style=\"color: #c00000;\"><span style=\"font-size: large;\">, <\/span><\/span><span style=\"color: #c00000;\"><span style=\"font-size: large;\"><em>Caricature de Magnus Shaw<\/em><\/span><\/span><span style=\"color: #c00000;\"><span style=\"font-size: large;\">!<\/span><\/span><\/p>\n<p align=\"JUSTIFY\">\n<p align=\"JUSTIFY\"><span style=\"color: #632423;\"><span style=\"font-family: 'Comic Sans MS', cursive;\"><span style=\"font-size: large;\">La Plume de Monsieur Jean-Paul <\/span><\/span><\/span><span style=\"color: #632423;\"><span style=\"font-family: 'Comic Sans MS', cursive;\"><span style=\"font-size: large;\">KOZMINSKI,<\/span><\/span><\/span><span style=\"color: #632423;\"><span style=\"font-family: 'Comic Sans MS', cursive;\"><span style=\"font-size: large;\"> Membre de son Comit\u00e9 de R\u00e9daction a r\u00e9agi avec la mesure et la rigueur qui convenaient \u00e0 ce Drame qui ne fait pas honneur \u00e0 l\u2019Esp\u00e8ce Humaine et qui oblige tout un chacun \u00e0 une remise en question de la transparence de son \u00e9go.<\/span><\/span><\/span><\/p>\n<p align=\"JUSTIFY\">\n<p align=\"CENTER\"><img loading=\"lazy\" decoding=\"async\" class=\"aligncenter size-thumbnail wp-image-10547\" title=\"photo J.P.Kozminski\" src=\"http:\/\/www.lecarrefourdesopinions.ca\/wp-content\/uploads\/2014\/01\/photo-J.P.Kozminski-134x107.jpg\" alt=\"\" width=\"134\" height=\"107\" \/>\u00a0<span style=\"font-size: 13px;\">\u00a0<\/span><\/p>\n<p align=\"CENTER\"><span style=\"color: #632423;\"><span style=\"font-size: large;\"><strong>F2\u00a0:<\/strong><\/span><\/span><span style=\"color: #c00000;\"><span style=\"font-size: large;\"><em>Monsieur Jean-Paul <\/em><\/span><\/span><span style=\"color: #c00000;\"><span style=\"font-size: large;\"><em>Kozminski.<\/em><\/span><\/span><\/p>\n<p align=\"JUSTIFY\">\n<p align=\"JUSTIFY\"><span style=\"color: #632423;\"><span style=\"font-family: 'Comic Sans MS', cursive;\"><span style=\"font-size: large;\">L\u2019Humanit\u00e9 aurait-elle \u00e0 d\u00e9plorer de telles Calamit\u00e9s si chacun d\u2019entre-nous se montrait sous son vrai visage.<\/span><\/span><\/span><\/p>\n<p align=\"JUSTIFY\">\n<p align=\"JUSTIFY\"><span style=\"color: #632423;\"><span style=\"font-family: 'Comic Sans MS', cursive;\"><span style=\"font-size: large;\">Quelle serait la raison d\u2019\u00eatre de Charlie Hebdo si la dissimulation n\u2019\u00e9tait notre fait quotidien, et si par cela m\u00eame, nous n\u2019\u00e9tions un p\u00e9ril pour notre esp\u00e8ce comme pour cette plan\u00e8te qui nous abrite et nous fait vivre.<\/span><\/span><\/span><\/p>\n<p align=\"JUSTIFY\">\n<p align=\"JUSTIFY\"><span style=\"color: #632423;\"><span style=\"font-family: 'Comic Sans MS', cursive;\"><span style=\"font-size: large;\">Que Monsieur <\/span><\/span><\/span><span style=\"color: #632423;\"><span style=\"font-family: 'Comic Sans MS', cursive;\"><span style=\"font-size: large;\">KOZMINSKI nous pardonne au nom de la Libert\u00e9 d\u2019Expression d\u2019avoir comment\u00e9 son Texte intitul\u00e9\u00a0:<\/span><\/span><\/span><\/p>\n<p align=\"JUSTIFY\">\n<p align=\"CENTER\"><span style=\"color: #632423;\"><span style=\"font-family: 'Comic Sans MS', cursive;\"><span style=\"font-size: large;\">\u00ab\u00a0Je suis en deuil et j\u2019ai le c\u0153ur gros !\u00a0\u00bb<\/span><\/span><\/span><\/p>\n<p align=\"JUSTIFY\">\n<p align=\"JUSTIFY\"><span style=\"color: #632423;\"><span style=\"font-family: 'Comic Sans MS', cursive;\"><span style=\"font-size: large;\">A Martinique Province Fran\u00e7aise d\u2019Am\u00e9rique nous partageons ce sentiment et c\u2019est une Consolation pour nous de le faire savoir \u00e0 nos Lecteurs sous cet intitul\u00e9 que nous devons \u00e0 Monsieur Jean-Paul <\/span><\/span><\/span><span style=\"color: #632423;\"><span style=\"font-family: 'Comic Sans MS', cursive;\"><span style=\"font-size: large;\">KOZMINSKI, en les priant de diffuser\u2026 sans mod\u00e9ration.<\/span><\/span><\/span><\/p>\n<p align=\"JUSTIFY\">\n<p align=\"CENTER\"><span style=\"color: #632423;\"><span style=\"font-family: 'Comic Sans MS', cursive;\"><span style=\"font-size: large;\"><strong>\u00ab\u00a0 Rel\u00e8ve la t\u00eate mon Charlie\u00a0!\u00a0\u00bb<\/strong><\/span><\/span><\/span><\/p>\n<p align=\"JUSTIFY\">\n<p align=\"JUSTIFY\"><span style=\"color: #632423;\"><span style=\"font-family: 'Comic Sans MS', cursive;\"><span style=\"font-size: large;\">\u00c9ric E.G. NOGARD<\/span><\/span><\/span><\/p>\n<p align=\"JUSTIFY\"><span style=\"color: #c00000;\"><span style=\"font-size: large;\"><em>Le petit Chroniqueur<\/em><\/span><\/span><span style=\"color: #c00000;\"><span style=\"font-size: large;\">.<\/span><\/span><\/p>\n<p>&nbsp;<\/p>\n<p>&nbsp;<\/p>\n<p align=\"CENTER\"><span style=\"font-size: large;\">*** *** ***<\/span><\/p>\n<p>&nbsp;<\/p>\n<h1 align=\"CENTER\"><span>Je suis en deuil et j\u2019ai le c\u0153ur gros!<\/span><\/h1>\n<p><span style=\"font-size: small;\">08-01-2015<\/span><\/p>\n<p>&nbsp;<\/p>\n<p align=\"CENTER\"><em><span style=\"color: #800000;\"><span style=\"font-size: large;\">Par Jean-Paul Kozminski<\/span><\/span><\/em><\/p>\n<p align=\"CENTER\"><span style=\"font-size: small;\">J<\/span><strong><span style=\"font-size: small;\">e suis en deuil et j\u2019ai le c\u0153ur gros!<\/span><\/strong><\/p>\n<p align=\"CENTER\">Aujourd\u2019hui, le 07-01-2015<\/p>\n<p>&nbsp;<\/p>\n<script type=\"text\/javascript\">\n\nvar addthis_config = {\"data_track_clickback\":false,\"data_track_addressbar\":false,\"data_track_textcopy\":false};\n<\/script><script type=\"text\/javascript\" src=\"\/\/s7.addthis.com\/js\/250\/addthis_widget.js#pubid=f084fdfbcefba74c78dfad3bbc873ffd\"><\/script>","protected":false},"excerpt":{"rendered":"<p align=\"CENTER\"><span style=\"color: #000099;\"><span style=\"font-size: x-large;\">Rel\u00e8ve la t\u00eate mon Charlie\u00a0!..<\/span><\/span><\/p>\n<p align=\"CENTER\">\n<p align=\"CENTER\"><span style=\"color: #000099;\"><span>=====<\/span><\/span><\/p>\n<p align=\"JUSTIFY\">\n<p align=\"JUSTIFY\">\n<p style=\"text-align: center;\" align=\"JUSTIFY\"><span style=\"color: #632423;\"><span style=\"font-family: 'Comic Sans MS', cursive;\"><span style=\"font-size: large;\">Rel\u00e8ve la t\u00eate mon Charlie\u00a0!..<\/span><\/span><\/span><\/p>\n<p align=\"JUSTIFY\">\u00a0<\/p>\n<p align=\"JUSTIFY\"><span style=\"color: #632423;\"><span style=\"font-family: 'Comic Sans MS', cursive;\"><span style=\"font-size: large;\">\u00c9ric E.G. NOGARD<\/span><\/span><\/span><\/p>\n<p align=\"JUSTIFY\"><span style=\"color: #c00000;\"><span style=\"font-size: large;\">Le petit Chroniqueur<\/span><\/span><span style=\"color: #c00000;\"><span style=\"font-size: large;\">.<\/span><\/span><\/p>\n<p align=\"JUSTIFY\">\n<p align=\"JUSTIFY\"><span style=\"color: #632423;\"><span style=\"font-family: 'Comic Sans MS', cursive;\"><span style=\"font-size: large;\">Comme il fallait s\u2019y attendre, l\u2019Attentat commis \u00e0 l\u2019encontre de Charlie hebdo n\u2019a laiss\u00e9, ni indiff\u00e9rent, ni <\/span><\/span><\/span>&hellip;<\/p>\n","protected":false},"author":1,"featured_media":0,"comment_status":"open","ping_status":"open","sticky":false,"template":"","format":"standard","meta":{"footnotes":""},"categories":[1],"tags":[],"class_list":["post-11212","post","type-post","status-publish","format-standard","hentry","category-accueil"],"_links":{"self":[{"href":"https:\/\/www.lecarrefourdesopinions.ca\/index.php?rest_route=\/wp\/v2\/posts\/11212","targetHints":{"allow":["GET"]}}],"collection":[{"href":"https:\/\/www.lecarrefourdesopinions.ca\/index.php?rest_route=\/wp\/v2\/posts"}],"about":[{"href":"https:\/\/www.lecarrefourdesopinions.ca\/index.php?rest_route=\/wp\/v2\/types\/post"}],"author":[{"embeddable":true,"href":"https:\/\/www.lecarrefourdesopinions.ca\/index.php?rest_route=\/wp\/v2\/users\/1"}],"replies":[{"embeddable":true,"href":"https:\/\/www.lecarrefourdesopinions.ca\/index.php?rest_route=%2Fwp%2Fv2%2Fcomments&post=11212"}],"version-history":[{"count":1,"href":"https:\/\/www.lecarrefourdesopinions.ca\/index.php?rest_route=\/wp\/v2\/posts\/11212\/revisions"}],"predecessor-version":[{"id":11214,"href":"https:\/\/www.lecarrefourdesopinions.ca\/index.php?rest_route=\/wp\/v2\/posts\/11212\/revisions\/11214"}],"wp:attachment":[{"href":"https:\/\/www.lecarrefourdesopinions.ca\/index.php?rest_route=%2Fwp%2Fv2%2Fmedia&parent=11212"}],"wp:term":[{"taxonomy":"category","embeddable":true,"href":"https:\/\/www.lecarrefourdesopinions.ca\/index.php?rest_route=%2Fwp%2Fv2%2Fcategories&post=11212"},{"taxonomy":"post_tag","embeddable":true,"href":"https:\/\/www.lecarrefourdesopinions.ca\/index.php?rest_route=%2Fwp%2Fv2%2Ftags&post=11212"}],"curies":[{"name":"wp","href":"https:\/\/api.w.org\/{rel}","templated":true}]}}