{"id":11207,"date":"2015-01-08T07:51:38","date_gmt":"2015-01-08T12:51:38","guid":{"rendered":"http:\/\/www.lecarrefourdesopinions.ca\/?p=11207"},"modified":"2015-01-08T07:51:38","modified_gmt":"2015-01-08T12:51:38","slug":"je-suis-en-deuil-et-jai-le-coeur-gros","status":"publish","type":"post","link":"https:\/\/www.lecarrefourdesopinions.ca\/?p=11207","title":{"rendered":"Je suis en deuil et j\u2019ai le c\u0153ur gros!"},"content":{"rendered":"<p style=\"text-align: center;\"><span style=\"font-size: 13px;\">J<\/span><strong style=\"font-size: 13px;\">e suis en deuil et j\u2019ai le c\u0153ur gros!<\/strong><\/p>\n<p style=\"text-align: center;\">Aujourd\u2019hui, le 07-01-2015<\/p>\n<p><span style=\"color: #800000;\"><em><img loading=\"lazy\" decoding=\"async\" class=\"alignleft size-thumbnail wp-image-10547\" title=\"photo J.P.Kozminski\" src=\"http:\/\/www.lecarrefourdesopinions.ca\/wp-content\/uploads\/2014\/01\/photo-J.P.Kozminski-134x107.jpg\" alt=\"\" width=\"134\" height=\"107\" \/><\/em><\/span><\/p>\n<p>&nbsp;<\/p>\n<p>&nbsp;<\/p>\n<p>&nbsp;<\/p>\n<p><span style=\"color: #800000;\"><em>Par Jean-Paul Kozminski<\/em><\/span><\/p>\n<p>&nbsp;<\/p>\n<p>&nbsp;<\/p>\n<p style=\"text-align: center;\">Caricature de Magnus Shaw!<\/p>\n<p style=\"text-align: center;\"><img loading=\"lazy\" decoding=\"async\" class=\"aligncenter size-medium wp-image-11208\" title=\"Charlie\" src=\"http:\/\/www.lecarrefourdesopinions.ca\/wp-content\/uploads\/2015\/01\/Charlie-300x167.jpg\" alt=\"\" width=\"300\" height=\"167\" srcset=\"https:\/\/www.lecarrefourdesopinions.ca\/wp-content\/uploads\/2015\/01\/Charlie-300x167.jpg 300w, https:\/\/www.lecarrefourdesopinions.ca\/wp-content\/uploads\/2015\/01\/Charlie-400x223.jpg 400w, https:\/\/www.lecarrefourdesopinions.ca\/wp-content\/uploads\/2015\/01\/Charlie.jpg 499w\" sizes=\"auto, (max-width: 300px) 100vw, 300px\" \/><\/p>\n<h4 style=\"text-align: justify;\"><span style=\"color: #ff0000;\">Je ne connaissais pas Charb, Cabu, Tignous, Wolinski! Et pourtant ils m\u2019accompagnaient souvent. J\u2019aimais leur impertinence, leur insolence, leurs pieds-de-nez et leur fa\u00e7on de \u2018d\u00e9ranger\u2019 ma tol\u00e9rance! Comme le disait Charb\u00a0: bien s\u00fbr, la tol\u00e9rance est une vertu cardinale; mais l\u2019intol\u00e9rance est le trait de caract\u00e8re le plus partag\u00e9 par le plus grand nombre de personnes. Bien s\u00fbr il y a cette langue de bois, celle qui ne dit rien de profond et sur laquelle nous glissons en r\u00e9p\u00e9tant ce que nous venons de lire dans les journaux dits \u2018bien pensants\u2019 et qui nous orientent vers une pens\u00e9e unique! Cette tol\u00e9rance qui prend le visage du m\u00e9pris, qui me fait regarder\u2026 ailleurs! Regarder sans voir ma soci\u00e9t\u00e9 grise, sans saveur, sans conflit! Charb nommait notre environnement social de mozarelle, comme le fromage sans go\u00fbt et sans saveur sur lequel tout le monde s\u2019entend puisqu\u2019il ne choque les papilles de personne. Ces hommes, ces humanistes, ces grands c\u0153urs avaient le don de me faire rire. Et pour rire, la libert\u00e9 doit m\u2019accompagner. Comme le dit Monsieur Philippe Val, LE RIRE EST L\u2019ARME ABSOLUE. LE RIRE EST L\u2019ARME DE LA D\u00c9MOCRATIE. J\u2019ai le droit de dire des conneries, de raconter des histoires et le droit de contredire les dogmatistes et les soi-disant \u2018docteurs\u2019 en th\u00e9ologie ou en idiologie. Surtout lorsque la science prouve le contraire de leurs croyances pas si profondes! Que ce soit la date de la naissance de J\u00e9sus, de Boudha ou de Mahomet, leurs rencontres, leurs fr\u00e9quentations, leur message tronqu\u00e9 qui ne sert qu\u2019\u00e0 produire la pens\u00e9e mozarelle.<\/span><\/h4>\n<h4><span style=\"color: #ff0000;\">\u00a0<\/span><\/h4>\n<h5 style=\"text-align: justify;\"><span style=\"font-family: 'Times New Roman', serif; color: #ff0000;\"><span style=\"font-size: medium;\">Charlie Hebdo aime la libert\u00e9 d\u2019expression et la libert\u00e9 tout court. L\u2019auto censure ob\u00e9it \u00e0 la peur! Et cette menace paralyse une presse bien pensante qui plie devant la mont\u00e9e d\u2019un fondamentalisme religieux qui se r\u00e9clame du tr\u00e8s-haut, d\u2019un dieu qui pr\u00eache la bont\u00e9 et l\u2019amour\u2026 du moins est-ce les Imams et autres pr\u00eacheurs! Que disent donc les sourates de la religion de paix et d\u2019amour? Soyez curieux\u2026 lisez vous-m\u00eames. Faites-vous une id\u00e9e\u2026sourate 4 verset 89\u2026 sourate 5 verset 33, sourate 9 verset 28, sourate 9 verset 30&#8230;<\/span><\/span><\/h5>\n<p>&nbsp;<\/p>\n<p><span style=\"font-family: 'Times New Roman', serif;\"><span style=\"font-size: medium;\"><span>Si le coran pr\u00eache la paix et l\u2019amour, peut-\u00eatre faudrait-il r\u00e9apprendre \u00e0 lire \u00e0 certaines personnes\u2026 il y a des cours qui se donnent dans tous les pays d\u00e9mocratiques\u2026 des cours de compr\u00e9hension aussi. <\/span><\/span><\/span><\/p>\n<p><span style=\"font-family: 'Times New Roman', serif;\"><span style=\"font-size: medium;\"><span>Faites l\u2019exercice SVP. En m\u00e9moire de celles et ceux qui meurent pour notre libert\u00e9 d\u2019\u00e9crire, de dessiner et qui ajoutent ce petit quelque chose qui nous fait aimer un autre fromage qui fait plaisir aux papilles! <\/span><\/span><\/span><\/p>\n<p><span style=\"font-family: 'Times New Roman', serif;\"><span style=\"font-size: medium;\"><strong>Rel\u00e8ve la t\u00eate mon Charlie\u2026 je connais tellement de monde qui t\u2019attend!<\/strong><\/span><\/span><\/p><\/p>\n<script type=\"text\/javascript\">\n\nvar addthis_config = {\"data_track_clickback\":false,\"data_track_addressbar\":false,\"data_track_textcopy\":false};\n<\/script><script type=\"text\/javascript\" src=\"\/\/s7.addthis.com\/js\/250\/addthis_widget.js#pubid=f084fdfbcefba74c78dfad3bbc873ffd\"><\/script>","protected":false},"excerpt":{"rendered":"<p style=\"text-align: center;\"><span style=\"font-size: 13px;\">J<\/span>e suis en deuil et j\u2019ai le c\u0153ur gros!<\/p>\n<p style=\"text-align: center;\">Aujourd\u2019hui, le 07-01-2015<\/p>\n<p><span style=\"color: #800000;\"><\/span><\/p>\n<p>&nbsp;<\/p>\n<p>&nbsp;<\/p>\n<p>&nbsp;<\/p>\n<p><span style=\"color: #800000;\">Par Jean-Paul Kozminski<\/span><\/p>\n<p>&nbsp;<\/p>\n<p>&nbsp;<\/p>\n<p style=\"text-align: center;\">Caricature de Magnus Shaw!<\/p>\n<p style=\"text-align: center;\">\n<p><span style=\"color: #ff0000;\">Je ne connaissais pas Charb, Cabu, Tignous, Wolinski! Et pourtant ils m\u2019accompagnaient &hellip;<\/span><\/p>\n","protected":false},"author":1,"featured_media":0,"comment_status":"open","ping_status":"open","sticky":false,"template":"","format":"standard","meta":{"footnotes":""},"categories":[1],"tags":[],"class_list":["post-11207","post","type-post","status-publish","format-standard","hentry","category-accueil"],"_links":{"self":[{"href":"https:\/\/www.lecarrefourdesopinions.ca\/index.php?rest_route=\/wp\/v2\/posts\/11207","targetHints":{"allow":["GET"]}}],"collection":[{"href":"https:\/\/www.lecarrefourdesopinions.ca\/index.php?rest_route=\/wp\/v2\/posts"}],"about":[{"href":"https:\/\/www.lecarrefourdesopinions.ca\/index.php?rest_route=\/wp\/v2\/types\/post"}],"author":[{"embeddable":true,"href":"https:\/\/www.lecarrefourdesopinions.ca\/index.php?rest_route=\/wp\/v2\/users\/1"}],"replies":[{"embeddable":true,"href":"https:\/\/www.lecarrefourdesopinions.ca\/index.php?rest_route=%2Fwp%2Fv2%2Fcomments&post=11207"}],"version-history":[{"count":3,"href":"https:\/\/www.lecarrefourdesopinions.ca\/index.php?rest_route=\/wp\/v2\/posts\/11207\/revisions"}],"predecessor-version":[{"id":11211,"href":"https:\/\/www.lecarrefourdesopinions.ca\/index.php?rest_route=\/wp\/v2\/posts\/11207\/revisions\/11211"}],"wp:attachment":[{"href":"https:\/\/www.lecarrefourdesopinions.ca\/index.php?rest_route=%2Fwp%2Fv2%2Fmedia&parent=11207"}],"wp:term":[{"taxonomy":"category","embeddable":true,"href":"https:\/\/www.lecarrefourdesopinions.ca\/index.php?rest_route=%2Fwp%2Fv2%2Fcategories&post=11207"},{"taxonomy":"post_tag","embeddable":true,"href":"https:\/\/www.lecarrefourdesopinions.ca\/index.php?rest_route=%2Fwp%2Fv2%2Ftags&post=11207"}],"curies":[{"name":"wp","href":"https:\/\/api.w.org\/{rel}","templated":true}]}}