{"id":11203,"date":"2015-01-10T09:17:46","date_gmt":"2015-01-10T14:17:46","guid":{"rendered":"http:\/\/www.lecarrefourdesopinions.ca\/?p=11203"},"modified":"2015-01-10T09:17:46","modified_gmt":"2015-01-10T14:17:46","slug":"je-ne-condamne-pas-don-cherry-cest-cru-brutal-mais-vrai","status":"publish","type":"post","link":"https:\/\/www.lecarrefourdesopinions.ca\/?p=11203","title":{"rendered":"Je ne condamne pas Don Cherry! C\u2019est cru, brutal, mais vrai!"},"content":{"rendered":"<p style=\"text-align: center;\"><span style=\"color: #1f497d;\"><span style=\"font-family: Calibri, sans-serif;\"><span>Je ne condamne pas Don Cherry! C\u2019est cru, brutal, mais vrai!<\/span><\/span><\/span><\/p>\n<p><span style=\"color: #800000;\"><img loading=\"lazy\" decoding=\"async\" class=\"alignleft size-thumbnail wp-image-10547\" title=\"photo J.P.Kozminski\" src=\"http:\/\/www.lecarrefourdesopinions.ca\/wp-content\/uploads\/2014\/01\/photo-J.P.Kozminski-134x107.jpg\" alt=\"\" width=\"134\" height=\"107\" \/>\u00a0<\/span><\/p>\n<p>&nbsp;<\/p>\n<p><span style=\"color: #800000;\">P<span style=\"font-size: small;\"><em>ar <\/em><\/span><span style=\"font-family: Calibri, sans-serif;\"><span style=\"font-size: small;\"><em>Jean-Paul Kozminski<\/em><\/span><\/span><\/span><\/p>\n<p>&nbsp;<\/p>\n<p style=\"text-align: justify;\"><span style=\"color: #1f497d;\"><span style=\"font-family: Calibri, sans-serif;\"><span style=\"font-size: large;\">Parler de torture en temps de paix, dans un salon, un verre de X dans la main, un cigare dans l\u2019autre c\u2019est social et sans doute faut-il employer les mots du salon pour ne pas heurter la sensibilit\u00e9 des h\u00f4tes!<\/span><\/span><\/span><\/p>\n<p style=\"text-align: justify;\">\n<p><span style=\"color: #1f497d;\">\u00a0<\/span><\/p>\n<p style=\"text-align: justify;\"><span style=\"font-size: large;\"><span style=\"color: #1f497d;\"><span style=\"font-family: Calibri, sans-serif;\">Je sais qu\u2019en temps de guerre, dans la tension du moment, devant la mort de camarades, devant la n\u00e9cessit\u00e9 et l\u2019obligation d\u2019obtenir des renseignements, les masques tombent et les soldats doivent ob\u00e9ir aux ordres re\u00e7us des instances politiques! C\u2019est un aspect de la torture<\/span><\/span><span style=\"color: #1f497d;\"><span style=\"font-family: Calibri, sans-serif;\">command\u00e9e<\/span><\/span><span style=\"color: #1f497d;\">\u00a0<\/span><span style=\"color: #1f497d;\"><span style=\"font-family: Calibri, sans-serif;\">: m\u00e9thodique, presque sans haine, mais d\u2019o\u00f9 la col\u00e8re et l\u2019aspect \u2018sadique\u2019 peuvent surgir devant le mutisme de celui ou celle qui repr\u00e9sente<\/span><\/span><span style=\"color: #1f497d;\"> \u2018<\/span><span style=\"color: #1f497d;\"><span style=\"font-family: Calibri, sans-serif;\">l\u2019ennemi \u00e0 abattre\u2019 et qui ne veut pas parler tout de suite!<\/span><\/span><span style=\"color: #1f497d;\"><span style=\"font-family: Calibri, sans-serif;\">ON dit que la torture ne sert \u00e0 rien! Nous pouvons nous r\u00e9f\u00e9rer \u00e0 la bataille d\u2019Alger entre autres conflits! Rapidement exploit\u00e9s, les \u2018renseignements\u2019 obtenus ont permis d\u2019\u00e9viter un massacre de personnes innocentes dans des caf\u00e9s ou autres lieux de rassemblements festifs.<\/span><\/span><\/span><\/p>\n<p style=\"text-align: justify;\">\n<p style=\"text-align: justify;\">\n<p style=\"text-align: justify;\"><span style=\"color: #1f497d;\"><span style=\"font-family: Calibri, sans-serif;\"><span style=\"font-size: large;\">Que diriez-vous, bonnes gens, si une bombe ou un virus quelconque envahissait le m\u00e9tro, alors que les policiers d\u00e9tenaient un probable complice? Posez-vous la question! Auraient-il pu ou d\u00fb \u00e9viter cet attentat? N\u2019oubliez pas\u00a0: c\u2019est NOUS qui demandons \u00e0 vivre en s\u00e9curit\u00e9! C\u2019est NOUS qui demandons aux policiers ou aux militaires de faire \u2018LEUR TRAVAIL\u2019 et d\u2019obtenir les renseignements pour poursuivre leur enqu\u00eate! Souvenez-vous de ce militaire assassin\u00e9 \u00e0 St-Jean! Souvenez-vous de ce militaire tu\u00e9 froidement \u00e0 Ottawa! Quelle a \u00e9t\u00e9 votre r\u00e9action?<\/span><\/span><\/span><\/p>\n<p style=\"text-align: justify;\">\n<p><strong><span style=\"color: #1f497d;\"><span style=\"font-family: Calibri, sans-serif;\"><span style=\"font-size: large;\">Et, si par malheur, l\u2019un ou l\u2019une des v\u00f4tres devait mourir, ne r\u00e9clameriez-vous pas \u2018vengeance\u2019? <\/span><\/span><\/span><\/strong><\/p>\n<p><span style=\"color: #1f497d;\">\u00a0<\/span><\/p>\n<p><span style=\"font-size: large;\"><span style=\"color: #1f497d;\"><span style=\"font-family: Calibri, sans-serif;\">Par contre l\u2019\u00e9gorgement<\/span><\/span><span style=\"color: #1f497d;\"><span style=\"font-family: Calibri, sans-serif;\">ou autres tortures\u00a0<\/span><\/span><span style=\"color: #1f497d;\"><span style=\"font-family: Calibri, sans-serif;\">de prisonniers inoffensifs, combattants ou non, est un crime qui vise \u00e0 terroriser. <\/span><\/span><\/span><\/p>\n<p><span style=\"color: #1f497d;\">\u00a0<\/span><\/p>\n<p style=\"text-align: justify;\"><span style=\"font-size: large;\"><span style=\"color: #1f497d;\"><span style=\"font-family: Calibri, sans-serif;\">Le viol, la spoliation, la destruction de domicile et d\u2019\u00e9coles, d\u2019infirmerie et d\u2019h\u00f4pitaux, la privation d\u2019eau,<\/span><\/span><span style=\"color: #1f497d;\"><span style=\"font-family: Calibri, sans-serif;\">de nourriture, l\u2019enl\u00e8vement de femmes et d\u2019enfants m\u2019\u00e9meuvent, et, est-ce mon instinct de survie?, je glisse vers ces sentiments glauques qui n\u2019ont plus rien d\u2019humains! Je m\u2019engagerai pour d\u00e9fendre MES valeurs!<\/span><\/span><\/span><\/p>\n<p style=\"text-align: justify;\">\n<p style=\"text-align: justify;\">\n<p><span style=\"font-size: large;\"><span style=\"color: #1f497d;\"><span style=\"font-family: Calibri, sans-serif;\">Maintenant voyons la loi de causes \u00e0 effets!\u00a0 Qu\u2019elles sont les conditions pr\u00e9alables qui favorisent ce d\u00e9cha\u00eenement de haine, ce d\u00e9sir de faire mal, tr\u00e8s mal? les citoyens, dont je fais partie,<\/span><\/span><span style=\"color: #1f497d;\"><span style=\"font-family: Calibri, sans-serif;\">ne sont-ils pas enclin \u00e0 valoriser le ou les dirigeants qui apportent bien-\u00eatre, travail, uniformit\u00e9 des valeurs\u2026 la paix?<\/span><\/span><\/span><\/p>\n<p><span style=\"color: #1f497d;\">\u00a0<\/span><\/p>\n<p><span style=\"color: #1f497d;\">\u00a0<\/span><span style=\"font-size: large;\"><span style=\"color: #1f497d;\"><span style=\"font-family: Calibri, sans-serif;\">Qu\u2019importe les exactions et les mis\u00e8res impos\u00e9es aux \u2018autres\u2019 que nous! et dont nous sommes, peut-\u00eatre indirectement, responsables?<\/span><\/span><\/span><\/p>\n<p>&nbsp;<\/p>\n<p style=\"text-align: justify;\"><span style=\"font-size: large;\"><span style=\"color: #1f497d;\"><span style=\"font-family: Calibri, sans-serif;\">Et lorsque ce mis\u00e9rable ou celui qui se sent trahi, <\/span><\/span><span style=\"color: #1f497d;\">\u00a0<\/span><span style=\"color: #1f497d;\"><span style=\"font-family: Calibri, sans-serif;\">se r\u00e9volte, ne faut-il pas l\u2019abattre, l\u2019\u00e9liminer, emp\u00eacher que son discours ne se propage?<\/span><\/span><\/span><\/p>\n<p><span style=\"color: #1f497d;\">\u00a0<\/span><\/p>\n<p><span style=\"color: #1f497d;\"><span style=\"font-family: Calibri, sans-serif;\"><span style=\"font-size: large;\">Pas simple\u2026 je ne saurais r\u00e9pondre que mis en situation dans un monde brutal et sans piti\u00e9! je sais que je peux glisser vers ces sentiments glauques qui ne sont qu\u2019humains?<\/span><\/span><\/span><\/p>\n<p><span style=\"color: #1f497d;\">\u00a0<\/span><\/p>\n<p><span style=\"color: #1f497d;\">\u00a0<\/span><\/p><\/p>\n<script type=\"text\/javascript\">\n\nvar addthis_config = {\"data_track_clickback\":false,\"data_track_addressbar\":false,\"data_track_textcopy\":false};\n<\/script><script type=\"text\/javascript\" src=\"\/\/s7.addthis.com\/js\/250\/addthis_widget.js#pubid=f084fdfbcefba74c78dfad3bbc873ffd\"><\/script>","protected":false},"excerpt":{"rendered":"<p style=\"text-align: center;\"><span style=\"color: #1f497d;\"><span style=\"font-family: Calibri, sans-serif;\"><span>Je ne condamne pas Don Cherry! C\u2019est cru, brutal, mais vrai!<\/span><\/span><\/span><\/p>\n<p><span style=\"color: #800000;\">\u00a0<\/span><\/p>\n<p>&nbsp;<\/p>\n<p><span style=\"color: #800000;\">P<span style=\"font-size: small;\">ar <\/span><span style=\"font-family: Calibri, sans-serif;\"><span style=\"font-size: small;\">Jean-Paul Kozminski<\/span><\/span><\/span><\/p>\n<p>&nbsp;<\/p>\n<p style=\"text-align: justify;\"><span style=\"color: #1f497d;\"><span style=\"font-family: Calibri, sans-serif;\"><span style=\"font-size: large;\">Parler de torture en temps de paix, dans un salon, un verre de X dans la main, un cigare dans <\/span><\/span><\/span>&hellip;<\/p>\n","protected":false},"author":1,"featured_media":0,"comment_status":"open","ping_status":"open","sticky":false,"template":"","format":"standard","meta":{"footnotes":""},"categories":[1],"tags":[],"class_list":["post-11203","post","type-post","status-publish","format-standard","hentry","category-accueil"],"_links":{"self":[{"href":"https:\/\/www.lecarrefourdesopinions.ca\/index.php?rest_route=\/wp\/v2\/posts\/11203","targetHints":{"allow":["GET"]}}],"collection":[{"href":"https:\/\/www.lecarrefourdesopinions.ca\/index.php?rest_route=\/wp\/v2\/posts"}],"about":[{"href":"https:\/\/www.lecarrefourdesopinions.ca\/index.php?rest_route=\/wp\/v2\/types\/post"}],"author":[{"embeddable":true,"href":"https:\/\/www.lecarrefourdesopinions.ca\/index.php?rest_route=\/wp\/v2\/users\/1"}],"replies":[{"embeddable":true,"href":"https:\/\/www.lecarrefourdesopinions.ca\/index.php?rest_route=%2Fwp%2Fv2%2Fcomments&post=11203"}],"version-history":[{"count":2,"href":"https:\/\/www.lecarrefourdesopinions.ca\/index.php?rest_route=\/wp\/v2\/posts\/11203\/revisions"}],"predecessor-version":[{"id":11219,"href":"https:\/\/www.lecarrefourdesopinions.ca\/index.php?rest_route=\/wp\/v2\/posts\/11203\/revisions\/11219"}],"wp:attachment":[{"href":"https:\/\/www.lecarrefourdesopinions.ca\/index.php?rest_route=%2Fwp%2Fv2%2Fmedia&parent=11203"}],"wp:term":[{"taxonomy":"category","embeddable":true,"href":"https:\/\/www.lecarrefourdesopinions.ca\/index.php?rest_route=%2Fwp%2Fv2%2Fcategories&post=11203"},{"taxonomy":"post_tag","embeddable":true,"href":"https:\/\/www.lecarrefourdesopinions.ca\/index.php?rest_route=%2Fwp%2Fv2%2Ftags&post=11203"}],"curies":[{"name":"wp","href":"https:\/\/api.w.org\/{rel}","templated":true}]}}