{"id":11194,"date":"2015-01-10T09:17:25","date_gmt":"2015-01-10T14:17:25","guid":{"rendered":"http:\/\/www.lecarrefourdesopinions.ca\/?p=11194"},"modified":"2015-01-10T09:17:25","modified_gmt":"2015-01-10T14:17:25","slug":"si-ce-nest-lui-qui-se-peut-il-que-ce-soit","status":"publish","type":"post","link":"https:\/\/www.lecarrefourdesopinions.ca\/?p=11194","title":{"rendered":"Si ce n\u2019est lui, qui se peut-il que ce soit."},"content":{"rendered":"<p align=\"CENTER\"><span style=\"color: #000099;\"><span style=\"font-size: x-large;\"><em><strong>Si ce n\u2019est lui, qui se peut-il que ce soit.<\/strong><\/em><\/span><\/span><\/p>\n<p align=\"CENTER\">\n<p align=\"CENTER\"><span style=\"color: #000099;\"><span><strong>=====<\/strong><\/span><\/span><\/p>\n<p align=\"JUSTIFY\">\n<p lang=\"\" align=\"JUSTIFY\">\n<p align=\"JUSTIFY\">\n<p style=\"text-align: center;\" align=\"JUSTIFY\"><span style=\"color: #632423;\"><span style=\"font-family: 'Comic Sans MS', cursive;\"><span style=\"font-size: large;\">Nonobstant la nuance entre D\u00e9cider et Appr\u00e9cier,<\/span><\/span><\/span><\/p>\n<p style=\"text-align: center;\" align=\"JUSTIFY\"><span style=\"color: #632423;\"><span style=\"font-family: 'Comic Sans MS', cursive;\"><span style=\"font-size: large;\">Si ce n\u2019est lui, qui se peut-il que ce soit.<\/span><\/span><\/span><\/p>\n<p align=\"JUSTIFY\">\u00a0<img loading=\"lazy\" decoding=\"async\" class=\"alignleft size-thumbnail wp-image-10919\" title=\"Eric\" src=\"http:\/\/www.lecarrefourdesopinions.ca\/wp-content\/uploads\/2014\/09\/Eric-134x107.jpg\" alt=\"\" width=\"134\" height=\"107\" \/><\/p>\n<p align=\"JUSTIFY\"><span style=\"color: #632423;\"><span style=\"font-family: 'Comic Sans MS', cursive;\"><span style=\"font-size: large;\">\u00c9ric E.G. NOGARD<\/span><\/span><\/span><\/p>\n<p align=\"JUSTIFY\"><span style=\"color: #c00000;\"><span style=\"font-size: large;\"><em>Le petit Chroniqueur<\/em><\/span><\/span><span style=\"color: #c00000;\"><span style=\"font-size: large;\">.<\/span><\/span><\/p>\n<p>&nbsp;<\/p>\n<p align=\"CENTER\"><span style=\"font-size: large;\">*** *** ***<\/span><\/p>\n<p align=\"JUSTIFY\">\n<p align=\"CENTER\"><img loading=\"lazy\" decoding=\"async\" class=\"aligncenter size-medium wp-image-11196\" title=\"F1 Thomas PIKETTY\" src=\"http:\/\/www.lecarrefourdesopinions.ca\/wp-content\/uploads\/2015\/01\/F1-Thomas-PIKETTY-300x168.jpg\" alt=\"\" width=\"300\" height=\"168\" srcset=\"https:\/\/www.lecarrefourdesopinions.ca\/wp-content\/uploads\/2015\/01\/F1-Thomas-PIKETTY-300x168.jpg 300w, https:\/\/www.lecarrefourdesopinions.ca\/wp-content\/uploads\/2015\/01\/F1-Thomas-PIKETTY-400x224.jpg 400w, https:\/\/www.lecarrefourdesopinions.ca\/wp-content\/uploads\/2015\/01\/F1-Thomas-PIKETTY.jpg 485w\" sizes=\"auto, (max-width: 300px) 100vw, 300px\" \/><\/p>\n<p align=\"JUSTIFY\">\n<p align=\"CENTER\"><span style=\"font-size: large;\"><strong>F1\u00a0:<\/strong><\/span><span style=\"color: #c00000;\"><span style=\"font-size: large;\"><em>Thomas PIKETTY, l\u2019\u00c9conomiste Fran\u00e7ais.<\/em><\/span><\/span><\/p>\n<p align=\"JUSTIFY\">\n<p align=\"JUSTIFY\"><span style=\"font-family: 'Comic Sans MS', cursive;\"><span style=\"font-size: large;\">Oui. Si ce n\u2019est \u00ab\u00a0le Gouvernement\u00a0\u00bb, qui se peut-il que ce soit<\/span><\/span><span style=\"font-size: large;\">.<\/span><\/p>\n<p align=\"JUSTIFY\">\n<p align=\"JUSTIFY\"><span style=\"font-size: large;\">Telle est la question qui nous vient \u00e0 l\u2019esprit, \u00e0 Martinique Province Fran\u00e7aise d\u2019Am\u00e9rique, suite au refus intempestif de l\u2019\u00c9conomiste Fran\u00e7ais Thomas PIKETTY, de se voir \u00e9lever \u00e0 la Dignit\u00e9 de la L\u00e9gion d\u2019Honneur, par le Gouvernement Fran\u00e7ais, donc par le Pr\u00e9sident de la R\u00e9publique Fran\u00e7aise.<\/span><\/p>\n<p align=\"JUSTIFY\">\n<p align=\"JUSTIFY\">\n<p lang=\"\">\n<p align=\"JUSTIFY\">\n<p align=\"JUSTIFY\">\n<p align=\"JUSTIFY\">\n<p align=\"JUSTIFY\">\n<p align=\"JUSTIFY\">\n<p align=\"JUSTIFY\">\n<p style=\"text-align: center;\" align=\"JUSTIFY\"><img loading=\"lazy\" decoding=\"async\" class=\"aligncenter size-medium wp-image-11197\" title=\"F2 Legion d honneur\" src=\"http:\/\/www.lecarrefourdesopinions.ca\/wp-content\/uploads\/2015\/01\/F2-Legion-d-honneur-200x300.jpg\" alt=\"\" width=\"200\" height=\"300\" srcset=\"https:\/\/www.lecarrefourdesopinions.ca\/wp-content\/uploads\/2015\/01\/F2-Legion-d-honneur-200x300.jpg 200w, https:\/\/www.lecarrefourdesopinions.ca\/wp-content\/uploads\/2015\/01\/F2-Legion-d-honneur-685x1024.jpg 685w, https:\/\/www.lecarrefourdesopinions.ca\/wp-content\/uploads\/2015\/01\/F2-Legion-d-honneur-400x597.jpg 400w, https:\/\/www.lecarrefourdesopinions.ca\/wp-content\/uploads\/2015\/01\/F2-Legion-d-honneur.jpg 1560w\" sizes=\"auto, (max-width: 200px) 100vw, 200px\" \/><\/p>\n<p style=\"text-align: center;\" align=\"JUSTIFY\">\n<p align=\"CENTER\">\n<p align=\"CENTER\"><span style=\"font-size: large;\"><strong>F2\u00a0:<\/strong><\/span><span style=\"color: #c00000;\"><span style=\"font-size: large;\"><em>La Croix Napol\u00e9on dite de la L\u00e9gion d\u2019Honneur<\/em><\/span><\/span><span style=\"color: #c00000;\"><span style=\"font-size: large;\">.<\/span><\/span><\/p>\n<p align=\"JUSTIFY\">\n<p align=\"JUSTIFY\">\n<ul>\n<li>\n<p align=\"JUSTIFY\"><span style=\"font-family: Arial, sans-serif;\"><span style=\"font-size: large;\">Selon Thomas PIKETTY<\/span><\/span><span style=\"font-size: large;\">, <\/span><span style=\"font-family: Arial, sans-serif;\"><span style=\"font-size: large;\">et comme en fait foi \u00ab\u00a0Le Parisien\u00a0\u00bb \u00e0 lire en annexe<\/span><\/span><span style=\"font-size: large;\">,\u00a0<\/span><\/p>\n<\/li>\n<\/ul>\n<p align=\"JUSTIFY\">\n<p align=\"JUSTIFY\"><span style=\"font-size: large;\">\u00ab\u00a0<\/span><span style=\"font-family: Arial, sans-serif;\"><span style=\"font-size: large;\"><em>Ce n\u2019est pas le r\u00f4le d\u2019un Gouvernement de d\u00e9cider qui est Honorable<\/em><\/span><\/span><span style=\"font-size: large;\">\u00a0\u00bb\u2026 il n\u2019a pas dit \u00ab\u00a0<\/span><span style=\"font-size: large;\"><em>ou n\u2019est pas Honorable<\/em><\/span><span style=\"font-size: large;\">\u00a0\u00bb.<\/span><\/p>\n<p align=\"JUSTIFY\">\n<ul>\n<li>\n<p align=\"JUSTIFY\"><span style=\"font-size: large;\">Est-ce un pr\u00e9texte, est-ce une raison \u00e0 ce refus, car il convient de distinguer entre le pr\u00e9texte et la raison, chacun sachant pourquoi.<\/span><\/p>\n<\/li>\n<\/ul>\n<p align=\"JUSTIFY\">\n<p align=\"JUSTIFY\">\n<ul>\n<li>\n<p align=\"JUSTIFY\"><span style=\"font-family: Arial, sans-serif;\"><span style=\"font-size: large;\">Et selon notre \u00c9conomiste en vogue<\/span><\/span><span style=\"font-size: large;\">.<\/span><\/p>\n<\/li>\n<\/ul>\n<p align=\"JUSTIFY\">\n<p align=\"JUSTIFY\"><span style=\"font-size: large;\">\u00ab\u00a0<\/span><span style=\"font-family: Arial, sans-serif;\"><span style=\"font-size: large;\"><em>Il ferait bien de se consacrer \u00e0 la relance de la croissance en France\u2026 comme en Europe<\/em><\/span><\/span><span style=\"font-size: large;\">\u00a0\u00bb, excusez du peu.<\/span><\/p>\n<p align=\"JUSTIFY\">\n<ul>\n<li>\n<p align=\"JUSTIFY\"><span style=\"font-size: large;\">Serait-ce une semonce d\u2019ordre \u00e9conomique ou un tacle gratuit et d\u00e9guis\u00e9 en bouderie d\u2019enfant g\u00e2t\u00e9 priv\u00e9 d\u2019un sucre-d\u2019orge.<\/span><\/p>\n<\/li>\n<\/ul>\n<p align=\"JUSTIFY\">\n<p align=\"JUSTIFY\"><span style=\"font-size: large;\">C\u2019est \u00e0 n\u2019y rien comprendre.<\/span><\/p>\n<p align=\"JUSTIFY\">\n<p align=\"JUSTIFY\"><span style=\"font-size: large;\">Quelle mouche aura piqu\u00e9 PIKETTY, pas une TS\u00c9-TS\u00c9 certainement.<\/span><\/p>\n<p align=\"JUSTIFY\">\n<p align=\"JUSTIFY\">\n<ul>\n<li>\n<p align=\"JUSTIFY\"><span style=\"font-family: Arial, sans-serif;\"><span style=\"font-size: large;\">Le Gouvernement, donc le Peuple de France, aurait-il \u00e9rig\u00e9 au Grade de Chevalier de la L\u00e9gion d\u2019Honneur, autrement qu\u2019\u00e0 sa demande expresse et dossier \u00e0 l\u2019appui, l\u2019auteur du r\u00e9cent Essai \u00e0 succ\u00e8s \u00ab\u00a0Le Capital au XXI<\/span><\/span><sup><span style=\"font-family: Arial, sans-serif;\"><span style=\"font-size: large;\">\u00e8me<\/span><\/span><\/sup><span style=\"font-family: Arial, sans-serif;\"><span style=\"font-size: large;\"> si\u00e8cle\u00a0\u00bb<\/span><\/span><span style=\"font-size: large;\">.<\/span><\/p>\n<\/li>\n<\/ul>\n<p align=\"JUSTIFY\">\n<ul>\n<li>\n<p align=\"JUSTIFY\"><span style=\"font-size: large;\">Car, \u00e0 ce qu\u2019on dit, toute distinction honorifique serait assortie d\u2019un dossier de candidature, la L\u00e9gion d\u2019Honneur ne d\u00e9rogeant pas \u00e0 la r\u00e8gle.<\/span><\/p>\n<\/li>\n<\/ul>\n<p align=\"JUSTIFY\">\n<p align=\"JUSTIFY\"><span style=\"font-size: large;\">D\u00e8s lors, serions-nous au regard d\u2019un refus d\u00e9lib\u00e9r\u00e9, ou vis-\u00e0-vis d\u2019un d\u00e9dit, autant dire d\u2019une outrageante f\u00e9lonie envers l\u2019\u1e16tat.<\/span><\/p>\n<p align=\"JUSTIFY\">\n<p align=\"JUSTIFY\"><span style=\"font-size: large;\">Sans compter qu\u2019\u00e0 ce propos, il pourrait \u00eatre fait le l\u00e9gitime reproche assorti de mise au piquet pour tentative d\u2019abus de l\u2019ignorance publique pour parvenir \u00e0 des fins non avou\u00e9es, un Coup d\u2019Esbrouffe par exemple.<\/span><\/p>\n<p align=\"JUSTIFY\">\n<ul>\n<li>\n<p align=\"JUSTIFY\"><span style=\"font-family: Arial, sans-serif;\"><span style=\"font-size: large;\">Le Gouvernement, dans l\u2019exercice de sa Souverainet\u00e9 l\u00e9gitimement acquise par le Suffrage Universel, ferait-il et aurait-il jamais fait autrement que de son mieux \u2013 tel Ambroise PAR\u00c9 au chevet de son Roi \u2013 tant pour l\u2019\u00c9conomie de la France, que pour la Croissance de l\u2019Europe<\/span><\/span><span style=\"font-size: large;\">.<\/span><\/p>\n<\/li>\n<\/ul>\n<p align=\"JUSTIFY\">\n<ul>\n<li>\n<p align=\"JUSTIFY\"><span style=\"font-size: large;\">Cependant, m\u00eame si cela surprend, en \u00c9conomie Politique faire de son mieux est-il la Potion Magique d\u2019Ast\u00e9rix le Gaulois ou les <\/span><span style=\"font-family: Arial, sans-serif;\"><span style=\"font-size: large;\"><em>Spinaches<\/em><\/span><\/span><span style=\"font-size: large;\"> du Marin POPEYE face aux habitudes acquises tant par les uns que par les autres, comme au regard des int\u00e9r\u00eats devenus antagonistes dans un contexte mondial ou l\u2019addiction au profit est devenu Roi.<\/span><\/p>\n<\/li>\n<\/ul>\n<p align=\"JUSTIFY\">\n<p align=\"JUSTIFY\"><span style=\"font-size: large;\">La bonne volont\u00e9 de l\u2019\u00c9tat serait-elle comparable \u00e0 la baguette de l\u2019Enchanteur Merlin. <\/span><\/p>\n<p align=\"JUSTIFY\">\n<p align=\"JUSTIFY\">\n<p align=\"CENTER\"><img loading=\"lazy\" decoding=\"async\" class=\"alignnone size-thumbnail wp-image-11198\" title=\"F4 Ast\u00e9rix le Gaulois\" src=\"http:\/\/www.lecarrefourdesopinions.ca\/wp-content\/uploads\/2015\/01\/F4-Ast\u00e9rix-le-Gaulois-134x107.png\" alt=\"\" width=\"134\" height=\"107\" \/>\u00a0<img loading=\"lazy\" decoding=\"async\" class=\"alignnone size-thumbnail wp-image-11199\" title=\"F5 POPEYE et ses \u00e9pinards\" src=\"http:\/\/www.lecarrefourdesopinions.ca\/wp-content\/uploads\/2015\/01\/F5-POPEYE-et-ses-\u00e9pinards-134x107.jpg\" alt=\"\" width=\"134\" height=\"107\" srcset=\"https:\/\/www.lecarrefourdesopinions.ca\/wp-content\/uploads\/2015\/01\/F5-POPEYE-et-ses-\u00e9pinards-134x107.jpg 134w, https:\/\/www.lecarrefourdesopinions.ca\/wp-content\/uploads\/2015\/01\/F5-POPEYE-et-ses-\u00e9pinards-300x240.jpg 300w, https:\/\/www.lecarrefourdesopinions.ca\/wp-content\/uploads\/2015\/01\/F5-POPEYE-et-ses-\u00e9pinards-1024x819.jpg 1024w, https:\/\/www.lecarrefourdesopinions.ca\/wp-content\/uploads\/2015\/01\/F5-POPEYE-et-ses-\u00e9pinards-400x320.jpg 400w, https:\/\/www.lecarrefourdesopinions.ca\/wp-content\/uploads\/2015\/01\/F5-POPEYE-et-ses-\u00e9pinards.jpg 1920w\" sizes=\"auto, (max-width: 134px) 100vw, 134px\" \/><\/p>\n<p align=\"CENTER\">\n<p align=\"JUSTIFY\"><span style=\"font-size: large;\"><strong>F4\u00a0:<\/strong><\/span><span style=\"color: #c00000;\"><span style=\"font-size: large;\"><em>La Potion Magique d\u2019Ast\u00e9rix le Gaulois, les \u00c9pinards de Popeye <\/em><\/span><\/span><span style=\"color: #c00000;\"><span style=\"font-family: Arial, sans-serif;\"><span style=\"font-size: large;\"><em>the Sailor<\/em><\/span><\/span><\/span><span style=\"color: #c00000;\"><span style=\"font-size: large;\"><em>, la Baguette Magique de l\u2019Enchanteur Merlin<\/em><\/span><\/span><span style=\"color: #c00000;\"><span style=\"font-size: large;\">.<\/span><\/span><\/p>\n<p>&nbsp;<\/p>\n<p align=\"JUSTIFY\">\n<p align=\"JUSTIFY\"><span style=\"font-family: 'Comic Sans MS', cursive;\"><span style=\"font-size: large;\">Bref, comment faire autant de prodiges que le veulent ses fantasmes, d\u00e8s lors qu\u2019on est au pied du mur.<\/span><\/span><\/p>\n<p align=\"JUSTIFY\">\n<p align=\"JUSTIFY\"><span style=\"font-family: 'Comic Sans MS', cursive;\"><span style=\"font-size: large;\">Alors faisons \u00e9conomie de nos tacles au Gouvernement quel qu\u2019il soit, lui apporter notre Contribution est \u00e0 n\u2019en pas douter, de bien meilleure inspiration.<\/span><\/span><\/p>\n<p align=\"JUSTIFY\">\n<p align=\"JUSTIFY\">\n<p align=\"JUSTIFY\"><span style=\"font-family: 'Comic Sans MS', cursive;\"><span style=\"font-size: large;\">Quant \u00e0 d\u00e9cider qui d\u2019entre nous est Honorable, hormis Dieu, nul n\u2019en est plus apte que le Gouvernement, ce D\u00c9CIDEUR R\u00c9GALIEN.<\/span><\/span><\/p>\n<p align=\"JUSTIFY\">\n<p align=\"JUSTIFY\"><span style=\"font-family: 'Comic Sans MS', cursive;\"><span style=\"font-size: large;\">Ne vous en d\u00e9plaise, Monsieur PIKETTY, en attendant que vous \u00e9tablissiez la preuve du contraire, vous devrez vous y faire et\u2026<\/span><\/span><\/p>\n<p align=\"JUSTIFY\">\n<p align=\"JUSTIFY\"><span style=\"font-family: 'Comic Sans MS', cursive;\"><span style=\"font-size: large;\">\u00ab\u00a0Honni soit qui mal y pense\u00a0\u00bb<\/span><\/span><span style=\"font-size: large;\">.<\/span><\/p>\n<p align=\"JUSTIFY\">\n<p align=\"JUSTIFY\"><span style=\"font-size: large;\">\u00c9ric E.G. NOGARD<\/span><span style=\"font-size: 13px;\">\u00a0<\/span><\/p>\n<p align=\"JUSTIFY\"><span style=\"color: #800000;\">L&rsquo;\u00e9conomiste fran\u00e7ais Thomas Piketty a fait savoir qu&rsquo;il refusait sa nomination pour la L\u00e9gion d&rsquo;honneur, officialis\u00e9e ce jeudi. <strong>LP\/DELPHINE GOLDSZTEJN<\/strong><\/span><\/p>\n<p align=\"JUSTIFY\"><span style=\"font-size: large;\"><strong>\u00abJe viens d&rsquo;apprendre que j&rsquo;\u00e9tais propos\u00e9 pour la L\u00e9gion d&rsquo;honneur. Je refuse cette nomination car je ne pense pas que ce soit le r\u00f4le d&rsquo;un <\/strong><\/span><a href=\"http:\/\/actualites.leparisien.fr\/gouvernement.html\"><span style=\"color: #0000ff;\"><span style=\"font-size: large;\"><span style=\"text-decoration: underline;\"><strong>gouvernement<\/strong><\/span><\/span><\/span><\/a><span style=\"font-size: large;\"><strong> de d\u00e9cider qui est honorable.\u00bb C&rsquo;est par une d\u00e9claration \u00e0 l&rsquo;AFP, que l&rsquo;\u00e9conomiste fran\u00e7ais Thomas Piketty a indiqu\u00e9 qu&rsquo;il ne souhaitait pas figurer\u00a0<\/strong><\/span><a href=\"http:\/\/www.leparisien.fr\/politique\/legion-d-honneur-les-surprises-du-dernier-cru-01-01-2015-4412785.php\" target=\"_blank\"><span style=\"color: #0000ff;\"><span style=\"font-size: large;\"><span style=\"text-decoration: underline;\"><strong>dans la \u00abpromotion du 1er janvier\u00bb, publi\u00e9e ce jeudi au Journal Officiel<\/strong><\/span><\/span><\/span><\/a><span style=\"font-size: large;\"><strong>.<\/strong><\/span><span style=\"font-size: 13px;\">\u00a0<\/span><\/p>\n<p align=\"CENTER\"><span style=\"font-size: large;\">*** *** ***<\/span><\/p>\n<p>&nbsp;<\/p>\n<p><span style=\"color: #ff0000;\"><span style=\"font-size: large;\"><strong>Nota : <\/strong><\/span><\/span><span style=\"color: #000000;\"><span style=\"font-size: large;\">Nous ne traitons que de Faits et de Noms rendus Publics.<\/span><\/span><\/p>\n<p align=\"CENTER\">\n<p align=\"CENTER\"><span style=\"color: #000000;\"><span style=\"font-size: large;\">*** *** ***<\/span><\/span><\/p>\n<p align=\"JUSTIFY\"><span style=\"font-size: large;\"><strong>N.B.:<\/strong><\/span><span style=\"font-size: large;\"> &#8211; <\/span><span style=\"color: #c00000;\"><span style=\"font-family: 'Comic Sans MS', cursive;\"><span style=\"font-size: large;\">Nous Recommandons instamment et syst\u00e9matiquement l\u2019ouverture de la (ou des) pi\u00e8ce(s) jointe(s) \u00e0 l\u2019e-mail, sous format Pdf, <\/span><\/span><\/span><span style=\"color: #c00000;\"><span style=\"font-family: 'Comic Sans MS', cursive;\"><span style=\"font-size: large;\"><span style=\"text-decoration: underline;\">les illustrations y sont incluses<\/span><\/span><\/span><\/span><span style=\"color: #c00000;\"><span style=\"font-family: 'Comic Sans MS', cursive;\"><span style=\"font-size: large;\">.<\/span><\/span><\/span><\/p>\n<p align=\"JUSTIFY\"><span style=\"font-size: 13px;\">\u00a0<\/span><\/p>\n<p align=\"CENTER\"><span style=\"font-size: large;\"><strong>*** *** ***<\/strong><\/span><\/p>\n<p align=\"JUSTIFY\">\n<p align=\"CENTER\"><span style=\"color: #632423;\"><span>Avis de vente de M\u00e9moire.<\/span><\/span><\/p>\n<p align=\"JUSTIFY\">\n<p align=\"JUSTIFY\"><span style=\"color: #003366;\"><span style=\"font-family: Arial, sans-serif;\">Demandez le M\u00e9moire de \u00ab\u00a0<\/span><\/span><span style=\"color: #003366;\"><span style=\"font-family: Arial, sans-serif;\"><em>Martinique Province Fran\u00e7aise d\u2019Am\u00e9rique<\/em><\/span><\/span><span style=\"color: #003366;\"><span style=\"font-family: Arial, sans-serif;\">\u00a0\u00bb au Front National Fran\u00e7ais.<\/span><\/span><\/p>\n<p align=\"JUSTIFY\">\n<p align=\"JUSTIFY\"><span style=\"color: #003366;\"><span style=\"font-family: Arial, sans-serif;\">Eu \u00e9gard \u00e0 l\u2019Ind\u00e9pendance et \u00e0 la Justesse de son analyse, il vaut pour tout Parti du Spectre Politique Fran\u00e7ais<\/span><\/span><span style=\"color: #003366;\">.<\/span><\/p>\n<p align=\"JUSTIFY\">\n<p align=\"JUSTIFY\"><span style=\"color: #003366;\">Il est au prix de Vingt Cinq Euros Net (25,00 \u20acuros Net). Port gratuit par courrier postal ordinaire. Port forfaitaire de 7,50 \u20acuros par courrier recommand\u00e9 suivi. R\u00e8glement par tout moyen de paiement \u00e0 l\u2019ordre d\u2019\u00c9ric E.G. NOGARD.<\/span><\/p>\n<p align=\"JUSTIFY\">\n<p align=\"CENTER\"><span style=\"color: #ff0000;\"><span><strong>Ne Peut \u00eatre reproduit &#8211; m\u00eame partiellement &#8211; sans l\u2019autorisation de l\u2019Auteur.<\/strong><\/span><\/span><\/p>\n<p>&nbsp;<\/p>\n<p align=\"JUSTIFY\">\n<script type=\"text\/javascript\">\n\nvar addthis_config = {\"data_track_clickback\":false,\"data_track_addressbar\":false,\"data_track_textcopy\":false};\n<\/script><script type=\"text\/javascript\" src=\"\/\/s7.addthis.com\/js\/250\/addthis_widget.js#pubid=f084fdfbcefba74c78dfad3bbc873ffd\"><\/script>","protected":false},"excerpt":{"rendered":"<p align=\"CENTER\"><span style=\"color: #000099;\"><span style=\"font-size: x-large;\">Si ce n\u2019est lui, qui se peut-il que ce soit.<\/span><\/span><\/p>\n<p align=\"CENTER\">\n<p align=\"CENTER\"><span style=\"color: #000099;\"><span>=====<\/span><\/span><\/p>\n<p align=\"JUSTIFY\">\n<p lang=\"\" align=\"JUSTIFY\">\n<p align=\"JUSTIFY\">\n<p style=\"text-align: center;\" align=\"JUSTIFY\"><span style=\"color: #632423;\"><span style=\"font-family: 'Comic Sans MS', cursive;\"><span style=\"font-size: large;\">Nonobstant la nuance entre D\u00e9cider et Appr\u00e9cier,<\/span><\/span><\/span><\/p>\n<p style=\"text-align: center;\" align=\"JUSTIFY\"><span style=\"color: #632423;\"><span style=\"font-family: 'Comic Sans MS', cursive;\"><span style=\"font-size: large;\">Si ce n\u2019est lui, qui se peut-il que ce soit.<\/span><\/span><\/span><\/p>\n<p align=\"JUSTIFY\">\u00a0<\/p>\n<p align=\"JUSTIFY\"><span style=\"color: #632423;\"><span style=\"font-family: 'Comic Sans MS', cursive;\"><span style=\"font-size: large;\">\u00c9ric E.G. NOGARD<\/span><\/span><\/span><\/p>\n<p align=\"JUSTIFY\"><span style=\"color: #c00000;\"><span style=\"font-size: large;\">Le petit Chroniqueur<\/span><\/span><span style=\"color: #c00000;\"><span style=\"font-size: large;\">.<\/span><\/span><\/p>\n<p>&nbsp;<\/p>\n<p align=\"CENTER\"><span style=\"font-size: large;\">*** <\/span>&hellip;<\/p>\n","protected":false},"author":1,"featured_media":0,"comment_status":"open","ping_status":"open","sticky":false,"template":"","format":"standard","meta":{"footnotes":""},"categories":[1],"tags":[],"class_list":["post-11194","post","type-post","status-publish","format-standard","hentry","category-accueil"],"_links":{"self":[{"href":"https:\/\/www.lecarrefourdesopinions.ca\/index.php?rest_route=\/wp\/v2\/posts\/11194","targetHints":{"allow":["GET"]}}],"collection":[{"href":"https:\/\/www.lecarrefourdesopinions.ca\/index.php?rest_route=\/wp\/v2\/posts"}],"about":[{"href":"https:\/\/www.lecarrefourdesopinions.ca\/index.php?rest_route=\/wp\/v2\/types\/post"}],"author":[{"embeddable":true,"href":"https:\/\/www.lecarrefourdesopinions.ca\/index.php?rest_route=\/wp\/v2\/users\/1"}],"replies":[{"embeddable":true,"href":"https:\/\/www.lecarrefourdesopinions.ca\/index.php?rest_route=%2Fwp%2Fv2%2Fcomments&post=11194"}],"version-history":[{"count":4,"href":"https:\/\/www.lecarrefourdesopinions.ca\/index.php?rest_route=\/wp\/v2\/posts\/11194\/revisions"}],"predecessor-version":[{"id":11218,"href":"https:\/\/www.lecarrefourdesopinions.ca\/index.php?rest_route=\/wp\/v2\/posts\/11194\/revisions\/11218"}],"wp:attachment":[{"href":"https:\/\/www.lecarrefourdesopinions.ca\/index.php?rest_route=%2Fwp%2Fv2%2Fmedia&parent=11194"}],"wp:term":[{"taxonomy":"category","embeddable":true,"href":"https:\/\/www.lecarrefourdesopinions.ca\/index.php?rest_route=%2Fwp%2Fv2%2Fcategories&post=11194"},{"taxonomy":"post_tag","embeddable":true,"href":"https:\/\/www.lecarrefourdesopinions.ca\/index.php?rest_route=%2Fwp%2Fv2%2Ftags&post=11194"}],"curies":[{"name":"wp","href":"https:\/\/api.w.org\/{rel}","templated":true}]}}