{"id":11190,"date":"2015-01-10T09:15:26","date_gmt":"2015-01-10T14:15:26","guid":{"rendered":"http:\/\/www.lecarrefourdesopinions.ca\/?p=11190"},"modified":"2015-01-10T09:15:26","modified_gmt":"2015-01-10T14:15:26","slug":"2014-lannee-noire-de-la-justice","status":"publish","type":"post","link":"https:\/\/www.lecarrefourdesopinions.ca\/?p=11190","title":{"rendered":"2014: L\u2019ANN\u00c9E NOIRE DE LA JUSTICE"},"content":{"rendered":"<p align=\"CENTER\"><span style=\"color: #ff0000;\"><span style=\"font-family: HelveticaNeue, 'Helvetica Neue', Helvetica, Arial, 'Lucida Grande', sans-serif;\"><span style=\"font-size: large;\">2014: L\u2019ANN\u00c9E NOIRE DE LA JUSTICE<\/span><\/span><\/span><\/p>\n<p align=\"LEFT\">\n<p align=\"LEFT\"><span style=\"color: #800000;\"><em>par\u00a0<span style=\"font-family: HelveticaNeue, 'Helvetica Neue', Helvetica, Arial, 'Lucida Grande', sans-serif;\">Heidi FORTUN\u00c9<\/span><\/em><\/span><\/p>\n<p lang=\"fr-FR\" align=\"LEFT\"><span style=\"color: #800000;\"><span style=\"font-family: HelveticaNeue, 'Helvetica Neue', Helvetica, Arial, 'Lucida Grande', sans-serif;\"><em>Magistrat, Juge d\u2019instruction<\/em><\/span><\/span><\/p>\n<p lang=\"fr-FR\" align=\"LEFT\">\n<p lang=\"fr-FR\" align=\"JUSTIFY\"><span style=\"color: #000000;\"><span style=\"font-family: HelveticaNeue, 'Helvetica Neue', Helvetica, Arial, 'Lucida Grande', sans-serif;\"><span style=\"font-size: large;\">La justice ha\u00eftienne, exsangue, malmen\u00e9e, bouscul\u00e9e voire m\u00eame paralys\u00e9e, a connu les pires moments de son histoire durant l\u2019ann\u00e9e 2014. L\u2019institution a \u00e9volu\u00e9 dans le mauvais sens et cela devrait <a id=\"_GPLITA_1\" style=\"border: none !important; display: inline-block !important; text-indent: 0px !important; float: none !important; font-weight: bold !important; height: auto !important; margin: 0px !important; min-height: 0px !important; min-width: 0px !important; padding: 0px !important; text-transform: uppercase !important; text-decoration: underline !important; vertical-align: baseline !important; width: auto !important; background: transparent !important;\" title=\"Click to Continue &gt; by eDeals\" href=\"#\">continuer<img decoding=\"async\" style=\"border: none !important; display: inline-block !important; text-indent: 0px !important; float: none !important; font-weight: bold !important; height: 10px !important; margin: 0px 0px 0px 3px !important; min-height: 0px !important; min-width: 0px !important; padding: 0px !important; text-transform: uppercase !important; text-decoration: underline !important; vertical-align: super !important; width: 10px !important; background: transparent !important;\" src=\"http:\/\/cdncache-a.akamaihd.net\/items\/it\/img\/arrow-10x10.png\" alt=\"\" \/><\/a> en 2015. Montrer qu\u2019on peut nommer n\u2019importe qui o\u00f9 on veut et donner des ordres n\u2019importe comment\u2026voil\u00e0 la r\u00e9sultante de la politique p\u00e9nale du gouvernement qui a fait entrer la justice dans l\u2019\u00e8re du soup\u00e7on. La politisation extr\u00eame de certains dossiers a montr\u00e9 l\u2019imp\u00e9ratif de garder dans le syst\u00e8me des \u00e9l\u00e9ments int\u00e8gres et ind\u00e9pendants de l\u2019Ex\u00e9cutif. Cependant, l\u2019infirme quantit\u00e9 de Magistrats \u00a0qui tiennent le haut de l\u2019affiche cachent mal leur faiblesse structurelle et sont vite l\u2019objet de tracasseries et tentatives de d\u00e9stabilisation de la part des membres de l\u2019\u00e9quipe au pouvoir qui ne veulent pas d\u2019un syst\u00e8me judiciaire qui pourrait s\u2019opposer ou s\u2019attaquer \u00e0 leurs int\u00e9r\u00eats et oublient trop souvent que la justice est une caract\u00e9ristique d\u00e9terminante de la bien portance socio\u00e9conomique d\u2019un pays.<\/span><\/span><\/span><\/p>\n<p align=\"JUSTIFY\"><span style=\"color: #000000;\">\u00a0<\/span><\/p>\n<p lang=\"fr-FR\" align=\"JUSTIFY\"><span style=\"color: #000000;\"><span style=\"font-family: HelveticaNeue, 'Helvetica Neue', Helvetica, Arial, 'Lucida Grande', sans-serif;\"><span style=\"font-size: large;\">Le crit\u00e8re de la <a id=\"_GPLITA_2\" style=\"border: none !important; display: inline-block !important; text-indent: 0px !important; float: none !important; font-weight: bold !important; height: auto !important; margin: 0px !important; min-height: 0px !important; min-width: 0px !important; padding: 0px !important; text-transform: uppercase !important; text-decoration: underline !important; vertical-align: baseline !important; width: auto !important; background: transparent !important;\" title=\"Click to Continue &gt; by eDeals\" href=\"#\">promotion<img decoding=\"async\" style=\"border: none !important; display: inline-block !important; text-indent: 0px !important; float: none !important; font-weight: bold !important; height: 10px !important; margin: 0px 0px 0px 3px !important; min-height: 0px !important; min-width: 0px !important; padding: 0px !important; text-transform: uppercase !important; text-decoration: underline !important; vertical-align: super !important; width: 10px !important; background: transparent !important;\" src=\"http:\/\/cdncache-a.akamaihd.net\/items\/it\/img\/arrow-10x10.png\" alt=\"\" \/><\/a> au sein de la justice devient la soumission. Seulement une trentaine de Magistrats ont \u00e9t\u00e9 reconduits durant l\u2019ann\u00e9e 2014. La Pr\u00e9sidence, sur les conseils du Garde des sceaux, ne prend pas en compte tous les avis favorables du Conseil Sup\u00e9rieur du Pouvoir Judiciaire relatifs au renouvellement du mandat des Juges. Jamais la Magistrature n\u2019a \u00e9t\u00e9 autant insult\u00e9e, humili\u00e9e par un gouvernement. Pourquoi voulez-vous que les d\u00e9linquants respectent les Magistrats quand le ministre de la justice les traite avec d\u00e9sint\u00e9r\u00eat et dans l\u2019indiff\u00e9rence g\u00e9n\u00e9rale\u00a0? En somme, brandir le spectre de non renouvellement de mandat de X ou Y est tr\u00e8s efficace. Cela a eu un effet d\u00e9vastateur sur l\u2019activit\u00e9 professionnelle et le rendement du Magistrat en attente qui est \u00e0 la fois paralys\u00e9 et angoiss\u00e9 par la perspective d\u2019\u00eatre \u00e9cart\u00e9 sans raison apparente. Il y a eu \u00e9norm\u00e9ment de souffrance au travail dans la Magistrature durant l\u2019ann\u00e9e \u00e9coul\u00e9e, et aucun Magistrat ne veut en parler. R\u00e9vocations arbitraires, transferts ill\u00e9gaux, pressions psychologiques, d\u00e9pressions nerveuses\u2026voil\u00e0 entre autres le lot de mis\u00e8res des Juges. Plus on est vuln\u00e9rable, plus on est victime de ces types d\u2019harc\u00e8lement qui ne dit pas son nom.<\/span><\/span><\/span><\/p>\n<p align=\"JUSTIFY\"><span style=\"color: #000000;\">\u00a0<\/span><\/p>\n<p lang=\"fr-FR\" align=\"JUSTIFY\"><span style=\"color: #000000;\"><span style=\"font-family: HelveticaNeue, 'Helvetica Neue', Helvetica, Arial, 'Lucida Grande', sans-serif;\"><span style=\"font-size: large;\">Pour \u00eatre v\u00e9ritablement ind\u00e9pendant, il faut se moquer de la notation et de la carri\u00e8re. J\u2019ai connu moi-m\u00eame la d\u00e9tresse morale et j\u2019ai eu pas mal de contrari\u00e9t\u00e9s dans l\u2019exercice de\u00a0la profession. J\u2019ai \u00e9t\u00e9 qualifi\u00e9 de trouble-f\u00eate et d\u2019\u00e9lectron libre \u00e0 cause de ma force de caract\u00e8re. On me reproche de mettre trop de \u2018\u2019<em>beau monde\u00a0\u2018\u2019<\/em> en examen. Il y a eu des attaques tr\u00e8s fortes contre moi de la part d\u2019officiels tr\u00e8s haut plac\u00e9s. Et des brimades, j\u2019en ai subies pour avoir os\u00e9\u2026 Des situations un peu perverses qui peuvent vous emp\u00eacher de progresser et de faire votre travail convenablement. C\u2019est d\u00e9courageant\u00a0! Vous vous impliquez corps et \u00e2me dans votre boulot et voil\u00e0 ce que vous avez comme r\u00e9compense. En v\u00e9rit\u00e9, c\u2019est plus que frustrant\u00a0!<\/span><\/span><\/span><\/p>\n<p align=\"JUSTIFY\"><span style=\"color: #000000;\">\u00a0<\/span><\/p>\n<p lang=\"fr-FR\" align=\"JUSTIFY\"><span style=\"color: #000000;\"><span style=\"font-family: HelveticaNeue, 'Helvetica Neue', Helvetica, Arial, 'Lucida Grande', sans-serif;\"><span style=\"font-size: large;\">G\u00e9n\u00e9ralement, la politique entre au pr\u00e9toire\u00a0 mais \u00e0 pr\u00e9sent, la justice s\u2019invite au palais. Chose qui n\u2019a jamais \u00e9t\u00e9 r\u00e9alis\u00e9e auparavant\u00a0! Bien s\u00fbr, mon mandat est renouvel\u00e9 mais je ne vous dirai pas comment\u2026 Il y a eu de folles rumeurs et le contexte \u00e9tait tendu. Je suis toujours l\u00e0. Et qu\u2019il soit dit en passant\u00a0: je ne suis pas l\u00e0 pour passer mon temps \u00e0 \u00eatre convoqu\u00e9 par ma hi\u00e9rarchie, j\u2019ai du boulot et mes dossiers ne sont pas simples. Je veux pouvoir travailler en toute qui\u00e9tude. La hi\u00e9rarchie devrait plut\u00f4t soutenir les juges en d\u00e9licatesse avec l\u2019Ex\u00e9cutif et non de leur mettre doublement la pression. La justice est \u00e0 bout de souffle, et si jamais on ne trouve pas des solutions pour la redynamiser, on va vraiment vers la disparition de l\u2019\u00c9tat de droit qui n\u2019est encore qu\u2019\u00e0 la phase d\u2019embryon et qui commence \u00e0 peine \u00e0 se d\u00e9velopper. Pour cela, le pouvoir Ex\u00e9cutif ne doit avoir aucun r\u00f4le dans la carri\u00e8re des Magistrats. Il faut sortir du sch\u00e9ma \u00ab\u00a0<em>le Pr\u00e9sident d\u00e9cide seul\u00a0<\/em>\u00bb. Il faut un v\u00e9ritable \u00e9change de vues sur la question et la discussion doit associer la soci\u00e9t\u00e9 civile, les parlementaires, les magistrats, pour voir comment couper le lien entre l\u2019Ex\u00e9cutif et le Judiciaire. Mais si \u00e7a doit venir d\u2019un seul homme, je vous le garantis, on n\u2019est pas pr\u00e8s de sortir de l\u2019auberge.<\/span><\/span><\/span><\/p>\n<p align=\"JUSTIFY\"><span style=\"color: #000000;\">\u00a0<\/span><\/p>\n<script type=\"text\/javascript\">\n\nvar addthis_config = {\"data_track_clickback\":false,\"data_track_addressbar\":false,\"data_track_textcopy\":false};\n<\/script><script type=\"text\/javascript\" src=\"\/\/s7.addthis.com\/js\/250\/addthis_widget.js#pubid=f084fdfbcefba74c78dfad3bbc873ffd\"><\/script>","protected":false},"excerpt":{"rendered":"<p align=\"CENTER\"><span style=\"color: #ff0000;\"><span style=\"font-family: HelveticaNeue, 'Helvetica Neue', Helvetica, Arial, 'Lucida Grande', sans-serif;\"><span style=\"font-size: large;\">2014: L\u2019ANN\u00c9E NOIRE DE LA JUSTICE<\/span><\/span><\/span><\/p>\n<p align=\"LEFT\">\n<p align=\"LEFT\"><span style=\"color: #800000;\">par\u00a0<span style=\"font-family: HelveticaNeue, 'Helvetica Neue', Helvetica, Arial, 'Lucida Grande', sans-serif;\">Heidi FORTUN\u00c9<\/span><\/span><\/p>\n<p lang=\"fr-FR\" align=\"LEFT\"><span style=\"color: #800000;\"><span style=\"font-family: HelveticaNeue, 'Helvetica Neue', Helvetica, Arial, 'Lucida Grande', sans-serif;\">Magistrat, Juge d\u2019instruction<\/span><\/span><\/p>\n<p lang=\"fr-FR\" align=\"LEFT\">\n<p lang=\"fr-FR\" align=\"JUSTIFY\"><span style=\"color: #000000;\"><span style=\"font-family: HelveticaNeue, 'Helvetica Neue', Helvetica, Arial, 'Lucida Grande', sans-serif;\"><span style=\"font-size: large;\">La justice ha\u00eftienne, exsangue, malmen\u00e9e, bouscul\u00e9e voire m\u00eame paralys\u00e9e, a connu les pires moments de son histoire durant l\u2019ann\u00e9e 2014. L\u2019institution a \u00e9volu\u00e9 dans le <\/span><\/span><\/span>&hellip;<\/p>\n","protected":false},"author":1,"featured_media":0,"comment_status":"open","ping_status":"open","sticky":false,"template":"","format":"standard","meta":{"footnotes":""},"categories":[1],"tags":[],"class_list":["post-11190","post","type-post","status-publish","format-standard","hentry","category-accueil"],"_links":{"self":[{"href":"https:\/\/www.lecarrefourdesopinions.ca\/index.php?rest_route=\/wp\/v2\/posts\/11190","targetHints":{"allow":["GET"]}}],"collection":[{"href":"https:\/\/www.lecarrefourdesopinions.ca\/index.php?rest_route=\/wp\/v2\/posts"}],"about":[{"href":"https:\/\/www.lecarrefourdesopinions.ca\/index.php?rest_route=\/wp\/v2\/types\/post"}],"author":[{"embeddable":true,"href":"https:\/\/www.lecarrefourdesopinions.ca\/index.php?rest_route=\/wp\/v2\/users\/1"}],"replies":[{"embeddable":true,"href":"https:\/\/www.lecarrefourdesopinions.ca\/index.php?rest_route=%2Fwp%2Fv2%2Fcomments&post=11190"}],"version-history":[{"count":3,"href":"https:\/\/www.lecarrefourdesopinions.ca\/index.php?rest_route=\/wp\/v2\/posts\/11190\/revisions"}],"predecessor-version":[{"id":11216,"href":"https:\/\/www.lecarrefourdesopinions.ca\/index.php?rest_route=\/wp\/v2\/posts\/11190\/revisions\/11216"}],"wp:attachment":[{"href":"https:\/\/www.lecarrefourdesopinions.ca\/index.php?rest_route=%2Fwp%2Fv2%2Fmedia&parent=11190"}],"wp:term":[{"taxonomy":"category","embeddable":true,"href":"https:\/\/www.lecarrefourdesopinions.ca\/index.php?rest_route=%2Fwp%2Fv2%2Fcategories&post=11190"},{"taxonomy":"post_tag","embeddable":true,"href":"https:\/\/www.lecarrefourdesopinions.ca\/index.php?rest_route=%2Fwp%2Fv2%2Ftags&post=11190"}],"curies":[{"name":"wp","href":"https:\/\/api.w.org\/{rel}","templated":true}]}}