{"id":11169,"date":"2014-12-27T09:28:50","date_gmt":"2014-12-27T14:28:50","guid":{"rendered":"http:\/\/www.lecarrefourdesopinions.ca\/?p=11169"},"modified":"2014-12-27T09:28:50","modified_gmt":"2014-12-27T14:28:50","slug":"la-tablee-des-chefs","status":"publish","type":"post","link":"https:\/\/www.lecarrefourdesopinions.ca\/?p=11169","title":{"rendered":"La tabl\u00e9e des chefs!"},"content":{"rendered":"<p style=\"text-align: center;\"><span style=\"color: #008000;\"><strong>La tabl\u00e9e des chefs!<\/strong><\/span><\/p>\n<p style=\"text-align: justify;\"><strong>La\u00efque en politique, ath\u00e9e en religion, mais croyant en Dieu. Ni jihad ni croisade. On a eu assez de conflits \u00e0 travers les temps. Pas besoin d&rsquo;interm\u00e9diaire pour communiquer avec Dieu. Il est temps qu&rsquo;on devienne adulte pour cr\u00e9er notre propre paradis. L&rsquo;humanisme est notre seule mission. Avec amour, bont\u00e9 et tol\u00e9rance, notre monde serait bien meilleur.<\/strong><\/p>\n<p style=\"text-align: justify;\">\n<p style=\"text-align: left;\"><img loading=\"lazy\" decoding=\"async\" class=\"alignleft size-medium wp-image-11178\" title=\"Sans titre\" src=\"http:\/\/www.lecarrefourdesopinions.ca\/wp-content\/uploads\/2014\/12\/Sans-titre3-218x300.png\" alt=\"\" width=\"218\" height=\"300\" srcset=\"https:\/\/www.lecarrefourdesopinions.ca\/wp-content\/uploads\/2014\/12\/Sans-titre3-218x300.png 218w, https:\/\/www.lecarrefourdesopinions.ca\/wp-content\/uploads\/2014\/12\/Sans-titre3-744x1024.png 744w, https:\/\/www.lecarrefourdesopinions.ca\/wp-content\/uploads\/2014\/12\/Sans-titre3-400x550.png 400w, https:\/\/www.lecarrefourdesopinions.ca\/wp-content\/uploads\/2014\/12\/Sans-titre3.png 850w\" sizes=\"auto, (max-width: 218px) 100vw, 218px\" \/><\/p>\n<p style=\"text-align: center;\"><strong>Sami CHALHOUB (Lorient Le Jour) 26-12-2014<\/strong><\/p>\n<p style=\"text-align: justify;\"><strong> Cette \u2018pens\u00e9e\u2019 de M.Sami Chalhoub, soutient bien celles et ceux qui donnent g\u00e9n\u00e9reusement de leur temps pour \u2018<\/strong><strong>donner \u00e0 manger \u00e0 ceux qui ont faim\u2019!<\/strong><\/p>\n<p style=\"text-align: justify;\">\n<p style=\"text-align: justify;\">\n<p style=\"text-align: justify;\">\n<p style=\"text-align: justify;\"><strong>Le fondateur de la Tabl\u00e9e des Chefs, Jean-Fran\u00e7ois Archambault dit simplement \u2018<\/strong><strong>qu\u2019il d\u00e9teste<\/strong><strong> <\/strong><strong>gaspiller et que la nourriture est faite pour \u00eatre mang\u00e9e<\/strong><strong>! Il fait r\u00e9f\u00e9rence au beau travail des agriculteurs qui font pousser fruits et l\u00e9gumes, r\u00e9coltent herbes et c\u00e9r\u00e9ales pour nous! Que jeter de la nourriture c\u2019est jeter tout ce labeur, cette magnifique donation nourrici\u00e8re de la terre, de jeter toute cette offrande \u00e0 la poubelle\u2019!<\/strong><\/p>\n<p style=\"text-align: justify;\">\n<p style=\"text-align: justify;\">\n<p style=\"text-align: justify;\">\n<p style=\"text-align: justify;\"><strong>Prendre conscience (\u00e0 chacun la sienne), c\u2019est le commencement d\u2019un changement dans nos attitudes et peut-\u00eatre aussi le commencement d\u2019une action. <\/strong><\/p>\n<p style=\"text-align: justify;\"><strong> <\/strong><span style=\"color: #0000ff;\"><span style=\"text-decoration: underline;\"><a href=\"http:\/\/www.tableedeschefs.org\/\">http:\/\/www.tableedeschefs.org\/<\/a><\/span><\/span><\/p>\n<p style=\"text-align: justify;\">\n<p style=\"text-align: justify;\">\n<p style=\"text-align: justify;\"><strong>Des tonnes de nourriture sont encore jet\u00e9es par les grandes surfaces, les h\u00f4tels, les restaurants, et nous-m\u00eames! De quoi nourrir bien du monde autour de nous et dans les r\u00e9gions un peu plus \u00e9loign\u00e9es\u2026 et nous ne sommes pas loin de celles et ceux qui ont faim et des enfants qui vont encore \u00e0 l\u2019\u00e9cole le ventre creux. Au Canada ce serait un enfant sur cinq\u2026 <\/strong><strong>un enfant sur cinq!<\/strong><\/p>\n<p style=\"text-align: justify;\"><strong>Je parlais de conscience! De simplement regarder autour de nous! Donner la main \u00e0 celles et ceux qui n\u2019ont certainement pas choisi la pauvret\u00e9\u2026 autour de nous et devant nous. <\/strong><\/p>\n<p style=\"text-align: justify;\">\n<p style=\"text-align: justify;\">\n<p style=\"text-align: justify;\"><strong>Mario Leclerc \u00e9crivait (Le courrier du Sud 24-12-2014), que la pauvret\u00e9 est trop co\u00fbteuse pour tous et chacun de nous. Il y a des personnes qui sont ruin\u00e9es du jour au lendemain pour diverses raisons (rupture familiale, d\u00e9c\u00e8s d\u2019une personne aim\u00e9e, ch\u00f4mage, maladie, etc\u2026) on ne choisit pas d\u2019\u00eatre pauvre. On ne choisit pas de perdre sa dignit\u00e9!<\/strong><\/p>\n<p style=\"text-align: justify;\"><strong>Alors? En ce d\u00e9but d\u2019ann\u00e9e\u2026 on y pense?<\/strong><\/p>\n<p style=\"text-align: justify;\">\n<script type=\"text\/javascript\">\n\nvar addthis_config = {\"data_track_clickback\":false,\"data_track_addressbar\":false,\"data_track_textcopy\":false};\n<\/script><script type=\"text\/javascript\" src=\"\/\/s7.addthis.com\/js\/250\/addthis_widget.js#pubid=f084fdfbcefba74c78dfad3bbc873ffd\"><\/script>","protected":false},"excerpt":{"rendered":"<p style=\"text-align: center;\"><span style=\"color: #008000;\">La tabl\u00e9e des chefs!<\/span><\/p>\n<p style=\"text-align: justify;\">La\u00efque en politique, ath\u00e9e en religion, mais croyant en Dieu. Ni jihad ni croisade. On a eu assez de conflits \u00e0 travers les temps. Pas besoin d&rsquo;interm\u00e9diaire pour communiquer avec Dieu. Il est &hellip;<\/p>\n","protected":false},"author":1,"featured_media":0,"comment_status":"open","ping_status":"open","sticky":false,"template":"","format":"standard","meta":{"footnotes":""},"categories":[1],"tags":[],"class_list":["post-11169","post","type-post","status-publish","format-standard","hentry","category-accueil"],"_links":{"self":[{"href":"https:\/\/www.lecarrefourdesopinions.ca\/index.php?rest_route=\/wp\/v2\/posts\/11169","targetHints":{"allow":["GET"]}}],"collection":[{"href":"https:\/\/www.lecarrefourdesopinions.ca\/index.php?rest_route=\/wp\/v2\/posts"}],"about":[{"href":"https:\/\/www.lecarrefourdesopinions.ca\/index.php?rest_route=\/wp\/v2\/types\/post"}],"author":[{"embeddable":true,"href":"https:\/\/www.lecarrefourdesopinions.ca\/index.php?rest_route=\/wp\/v2\/users\/1"}],"replies":[{"embeddable":true,"href":"https:\/\/www.lecarrefourdesopinions.ca\/index.php?rest_route=%2Fwp%2Fv2%2Fcomments&post=11169"}],"version-history":[{"count":5,"href":"https:\/\/www.lecarrefourdesopinions.ca\/index.php?rest_route=\/wp\/v2\/posts\/11169\/revisions"}],"predecessor-version":[{"id":11181,"href":"https:\/\/www.lecarrefourdesopinions.ca\/index.php?rest_route=\/wp\/v2\/posts\/11169\/revisions\/11181"}],"wp:attachment":[{"href":"https:\/\/www.lecarrefourdesopinions.ca\/index.php?rest_route=%2Fwp%2Fv2%2Fmedia&parent=11169"}],"wp:term":[{"taxonomy":"category","embeddable":true,"href":"https:\/\/www.lecarrefourdesopinions.ca\/index.php?rest_route=%2Fwp%2Fv2%2Fcategories&post=11169"},{"taxonomy":"post_tag","embeddable":true,"href":"https:\/\/www.lecarrefourdesopinions.ca\/index.php?rest_route=%2Fwp%2Fv2%2Ftags&post=11169"}],"curies":[{"name":"wp","href":"https:\/\/api.w.org\/{rel}","templated":true}]}}