{"id":11143,"date":"2014-12-27T09:29:22","date_gmt":"2014-12-27T14:29:22","guid":{"rendered":"http:\/\/www.lecarrefourdesopinions.ca\/?p=11143"},"modified":"2014-12-27T09:29:22","modified_gmt":"2014-12-27T14:29:22","slug":"gaz-de-schiste-victoire-ou-repit","status":"publish","type":"post","link":"https:\/\/www.lecarrefourdesopinions.ca\/?p=11143","title":{"rendered":"Gaz de schiste, victoire ou r\u00e9pit?"},"content":{"rendered":"<p style=\"text-align: center;\" align=\"JUSTIFY\"><strong>Gaz de schiste, victoire ou r\u00e9pit?<\/strong><\/p>\n<p align=\"JUSTIFY\"><span style=\"color: #800000;\"><em>Envoy\u00e9 par Jacques T\u00e9treault<\/em><\/span><\/p>\n<p align=\"JUSTIFY\">\n<p align=\"JUSTIFY\"><span style=\"font-size: medium;\">De prime abord, la sortie du rapport du BAPE semble clouer le cercueil du d\u00e9veloppement de l\u2019industrie des gaz de schiste dans la vall\u00e9e du Saint-Laurent. Les groupes environnementaux et les groupes citoyens crient victoire, et avec raison. Nous disons bravo pour cette victoire, qui s\u2019ajoute \u00e0 celle du port p\u00e9trolier de Cacouna.<\/span><\/p>\n<p align=\"JUSTIFY\">\n<p align=\"JUSTIFY\"><span style=\"font-size: medium;\">Depuis maintenant quatre ans, les comit\u00e9s de citoyens membres du Regroupement vigilance hydrocarbures Qu\u00e9bec ont consacr\u00e9 b\u00e9n\u00e9volement des milliers d\u2019heures pour informer la population et les conseils municipaux. Ils se sont alli\u00e9s \u00e0 des groupes environnementaux tels Greenpeace, l\u2019AQLPA, Nature Qu\u00e9bec, la coalition Eau Secours et la Fondation David Suzuki, pour ne nommer que ceux-l\u00e0, ainsi qu\u2019\u00e0 une pl\u00e9iade d\u2019artistes, dont Dominic Champagne. Ensemble, ils ont contribu\u00e9 \u00e0 la conscientisation de la population, \u00e0 l\u2019\u00e9veil des citoyens. Ils se sont alli\u00e9s \u00e0 un collectif scientifique pour mieux se documenter, \u00e0 un collectif juridique pour mieux s\u2019outiller. Ils ont fait adopter par leurs municipalit\u00e9s des r\u00e8glements pour prot\u00e9ger leur eau, en soutenant leur cause avec des arguments bien \u00e9tay\u00e9s. Ils ont assist\u00e9 et particip\u00e9 \u00e0 deux BAPE qui se sont \u00e9chelonn\u00e9s sur trois ans. Ils ont d\u00e9montr\u00e9 une pers\u00e9v\u00e9rance et une t\u00e9nacit\u00e9 hors du commun, anim\u00e9s par un objectif clair et l\u00e9gitime\u00a0: prot\u00e9ger leur territoire et assurer \u00e0 leur descendance une qualit\u00e9 de vie. C\u2019est donc une grande victoire citoyenne \u00e0 laquelle nous venons d\u2019assister.<\/span><\/p>\n<p align=\"JUSTIFY\">\n<p align=\"JUSTIFY\"><span style=\"font-size: medium;\">\u00c9videmment, notre gouvernement ne le voit pas du m\u00eame \u0153il! Le premier ministre, au lieu de saluer cet engagement citoyen utilise encore l\u2019argument \u00e9conomique pour dire du bout des l\u00e8vres que cette industrie ne semble pas rentable pour le Qu\u00e9bec\u2026 pour l\u2019instant. Il va m\u00eame jusqu\u2019\u00e0 parler d\u2019un horizon de 25 ans. Il laisse donc la porte ouverte \u00e0 l\u2019industrie et lui permet de continuer d\u2019esp\u00e9rer qu\u2019elle pourra un jour se d\u00e9velopper. Il ne semble pas avoir compris que <strong>l\u2019acceptabilit\u00e9 sociale ne sera jamais au rendez-vous<\/strong>, qu\u2019en aucun temps les citoyens n\u2019accepteront de laisser leur territoire \u00e0 la merci d\u2019actionnaires avides, qui ne se pr\u00e9occupent ni de la sant\u00e9, ni de la qualit\u00e9 de vie des gens des r\u00e9gions o\u00f9 l\u2019industrie s\u2019installe. Il n\u2019a pas encore saisi que nous n\u2019accepterons pas de les laisser remplacer l\u2019agriculture par la p\u00e9tro-industrie, que le tourisme ne se laissera pas d\u00e9classer par des valeurs industrielles polluantes.<\/span><\/p>\n<p align=\"JUSTIFY\">\n<p><span style=\"font-size: medium;\">Le premier ministre vient encore de rater une belle occasion d\u2019\u00e9liminer du d\u00e9cor une industrie du si\u00e8cle dernier. Il avait en mains toutes les preuves qu\u2019il lui fallait pour interdire \u00e0 jamais l\u2019utilisation de cette technologie partout au Qu\u00e9bec, notamment \u00e0 Anticosti et en Gasp\u00e9sie.<\/span><\/p>\n<p>&nbsp;<\/p>\n<p align=\"JUSTIFY\"><span style=\"font-size: medium;\">Quant au ministre de l\u2019Environnement, il pr\u00e9tend que ce rapport sera une bonne source de renseignements pour la prochaine \u00c9tude environnementale strat\u00e9gique (\u00c9ES) sur le d\u00e9veloppement des hydrocarbures au Qu\u00e9bec. Oui, vous avez bien lu\u00a0: le d\u00e9veloppement des hydrocarbures au Qu\u00e9bec! Il semble bien qu\u2019on s\u2019oriente vers une soci\u00e9t\u00e9 attard\u00e9e qui carburera encore longtemps au p\u00e9trole et au gaz. Il est faux de pr\u00e9tendre que ce sont les redevances tir\u00e9es des \u00e9nergies fossiles qui nous permettront de d\u00e9velopper de nouvelles technologies. Ces redevances, si jamais il y en a, ne pourront couvrir tous les co\u00fbts engendr\u00e9s par les changements climatiques.<\/span><\/p>\n<p align=\"JUSTIFY\">\n<p align=\"JUSTIFY\"><span style=\"font-size: medium;\">Heureusement, les milliers de citoyens engag\u00e9s sont encore l\u00e0, avec toute leur d\u00e9termination, pour contrer les pr\u00e9dateurs qui hantent les couloirs des officines gouvernementales. Ils sont les gardiens de notre territoire. L\u2019heure est \u00e0 la f\u00eate, bien s\u00fbr, mais aussi \u00e0 la vigilance! <\/span><\/p>\n<p align=\"JUSTIFY\"><em><span style=\"font-size: medium;\">Jacques T\u00e9treault<\/span><\/em><\/p>\n<p align=\"JUSTIFY\"><em><span style=\"font-size: medium;\">Coordonnateur g\u00e9n\u00e9ral et porte-parole<\/span><\/em><\/p>\n<p align=\"JUSTIFY\"><em><span style=\"font-size: medium;\">Regroupement vigilance hydrocarbures Qu\u00e9bec<\/span><\/em><\/p>\n<p align=\"JUSTIFY\">\n<script type=\"text\/javascript\">\n\nvar addthis_config = {\"data_track_clickback\":false,\"data_track_addressbar\":false,\"data_track_textcopy\":false};\n<\/script><script type=\"text\/javascript\" src=\"\/\/s7.addthis.com\/js\/250\/addthis_widget.js#pubid=f084fdfbcefba74c78dfad3bbc873ffd\"><\/script>","protected":false},"excerpt":{"rendered":"<p style=\"text-align: center;\" align=\"JUSTIFY\">Gaz de schiste, victoire ou r\u00e9pit?<\/p>\n<p align=\"JUSTIFY\"><span style=\"color: #800000;\">Envoy\u00e9 par Jacques T\u00e9treault<\/span><\/p>\n<p align=\"JUSTIFY\">\n<p align=\"JUSTIFY\"><span style=\"font-size: medium;\">De prime abord, la sortie du rapport du BAPE semble clouer le cercueil du d\u00e9veloppement de l\u2019industrie des gaz de schiste dans la vall\u00e9e du Saint-Laurent. Les <\/span>&hellip;<\/p>\n","protected":false},"author":1,"featured_media":0,"comment_status":"open","ping_status":"open","sticky":false,"template":"","format":"standard","meta":{"footnotes":""},"categories":[1],"tags":[],"class_list":["post-11143","post","type-post","status-publish","format-standard","hentry","category-accueil"],"_links":{"self":[{"href":"https:\/\/www.lecarrefourdesopinions.ca\/index.php?rest_route=\/wp\/v2\/posts\/11143","targetHints":{"allow":["GET"]}}],"collection":[{"href":"https:\/\/www.lecarrefourdesopinions.ca\/index.php?rest_route=\/wp\/v2\/posts"}],"about":[{"href":"https:\/\/www.lecarrefourdesopinions.ca\/index.php?rest_route=\/wp\/v2\/types\/post"}],"author":[{"embeddable":true,"href":"https:\/\/www.lecarrefourdesopinions.ca\/index.php?rest_route=\/wp\/v2\/users\/1"}],"replies":[{"embeddable":true,"href":"https:\/\/www.lecarrefourdesopinions.ca\/index.php?rest_route=%2Fwp%2Fv2%2Fcomments&post=11143"}],"version-history":[{"count":2,"href":"https:\/\/www.lecarrefourdesopinions.ca\/index.php?rest_route=\/wp\/v2\/posts\/11143\/revisions"}],"predecessor-version":[{"id":11182,"href":"https:\/\/www.lecarrefourdesopinions.ca\/index.php?rest_route=\/wp\/v2\/posts\/11143\/revisions\/11182"}],"wp:attachment":[{"href":"https:\/\/www.lecarrefourdesopinions.ca\/index.php?rest_route=%2Fwp%2Fv2%2Fmedia&parent=11143"}],"wp:term":[{"taxonomy":"category","embeddable":true,"href":"https:\/\/www.lecarrefourdesopinions.ca\/index.php?rest_route=%2Fwp%2Fv2%2Fcategories&post=11143"},{"taxonomy":"post_tag","embeddable":true,"href":"https:\/\/www.lecarrefourdesopinions.ca\/index.php?rest_route=%2Fwp%2Fv2%2Ftags&post=11143"}],"curies":[{"name":"wp","href":"https:\/\/api.w.org\/{rel}","templated":true}]}}