{"id":11133,"date":"2014-12-27T09:30:41","date_gmt":"2014-12-27T14:30:41","guid":{"rendered":"http:\/\/www.lecarrefourdesopinions.ca\/?p=11133"},"modified":"2014-12-27T09:30:41","modified_gmt":"2014-12-27T14:30:41","slug":"pour-memoire","status":"publish","type":"post","link":"https:\/\/www.lecarrefourdesopinions.ca\/?p=11133","title":{"rendered":"\u00ab Pour M\u00e9moire \u00bb"},"content":{"rendered":"<h3 align=\"CENTER\">\u00a0<span style=\"font-family: 'Times New Roman', serif;\"><span>\u00ab Pour M\u00e9moire \u00bb<\/span><\/span><\/h3>\n<p align=\"LEFT\"><span><span style=\"color: #800000;\"><em><span style=\"font-family: 'Times New Roman', serif;\"><img loading=\"lazy\" decoding=\"async\" class=\"alignleft size-full wp-image-10358\" title=\"Serge 1\" src=\"http:\/\/www.lecarrefourdesopinions.ca\/wp-content\/uploads\/2013\/11\/Serge-1.jpg\" alt=\"\" width=\"101\" height=\"112\" \/>par <\/span><\/em><\/span><span style=\"color: #000000;\"><span style=\"font-family: 'Times New Roman', serif;\"><span style=\"color: #800000;\"><em>Serge H. Mo\u00efse av<\/em><\/span>.<\/span><\/span><\/span><\/p>\n<p align=\"LEFT\">\n<h3 align=\"JUSTIFY\"><span style=\"color: #000000;\"><span style=\"font-family: 'Times New Roman', serif;\"><span>\u00ab\u00a0Un peuple qui ne conna\u00eet pas son histoire n\u2019a pas d\u2019identit\u00e9\u00a0\u00bb Fran\u00e7ois Mitterrand.<\/span><\/span><\/span><\/h3>\n<h3 align=\"JUSTIFY\"><span style=\"color: #000000;\"><span style=\"font-family: 'Times New Roman', serif;\"><span>Dans notre perp\u00e9tuelle qu\u00eate de v\u00e9rit\u00e9, nous nous m\u00e9fions des versions alambiqu\u00e9es afin de mieux comprendre les faits \u00e9v\u00e9nementiels de notre histoire du d\u00e9but \u00e0 nos jours.<\/span><\/span><\/span><\/h3>\n<h3 align=\"JUSTIFY\"><span style=\"color: #000000;\"><span style=\"font-family: 'Times New Roman', serif;\"><span>Apr\u00e8s la chute du g\u00e9n\u00e9ral-pr\u00e9sident Paul Eug\u00e8ne Magloire, \u00ab\u00a0kanson f\u00e8\u00a0\u00bb, pour ses admirateurs, pour les m\u00eames raisons d\u2019ailleurs qu\u2019il avait \u00e9voqu\u00e9es afin de justifier son coup de force contre l\u2019illustre et progressiste Dumarsais Estim\u00e9, va d\u00e9buter la descente aux enfers pour la premi\u00e8re r\u00e9publique n\u00e8gre de l\u2019h\u00e9misph\u00e8re sud. <\/span><\/span><\/span><\/h3>\n<h3 align=\"JUSTIFY\"><span style=\"color: #000000;\"><span style=\"font-family: 'Times New Roman', serif;\"><span>En effet, selon la petite histoire, si les \u00e9lections s\u2019\u00e9taient d\u00e9roul\u00e9es de mani\u00e8re libre, honn\u00eate et cr\u00e9dible, le candidat Louis D\u00e9joie, agronome de son \u00e9tat et s\u00e9nateur de la r\u00e9publique aurait \u00e9t\u00e9 le choix du peuple \u00e0 l\u2019\u00e9poque.<\/span><\/span><\/span><\/h3>\n<h3 align=\"JUSTIFY\"><span style=\"color: #000000;\"><span style=\"font-family: 'Times New Roman', serif;\"><span>H\u00e9las, toujours selon la petite histoire, les seules \u00e9lections libres, honn\u00eates et cr\u00e9dibles, au second degr\u00e9 ou au suffrage universel qui se soient r\u00e9alis\u00e9es au pays demeurent celles de mil neuf cent quatre-vingt dix.<\/span><\/span><\/span><\/h3>\n<h3 align=\"JUSTIFY\"><span style=\"color: #000000;\"><span style=\"font-family: 'Times New Roman', serif;\"><span>Mais nous n\u2019en sommes pas encore l\u00e0. Le g\u00e9n\u00e9ral-pr\u00e9sident, apr\u00e8s un mandat plut\u00f4t terne, emp\u00each\u00e9 de se succ\u00e9der \u00e0 lui-m\u00eame comme il le souhaitait et forc\u00e9 \u00e0 l\u2019exil, laissera le pays tel un cigare allum\u00e9 \u00e0 ses deux bouts, c&rsquo;est-\u00e0-dire en pleine pagaille.<\/span><\/span><\/span><\/h3>\n<h3 align=\"JUSTIFY\"><span style=\"color: #000000;\"><span style=\"font-family: 'Times New Roman', serif;\"><span>Les grands t\u00e9nors\u00a0: Cl\u00e9ment Jumelle, ministre des finances sortant, Thomas D\u00e9sulm\u00e9, industriel et homme politique, l\u2019agronome Louis D\u00e9joie, s\u00e9nateur de la r\u00e9publique, Jean David agronome lui aussi et ex s\u00e9nateur de la r\u00e9publique, Cl\u00e9mard Joseph Charles, homme d\u2019affaires, Fran\u00e7ois Duvalier m\u00e9decin et ex grand commis de l\u2019\u00c9tat, le professeur Daniel Fignol\u00e9, fondateur du (MOP), Mouvement Ouvrier Paysan qui sera pi\u00e9g\u00e9 \u00e0 travers une pr\u00e9sidence provisoire de dix-neuf jours et \u00e9ject\u00e9 du pouvoir en ces termes \u00ab\u00a0ti coq ou kk\u00a0\u00bb et l\u2019ing\u00e9nieur F\u00e9nelon Alphonse qui voulait construire le pont devant relier l\u2019\u00eele de la Gon\u00e2ve \u00e0 Port-au-Prince la capitale, histoire de d\u00e9velopper le tourisme national, partirent tous \u00e0 la conqu\u00eate du pr\u00e9cieux fauteuil pr\u00e9sidentiel <\/span><\/span><\/span><\/h3>\n<h3 align=\"JUSTIFY\"><span style=\"color: #000000;\"><span style=\"font-family: 'Times New Roman', serif;\"><span>Les d\u00e9s n\u2019\u00e9tant pas encore pip\u00e9s, chacun y allait du mieux qu\u2019il le pouvait, dans la bonne tradition folklorique de nos singuli\u00e8res joutes \u00e9lectorales. Le tout se d\u00e9roulant sous le regard apparemment distant de la grande muette et de cette main toujours invisible mais certainement pr\u00e9sente.<\/span><\/span><\/span><\/h3>\n<h3 align=\"JUSTIFY\"><span style=\"color: #000000;\"><span style=\"font-family: 'Times New Roman', serif;\"><span>V\u00e9ritables jeux de coquins dans la r\u00e9publique des copains, les plus fut\u00e9s finissent toujours par l\u2019emporter. Ainsi s\u2019est fa\u00e7onn\u00e9 notre parcours qui donne \u00e0 notre histoire l\u2019image d\u2019une suite d\u2019\u00e9checs successifs que nous refusons d\u2019admettre par pudibonderie pure et simple, mais nul n\u2019est vraiment dupe.<\/span><\/span><\/span><\/h3>\n<h3 align=\"JUSTIFY\"><span style=\"color: #000000;\"><span style=\"font-family: 'Times New Roman', serif;\"><span>Dans le camp des \u00ab\u00a0estimistes\u00a0\u00bb plusieurs pr\u00e9tendants au tr\u00f4ne s\u2019agitaient avec f\u00e9brilit\u00e9 jusqu\u2019\u00e0 la compromission suivante qui s\u2019inscrit dans notre culture politique de tout temps\u00a0:<\/span><\/span><\/span><\/h3>\n<h3 align=\"JUSTIFY\"><span style=\"color: #000000;\"><span style=\"font-family: 'Times New Roman', serif;\"><span>\u00ab\u00a0La pr\u00e9sidence de doublure!\u00a0\u00bb<\/span><\/span><\/span><\/h3>\n<h3 align=\"JUSTIFY\"><span style=\"color: #000000;\"><span style=\"font-family: 'Times New Roman', serif;\"><span>Les fins strat\u00e8ges qui se r\u00e9clamaient de la doctrine d\u2019\u00c9stim\u00e9 au lendemain du mouvement dit de quarante-six, devant la popularit\u00e9 \u00e9vidente du candidat Louis D\u00e9joie, pr\u00f4nant la politique de la terre, la seule, la vraie, se rendirent compte que faute d\u2019un front commun, ils allaient certes mordre la poussi\u00e8re. Ils convinrent donc d\u2019une approche qui allait r\u00e9ussir mais au d\u00e9triment de leurs propres personnes, de leurs familles et du pays tout entier.<\/span><\/span><\/span><\/h3>\n<h3 align=\"JUSTIFY\"><span style=\"color: #000000;\"><span style=\"font-family: 'Times New Roman', serif;\"><span>Ils s\u2019entendirent pour catapulter Fran\u00e7ois Duvalier, le timide m\u00e9decin de campagne qui ne payait pas de mine, avec tr\u00e8s peu d\u2019exp\u00e9rience politique et qui allait donc se laisser manipuler en se faisant dicter la marche \u00e0 suivre et qui ne serait qu\u2019un chef de fa\u00e7ade.<\/span><\/span><\/span><\/h3>\n<h3 align=\"JUSTIFY\"><span style=\"color: #000000;\"><span style=\"font-family: 'Times New Roman', serif;\"><span>Doc serait donc le bon petit pr\u00e9sident de doublure, laissant les choses s\u00e9rieuses aux t\u00e9nors de la chose publique et qui se ferait \u00e9jecter au moment jug\u00e9 utile et n\u00e9cessaire. Mal leur en prit, car la voix nasillarde et la posture tr\u00e8s humble n\u2019\u00e9taient que roublardise et fourberie.<\/span><\/span><\/span><\/h3>\n<h3 align=\"JUSTIFY\"><span style=\"color: #000000;\"><span style=\"font-family: 'Times New Roman', serif;\"><span>La grande muette joua si bien sa partition que le tout se passa presque sans anicroche et le vingt deux septembre mil neuf cent cinquante-sept s\u2019ouvrait l\u2019\u00e8re de l\u2019obscurantisme \u00e0 son comble dont les effets pervers se font ressentir aujourd\u2019hui encore, les doublants s\u2019\u00e9tant faits doubler et de belle fa\u00e7on!<\/span><\/span><\/span><\/h3>\n<h3 align=\"JUSTIFY\"><span style=\"color: #000000;\"><span style=\"font-family: 'Times New Roman', serif;\"><span>De quarante-six \u00e0 cinquante, nous avons connu la lumi\u00e8re, de cinquante \u00e0 cinquante-six, la p\u00e9nombre et de cinquante-sept \u00e0 nos jours, sauf pour de rares \u00e9claircies nous \u00e9voluons en pleins t\u00e9n\u00e8bres. \u00ab\u00a0Nag\u00e9 pou n s\u00f2ti\u00a0\u00bb<\/span><\/span><\/span><\/h3>\n<h3 align=\"JUSTIFY\"><span style=\"color: #000000;\"><span style=\"font-family: 'Times New Roman', serif;\"><span>Et comme le disait si bien Winston Churchill, \u00ab\u00a0Un peuple qui oublie son pass\u00e9 est condamn\u00e9 \u00e0 le revivre\u00a0\u00bb<\/span><\/span><\/span><\/h3>\n<h3 align=\"JUSTIFY\"><span style=\"color: #000000;\"><span style=\"font-family: 'Times New Roman', serif;\"><span>En mil neuf cent quatre-vingt dix, soit \u00e0 peine une trentaine d\u2019ann\u00e9es plus tard, le rideau allait se lever sur un sc\u00e9nario similaire, le contexte n\u2019\u00e9tait pas le m\u00eame, les acteurs non plus, \u00e9videmment, mais les motivations et les r\u00e9sultats dans l\u2019ensemble les m\u00eames. Ce qui tendrait \u00e0 confirmer que \u00ab\u00a0les m\u00eames causes dans les m\u00eames conditions produisent les m\u00eames effets\u00a0\u00bb.<\/span><\/span><\/span><\/h3>\n<h3 align=\"JUSTIFY\"><span style=\"color: #000000;\"><span style=\"font-family: 'Times New Roman', serif;\"><span>Sauf erreur, le directoire du FNCD avait d\u00e9sign\u00e9 le professeur Victor Beno\u00eet comme porte \u00e9tendard pour les \u00e9lections en perspective. Toutefois, les vell\u00e9it\u00e9s de l\u2019ancien homme-fort du r\u00e9gime d\u00e9chu, ex ministre de l\u2019int\u00e9rieur, vigoureux et bourr\u00e9 d\u2019exp\u00e9rience, inqui\u00e9ta s\u00e9rieusement inqui\u00e9t\u00e9 la classe politique Cette derni\u00e8re, \u00e0 la suite de tractations au plus haut niveau, d\u00e9cida de changer monture et le professeur Beno\u00eet d\u00fbt c\u00e9der la place au pr\u00eatre des bidonvilles, sans exp\u00e9rience de la res publica lui non plus, et qui n\u2019aurait d\u2019autre choix que de se laisser mener par le bout du nez.<\/span><\/span><\/span><\/h3>\n<h3 align=\"JUSTIFY\"><span style=\"color: #000000;\"><span style=\"font-family: 'Times New Roman', serif;\"><span>Le sieur Jean-Bertrand Aristide ne l\u2019entendit point de cette oreille et tapa tr\u00e8s t\u00f4t du pied, mais pas du meilleur, et l\u2019on en conna\u00eet la suite<\/span><\/span><\/span><\/h3>\n<h3 align=\"JUSTIFY\"><span style=\"color: #000000;\"><span style=\"font-family: 'Times New Roman', serif;\"><span>Monsieur Ren\u00e9 Pr\u00e9val, le plus fin matois des politicards nationaux a de son c\u00f4t\u00e9 compl\u00e9t\u00e9 ses deux mandats respectifs avec rallonge de surcro\u00eet. Il n\u2019y a pas \u00e0 dire, le mec a la bosse des affaires. Chapeau Ren\u00e9!<\/span><\/span><\/span><\/h3>\n<h3 align=\"JUSTIFY\"><span style=\"color: #000000;\"><span style=\"font-family: 'Times New Roman', serif;\"><span>Nos sp\u00e9cialistes en sciences-politiques, nos mandarins nationaux peuvent-ils nous expliquer, comment et pourquoi en deux mille onze, pour la troisi\u00e8me fois en un quart de si\u00e8cle d\u2019histoire, le candidat qui a eu la candeur d\u2019avouer publiquement n\u2019avoir aucun bagage pour occuper une telle fonction. Il ne lit pas et n\u2019\u00e9coute m\u00eame pas les \u00e9missions de radio traitant d\u2019affaires publiques a-t-il d\u00e9clar\u00e9 plus d\u2019une fois. Et \u00e0 ceux qui lui reprochaient ses lacunes intellectuelle\u00a0: En quoi les \u00ab\u00a0douzepl\u00f4mes\u00a0\u00bb ont-ils \u00e9t\u00e9 utiles, avait-il demand\u00e9 \u00e0 la population, en guise de r\u00e9action. Et tout comme en mil neuf cent quatre-vingt dix, il se trouvait des thurif\u00e9raires pour r\u00e9p\u00e9ter\u00a0: Il suffit qu\u2019il soit bien encadr\u00e9 et tout ira bien. Dix ans apr\u00e8s, c\u2019\u00e9tait la m\u00eame rengaine!<\/span><\/span><\/span><\/h3>\n<h3 align=\"JUSTIFY\"><span style=\"color: #000000;\"><span style=\"font-family: 'Times New Roman', serif;\"><span>En conclusion, nous saurions gr\u00e9 d\u2019obtenir des nantis du savoir, les vrais, pas nos spectaculaires \u00ab\u00a0P-H-D\u00a0\u00bb, quelques explications claires nettes et pr\u00e9cises, quant \u00e0 la r\u00e9p\u00e9tition en si peu de temps de ces m\u00eames erreurs. S\u2019agirait-il d\u2019une carence, d\u2019une d\u00e9viance ou d\u2019une pathologie collective?<\/span><\/span><\/span><\/h3>\n<h3 align=\"JUSTIFY\"><span style=\"color: #000000;\">\u00a0\u00a0\u00a0\u00a0\u00a0\u00a0\u00a0\u00a0\u00a0\u00a0\u00a0\u00a0\u00a0\u00a0\u00a0\u00a0\u00a0\u00a0\u00a0\u00a0\u00a0\u00a0\u00a0\u00a0\u00a0\u00a0\u00a0\u00a0\u00a0\u00a0\u00a0\u00a0\u00a0\u00a0\u00a0\u00a0\u00a0\u00a0\u00a0\u00a0\u00a0\u00a0\u00a0\u00a0\u00a0\u00a0\u00a0\u00a0\u00a0\u00a0\u00a0\u00a0\u00a0\u00a0\u00a0\u00a0\u00a0\u00a0\u00a0\u00a0\u00a0\u00a0\u00a0\u00a0\u00a0\u00a0\u00a0\u00a0\u00a0\u00a0\u00a0\u00a0\u00a0\u00a0\u00a0\u00a0\u00a0\u00a0\u00a0\u00a0\u00a0\u00a0\u00a0\u00a0\u00a0\u00a0\u00a0\u00a0\u00a0\u00a0\u00a0\u00a0\u00a0\u00a0\u00a0\u00a0\u00a0\u00a0\u00a0\u00a0\u00a0\u00a0\u00a0\u00a0\u00a0\u00a0\u00a0\u00a0\u00a0\u00a0\u00a0\u00a0\u00a0\u00a0\u00a0\u00a0\u00a0\u00a0\u00a0\u00a0\u00a0\u00a0\u00a0\u00a0\u00a0\u00a0\u00a0\u00a0\u00a0\u00a0\u00a0\u00a0\u00a0\u00a0\u00a0\u00a0 <\/span><\/h3>\n<h3 align=\"JUSTIFY\"><\/h3>\n<h3><\/h3>\n<script type=\"text\/javascript\">\n\nvar addthis_config = {\"data_track_clickback\":false,\"data_track_addressbar\":false,\"data_track_textcopy\":false};\n<\/script><script type=\"text\/javascript\" src=\"\/\/s7.addthis.com\/js\/250\/addthis_widget.js#pubid=f084fdfbcefba74c78dfad3bbc873ffd\"><\/script>","protected":false},"excerpt":{"rendered":"<p><span style=\"font-family: 'Times New Roman', serif;\"><span>\u00ab Pour M\u00e9moire \u00bb<\/span><\/span><\/p>\n<p align=\"LEFT\"><span><span style=\"color: #800000;\"><span style=\"font-family: 'Times New Roman', serif;\">par <\/span><\/span><span style=\"color: #000000;\"><span style=\"font-family: 'Times New Roman', serif;\"><span style=\"color: #800000;\">Serge H. Mo\u00efse av<\/span>.<\/span><\/span><\/span><\/p>\n<p align=\"LEFT\">\n<span style=\"color: #000000;\"><span style=\"font-family: 'Times New Roman', serif;\"><span>\u00ab\u00a0Un peuple qui ne conna\u00eet pas son histoire n\u2019a pas d\u2019identit\u00e9\u00a0\u00bb Fran\u00e7ois Mitterrand.<\/span><\/span><\/span><br \/>\n<span style=\"color: #000000;\"><span style=\"font-family: 'Times New Roman', serif;\"><span>Dans notre perp\u00e9tuelle qu\u00eate de v\u00e9rit\u00e9, nous nous m\u00e9fions des versions alambiqu\u00e9es <\/span><\/span><\/span>&hellip;<\/p>\n","protected":false},"author":1,"featured_media":0,"comment_status":"open","ping_status":"open","sticky":false,"template":"","format":"standard","meta":{"footnotes":""},"categories":[1],"tags":[],"class_list":["post-11133","post","type-post","status-publish","format-standard","hentry","category-accueil"],"_links":{"self":[{"href":"https:\/\/www.lecarrefourdesopinions.ca\/index.php?rest_route=\/wp\/v2\/posts\/11133","targetHints":{"allow":["GET"]}}],"collection":[{"href":"https:\/\/www.lecarrefourdesopinions.ca\/index.php?rest_route=\/wp\/v2\/posts"}],"about":[{"href":"https:\/\/www.lecarrefourdesopinions.ca\/index.php?rest_route=\/wp\/v2\/types\/post"}],"author":[{"embeddable":true,"href":"https:\/\/www.lecarrefourdesopinions.ca\/index.php?rest_route=\/wp\/v2\/users\/1"}],"replies":[{"embeddable":true,"href":"https:\/\/www.lecarrefourdesopinions.ca\/index.php?rest_route=%2Fwp%2Fv2%2Fcomments&post=11133"}],"version-history":[{"count":2,"href":"https:\/\/www.lecarrefourdesopinions.ca\/index.php?rest_route=\/wp\/v2\/posts\/11133\/revisions"}],"predecessor-version":[{"id":11184,"href":"https:\/\/www.lecarrefourdesopinions.ca\/index.php?rest_route=\/wp\/v2\/posts\/11133\/revisions\/11184"}],"wp:attachment":[{"href":"https:\/\/www.lecarrefourdesopinions.ca\/index.php?rest_route=%2Fwp%2Fv2%2Fmedia&parent=11133"}],"wp:term":[{"taxonomy":"category","embeddable":true,"href":"https:\/\/www.lecarrefourdesopinions.ca\/index.php?rest_route=%2Fwp%2Fv2%2Fcategories&post=11133"},{"taxonomy":"post_tag","embeddable":true,"href":"https:\/\/www.lecarrefourdesopinions.ca\/index.php?rest_route=%2Fwp%2Fv2%2Ftags&post=11133"}],"curies":[{"name":"wp","href":"https:\/\/api.w.org\/{rel}","templated":true}]}}