{"id":11113,"date":"2014-12-11T09:31:52","date_gmt":"2014-12-11T14:31:52","guid":{"rendered":"http:\/\/www.lecarrefourdesopinions.ca\/?p=11113"},"modified":"2014-12-11T09:31:52","modified_gmt":"2014-12-11T14:31:52","slug":"moment-de-verite","status":"publish","type":"post","link":"https:\/\/www.lecarrefourdesopinions.ca\/?p=11113","title":{"rendered":"\u00ab Moment de V\u00e9rit\u00e9 \u00bb"},"content":{"rendered":"<p align=\"center\"><span style=\"font-size: large;\">\u00ab Moment de V\u00e9rit\u00e9 \u00bb<\/span><\/p>\n<p style=\"text-align: left;\" align=\"center\"><span style=\"color: #800000;\"><em>\u00a0 <img loading=\"lazy\" decoding=\"async\" class=\"alignleft size-thumbnail wp-image-10358\" title=\"Serge 1\" src=\"http:\/\/www.lecarrefourdesopinions.ca\/wp-content\/uploads\/2013\/11\/Serge-1-101x107.jpg\" alt=\"\" width=\"101\" height=\"107\" \/>\u00a0 \u00a0 \u00a0 \u00a0par \u00a0Serge H. Mo\u00efse av. \u00a0 \u00a0 \u00a0 \u00a0 \u00a0 \u00a0 \u00a0 \u00a0 \u00a0 \u00a0\u00a0<\/em><\/span><\/p>\n<p align=\"justify\"><span style=\"font-size: large;\">A ce carrefour dramatique de notre histoire, une prise de conscience s&rsquo;impose indubitablement. Reconnaissons que nous sommes tous, chacun en ce qui le concerne, sinon fautifs, du moins responsables de l&rsquo;\u00e9tat lamentable de notre pays et des conditions de vie infra humaines de nos millions de s\u0153urs et fr\u00e8res qui cr\u00e8vent syst\u00e9matiquement de faim et de la mis\u00e8re sous toutes ses formes. Certains par commission et devront faire face \u00e0 la justice un jour ou l&rsquo;autre, s&rsquo;il est vrai que les d\u00e9faites du droit sont toujours provisoires, les autres, par omission et\/ou d\u00e9sertion auront \u00e0 se ressaisir et avec fiert\u00e9 et patriotisme, apporter leur contribution \u00e0 la refondation et \u00e0 la reconstruction de l\u2019Alma mater.<\/span><\/p>\n<p align=\"justify\">\n<p align=\"justify\">\n<p align=\"justify\"><span style=\"font-size: large;\">Nous sommes les premiers responsables de nos malheurs pour avoir h\u00e9las oubli\u00e9 que <span style=\"color: #800000;\">\u00ab toute famille divis\u00e9e est une famille affaiblie, appel\u00e9e \u00e0 dispara\u00eetre \u00bb.<\/span><\/span><\/p>\n<p align=\"justify\">\n<p align=\"justify\">\n<p align=\"justify\"><span style=\"font-size: large;\">En f\u00e9vrier de l&rsquo;an (1986) mil neuf cent quatre-vingt six, nous avions pouss\u00e9 un ouf de soulagement, esp\u00e9rant que le peuple ha\u00eftien tout entier allait enfin rejoindre le concert des nations civilis\u00e9es. Encore une fois, nous avons oubli\u00e9 qu&rsquo;il n&rsquo;y a pas de g\u00e9n\u00e9ration spontan\u00e9e. Trente longues ann\u00e9es de corruption sous toutes formes ont engendr\u00e9 des scories dans la mentalit\u00e9 ha\u00eftienne qui sont devenus des traits culturels, exp\u00e9diant aux calendes grecques les valeurs cardinales quelles qu&rsquo;elles soient.<\/span><\/p>\n<p align=\"justify\">\n<p align=\"justify\">\n<p align=\"justify\"><span style=\"font-size: large;\">Une nouvelle constitution est vot\u00e9e, garantissant le respect des droits et libert\u00e9s, le bon fonctionnement des institutions r\u00e9publicaines pour une Ha\u00efti souveraine et prosp\u00e8re. Vingt-huit ans apr\u00e8s, qu&rsquo;on nous rende fol ou sage, le r\u00e8gne de la m\u00e9diocrit\u00e9 aurait d\u00fb toucher \u00e0 sa fin depuis belle lurette. De quatre-vingt six \u00e0 nos jours, la gouvernance post-duvali\u00e9rienne a fait autant de victimes que le tremblement de terre du douze janvier deux mille dix et les autres catastrophes naturelles qui ont suivi comme si notre histoire se r\u00e9v\u00e9lait une suite irr\u00e9versible d&rsquo;accidents.<\/span><\/p>\n<p align=\"justify\">\n<p align=\"justify\">\n<p align=\"justify\"><span style=\"font-size: large;\">Les \u00ab makouts \u00bb n&rsquo;ont plus droit de vie et de mort sur tous les sujets du potentat. La soldatesque s&rsquo;est \u00e9vapor\u00e9e dans la brume. Les \u00ab chim\u00e8 \u00bb sont mis hors d&rsquo;\u00e9tat de nuire et plus \u00e7a change, plus c&rsquo;est pareil! Ce qui semble confirmer la th\u00e9orie de Gobineau.<\/span><\/p>\n<p align=\"justify\"><span style=\"font-size: large;\">La premi\u00e8re r\u00e9publique n\u00e8gre, la perle des antilles, jadis le phare de la race se r\u00e9v\u00e8le aujourd\u2019hui le pays le plus corrompu et le plus pauvre de l&rsquo;h\u00e9misph\u00e8re.<\/span><\/p>\n<p align=\"justify\"><span style=\"font-size: large;\">Notre descente aux enfers touche-t-elle \u00e0 son terme? Aurions-nous d\u00e9j\u00e0 atteint le fin fond de la g\u00e9henne auquel cas nous allons rena\u00eetre comme le souhaitait Frantz Fanon, tr\u00e8s forts et plus aguerris. Si c&rsquo;est bien le cas, alors:<\/span><\/p>\n<p align=\"justify\">\n<p align=\"justify\"><span style=\"font-size: large;\">Faisons mentir le colonel John Russell qui disait que l&rsquo;Ha\u00eftien quelle que soit sa formation intellectuelle a la mentalit\u00e9 d&rsquo;un gamin de sept ans.<\/span><\/p>\n<p align=\"justify\"><span style=\"font-size: large;\">Faisons mentir Graham Greene qui ne voyait en nous que de pi\u00e8tres com\u00e9diens.<\/span><\/p>\n<p align=\"justify\"><span style=\"font-size: large;\">Faisons mentir cet envoy\u00e9 sp\u00e9cial qui pr\u00e9tendait que les Ha\u00eftiens auraient un chromosome en plus ou en moins.<\/span><\/p>\n<p align=\"justify\"><span style=\"font-size: large;\">Faisons mentir Dean Curran qui affirmait avoir d\u00e9couvert au pays de Dessalines et de P\u00e9tion les terribles \u00ab MRE \u00bb.<\/span><\/p>\n<p align=\"justify\"><span style=\"font-size: large;\">Faisons mentir Francklyn Delanoe Roosevelt qui voulait que les sans souliers fussent toujours en guerre avec les nantis de fa\u00e7on \u00e0 toujours dominer cette petite r\u00e9publiques de n\u00e8gres turbulents.<\/span><\/p>\n<p align=\"justify\">\n<p align=\"justify\">\n<p align=\"justify\"><span style=\"font-size: large;\">Faisons mentir le pasteur chr\u00e9tien Pat Robertson des \u00c9tats-Unis qui r\u00e9pand cette \u00ab sublime v\u00e9rit\u00e9 \u00bb, selon les r\u00e9v\u00e9lations \u00e0 lui faites par son dieu, \u00e0 l&rsquo;effet du pacte sign\u00e9 avec le diable par nos anc\u00eatres en vue d&rsquo;acqu\u00e9rir notre ind\u00e9pendance. Un pasteur ne saurait mentir!<\/span><\/p>\n<p align=\"justify\"><span style=\"font-size: large;\">Honorons la m\u00e9moire d&rsquo;Ant\u00e9nor Firmin, celle de Louis-Joseph Janvier, de Louis Mercier, de Dumarsais Estim\u00e9, de Jean-Price Mars, de Massilon Coicou, Carl Brouard, Me Seymour Pradel, Me Fran\u00e7ois Mo\u00efse, le s\u00e9nateur Louis D\u00e9joie, Jacques Roumain, Jacques St\u00e9phen Alexis, Kl\u00e9ber G. Jacob, Leslie F. Manigat et tous ceux qui morts ou vivants r\u00eavent d&rsquo;une Ha\u00efti souveraine, forte et prosp\u00e8re, pour paraphraser Dr Keny Bastien.<\/span><\/p>\n<p align=\"justify\">\n<p align=\"justify\">\n<p align=\"justify\"><span style=\"font-size: large;\">Mais, encore plus important, rassurons nos millions de compatriotes tant de l&rsquo;int\u00e9rieur que de l&rsquo;ext\u00e9rieur du terroir, lesquels au comble du d\u00e9sespoir ont baiss\u00e9 les bras, croyant fermement qu&rsquo;il n&rsquo;y a plus rien \u00e0 faire, le pays est maudit, le pasteur Pat Robertson l&rsquo;a dit.<\/span><\/p>\n<p align=\"justify\">\n<p align=\"justify\">\n<p align=\"justify\"><span style=\"font-size: large;\">Nous voici aujourd&rsquo;hui davantage plus pr\u00e8s du gouffre: Un parlement pour le moins bancal, un pouvoir judiciaire grabataire, un gouvernement d\u00e9pass\u00e9 par les \u00e9v\u00e9nements, accul\u00e9 dans ses derniers retranchements et oblig\u00e9 de faire appel \u00e0 un groupe de sages afin d&rsquo;envisager une issue \u00e0 la crise qui a trop dur\u00e9.<\/span><\/p>\n<p align=\"justify\">\n<p align=\"justify\"><span style=\"font-size: large;\">D\u00e9j\u00e0 en deux mille dix, en guise de ces \u00e9lections\/s\u00e9lections auxquelles nous sommes tous habitu\u00e9s et qui n&rsquo;ont fait que perp\u00e9tuer ce syst\u00e8me archa\u00efque et r\u00e9trograde nous avions sugg\u00e9r\u00e9 \u00e0 travers nos modestes analyses de la situation, la formation d&rsquo;un gouvernement de consensus afin de concr\u00e9tiser la transition qui ne s&rsquo;est pas faite entre 2004 et 2006.<\/span><\/p>\n<p align=\"justify\"><span style=\"font-size: large;\">Peut-on construire du beau, du bon et du neuf sur du pourri? C&rsquo;\u00e9tait notre question \u00e0 l&rsquo;\u00e9poque et elle est toujours d&rsquo;actualit\u00e9!<\/span><\/p>\n<p align=\"justify\">\n<p align=\"justify\">\n<p align=\"justify\"><span style=\"font-size: large;\">Un gouvernement de consensus, si tant est que nous pouvons y arriver, r\u00e9unissant des femmes et des hommes tri\u00e9s sur le volet, en fonctions de leurs qualit\u00e9s intrins\u00e8ques et n&rsquo;ayant pour unique objectif, la d\u00e9fense des int\u00e9r\u00eats sup\u00e9rieurs de la nation, toutes strates confondues.<\/span><\/p>\n<p align=\"justify\">\n<p align=\"justify\">\n<p align=\"justify\"><span style=\"font-size: large;\">Un tel gouvernement r\u00e9tablirait un minimum de confiance au sein de la grande famille ha\u00eftienne y compris sa g\u00e9n\u00e9reuse et dynamique diaspora plus impliqu\u00e9e que jamais, verrait \u00e0 l&rsquo;assainissement de l&rsquo;administration publique, sans chasse aux sorci\u00e8res \u00e9videmment, ferait en sorte que le syst\u00e8me judiciaire devienne efficace et efficient, mettrait tout en \u0153uvre en vue d&rsquo;\u00e9liminer l\u00e9galement la prolif\u00e9ration ridicule de particules qui encombrent la sc\u00e8ne politique et court-circuitent l&rsquo;av\u00e8nement de cet \u00c9tat de droit que la population appelle de tous ses v\u0153ux.<\/span><\/p>\n<p align=\"justify\">\n<p align=\"justify\">\n<p align=\"justify\"><span style=\"font-size: large;\">Combien de temps lui faudra-t-il pour r\u00e9aliser cette r\u00e9forme minimale qui mettrait la nation en mesure de tenir des \u00e9lections libres, honn\u00eates et d\u00e9mocratiques, six mois, un an ou deux? Il faudrait y penser tr\u00e8s s\u00e9rieusement pour ne plus avoir \u00e0 revivre ces moments ex\u00e9crables dans un futur pr\u00e9visible.<\/span><\/p>\n<p align=\"justify\">\n<p align=\"justify\">\n<p align=\"justify\"><span style=\"font-size: large;\">L&rsquo;heure a en enfin sonn\u00e9 pour que les \u00e9lites ha\u00eftiennes, les filles et fils de Dessalines et de P\u00e9tion parviennent \u00e0 se transcender et se montrer \u00e0 la hauteur de leur mission historique \u00e0 ce carrefour qui est ni plus ni moins que notre ultime moment de v\u00e9rit\u00e9<\/span><\/p>\n<p align=\"justify\">\n<p align=\"justify\">\n<script type=\"text\/javascript\">\n\nvar addthis_config = {\"data_track_clickback\":false,\"data_track_addressbar\":false,\"data_track_textcopy\":false};\n<\/script><script type=\"text\/javascript\" src=\"\/\/s7.addthis.com\/js\/250\/addthis_widget.js#pubid=f084fdfbcefba74c78dfad3bbc873ffd\"><\/script>","protected":false},"excerpt":{"rendered":"<p align=\"center\"><span style=\"font-size: large;\">\u00ab Moment de V\u00e9rit\u00e9 \u00bb<\/span><\/p>\n<p style=\"text-align: left;\" align=\"center\"><span style=\"color: #800000;\">\u00a0 \u00a0 \u00a0 \u00a0 \u00a0par \u00a0Serge H. Mo\u00efse av. \u00a0 \u00a0 \u00a0 \u00a0 \u00a0 \u00a0 \u00a0 \u00a0 \u00a0 \u00a0\u00a0<\/span><\/p>\n<p align=\"justify\"><span style=\"font-size: large;\">A ce carrefour dramatique de notre histoire, une prise de conscience s&rsquo;impose indubitablement. Reconnaissons que nous sommes tous, chacun en ce qui le concerne, sinon fautifs, du <\/span>&hellip;<\/p>\n","protected":false},"author":1,"featured_media":0,"comment_status":"open","ping_status":"open","sticky":false,"template":"","format":"standard","meta":{"footnotes":""},"categories":[1],"tags":[],"class_list":["post-11113","post","type-post","status-publish","format-standard","hentry","category-accueil"],"_links":{"self":[{"href":"https:\/\/www.lecarrefourdesopinions.ca\/index.php?rest_route=\/wp\/v2\/posts\/11113","targetHints":{"allow":["GET"]}}],"collection":[{"href":"https:\/\/www.lecarrefourdesopinions.ca\/index.php?rest_route=\/wp\/v2\/posts"}],"about":[{"href":"https:\/\/www.lecarrefourdesopinions.ca\/index.php?rest_route=\/wp\/v2\/types\/post"}],"author":[{"embeddable":true,"href":"https:\/\/www.lecarrefourdesopinions.ca\/index.php?rest_route=\/wp\/v2\/users\/1"}],"replies":[{"embeddable":true,"href":"https:\/\/www.lecarrefourdesopinions.ca\/index.php?rest_route=%2Fwp%2Fv2%2Fcomments&post=11113"}],"version-history":[{"count":2,"href":"https:\/\/www.lecarrefourdesopinions.ca\/index.php?rest_route=\/wp\/v2\/posts\/11113\/revisions"}],"predecessor-version":[{"id":11115,"href":"https:\/\/www.lecarrefourdesopinions.ca\/index.php?rest_route=\/wp\/v2\/posts\/11113\/revisions\/11115"}],"wp:attachment":[{"href":"https:\/\/www.lecarrefourdesopinions.ca\/index.php?rest_route=%2Fwp%2Fv2%2Fmedia&parent=11113"}],"wp:term":[{"taxonomy":"category","embeddable":true,"href":"https:\/\/www.lecarrefourdesopinions.ca\/index.php?rest_route=%2Fwp%2Fv2%2Fcategories&post=11113"},{"taxonomy":"post_tag","embeddable":true,"href":"https:\/\/www.lecarrefourdesopinions.ca\/index.php?rest_route=%2Fwp%2Fv2%2Ftags&post=11113"}],"curies":[{"name":"wp","href":"https:\/\/api.w.org\/{rel}","templated":true}]}}