{"id":11107,"date":"2014-12-15T15:33:32","date_gmt":"2014-12-15T20:33:32","guid":{"rendered":"http:\/\/www.lecarrefourdesopinions.ca\/?p=11107"},"modified":"2014-12-15T15:33:32","modified_gmt":"2014-12-15T20:33:32","slug":"loncle-sam-a-distingue-entre-lindividu-et-la-ministre","status":"publish","type":"post","link":"https:\/\/www.lecarrefourdesopinions.ca\/?p=11107","title":{"rendered":"L\u2019Oncle Sam a distingu\u00e9 entre l\u2019individu et la Ministre"},"content":{"rendered":"<p align=\"CENTER\">\n<p align=\"CENTER\"><span style=\"color: #000099;\"><span style=\"font-size: x-large;\"><em><strong>L\u2019Oncle Sam a distingu\u00e9 entre l\u2019individu et la Ministre.<\/strong><\/em><\/span><\/span><\/p>\n<p align=\"CENTER\">\n<p align=\"CENTER\"><span style=\"color: #000099;\"><span><strong>=====<\/strong><\/span><\/span><\/p>\n<p align=\"JUSTIFY\">\u00a0<img loading=\"lazy\" decoding=\"async\" class=\"alignleft size-thumbnail wp-image-10919\" title=\"Eric\" src=\"http:\/\/www.lecarrefourdesopinions.ca\/wp-content\/uploads\/2014\/09\/Eric-134x107.jpg\" alt=\"\" width=\"134\" height=\"107\" \/><\/p>\n<p align=\"JUSTIFY\">\n<p align=\"JUSTIFY\"><span style=\"color: #632423;\"><span style=\"font-family: 'Comic Sans MS', cursive;\"><span style=\"font-size: large;\">\u00c9ric E.G. NOGARD<\/span><\/span><\/span><\/p>\n<p align=\"JUSTIFY\"><span style=\"color: #c00000;\"><span style=\"font-size: large;\"><em>Le petit Chroniqueur<\/em><\/span><\/span><span style=\"color: #c00000;\"><span style=\"font-size: large;\">.<\/span><\/span><\/p>\n<p style=\"text-align: center;\">\n<p align=\"CENTER\"><span style=\"font-size: large;\">*** *** ***<\/span><\/p>\n<p>&nbsp;<\/p>\n<p>\u00a0<img loading=\"lazy\" decoding=\"async\" class=\"aligncenter size-medium wp-image-11108\" title=\"H.T\" src=\"http:\/\/www.lecarrefourdesopinions.ca\/wp-content\/uploads\/2014\/12\/H.T-300x246.jpg\" alt=\"\" width=\"300\" height=\"246\" srcset=\"https:\/\/www.lecarrefourdesopinions.ca\/wp-content\/uploads\/2014\/12\/H.T-300x246.jpg 300w, https:\/\/www.lecarrefourdesopinions.ca\/wp-content\/uploads\/2014\/12\/H.T-400x328.jpg 400w, https:\/\/www.lecarrefourdesopinions.ca\/wp-content\/uploads\/2014\/12\/H.T.jpg 559w\" sizes=\"auto, (max-width: 300px) 100vw, 300px\" \/><span style=\"font-size: 13px;\">\u00a0<\/span><\/p>\n<p align=\"JUSTIFY\"><span style=\"font-size: large;\"><strong>F1\u00a0:<\/strong><\/span><span style=\"color: #c00000;\"><span style=\"font-size: large;\"><em>Vous lui avez donn\u00e9 une valeur ajout\u00e9e qui fait d\u2019elle la France Monsieur HOLLANDE.<\/em><\/span><\/span><\/p>\n<p align=\"JUSTIFY\">\n<p align=\"JUSTIFY\"><span style=\"font-family: 'Comic Sans MS', cursive;\"><span style=\"font-size: large;\">C\u2019est du moins notre opinion \u00e0 Martinique Province Fran\u00e7aise d\u2019Am\u00e9rique.<\/span><\/span><\/p>\n<p align=\"JUSTIFY\">\n<p align=\"JUSTIFY\"><span style=\"font-family: 'Comic Sans MS', cursive;\"><span style=\"font-size: large;\">Dans la r\u00e9cente affaire de Fergusson, les critiques prof\u00e9r\u00e9es \u00e0 l\u2019encontre de la Justice Am\u00e9ricaine ne sont pas pass\u00e9es par la Jauge destin\u00e9e \u00e0 un individu ordinaire, ce qui explique le mutisme de l\u2019Oncle Sam comme celui des Sammies, en r\u00e9action aux sorties de route de Christiane TAUBIRA.<\/span><\/span><\/p>\n<p align=\"JUSTIFY\">\n<p align=\"JUSTIFY\"><span style=\"font-family: 'Comic Sans MS', cursive;\"><span style=\"font-size: large;\">Et il est remarquable que le Peuple Am\u00e9ricain ait montr\u00e9 avec son Gouvernement une telle similitude de comportement, de retenue<\/span><\/span><span style=\"font-size: large;\">.<\/span><\/p>\n<p align=\"JUSTIFY\">\n<p align=\"JUSTIFY\"><span style=\"font-size: large;\">\u00ab\u00a0<\/span><span style=\"font-family: Arial, sans-serif;\"><span style=\"font-size: large;\"><em>Et pluribus Unum<\/em><\/span><\/span><span style=\"font-size: large;\">\u00a0\u00bb <\/span><span style=\"font-family: 'Comic Sans MS', cursive;\"><span style=\"font-size: large;\">n\u2019est pas une chim\u00e8re, mais une r\u00e9alit\u00e9 Am\u00e9ricaine<\/span><\/span><span style=\"font-size: large;\">.<\/span><\/p>\n<p align=\"JUSTIFY\">\n<p align=\"JUSTIFY\">\n<p align=\"JUSTIFY\">\n<p align=\"JUSTIFY\"><span style=\"font-size: large;\">TAUBIRA ne serait-elle pas investie par le Peuple Fran\u00e7ais de Pouvoirs R\u00e9galiens qui font qu\u2019elle n\u2019est pas une femme ordinaire au regard du \u00ab\u00a0savoir vivre diplomatique\u00a0\u00bb mais la personnification de la France, pendant sa mandature.<\/span><\/p>\n<p align=\"JUSTIFY\">\n<p align=\"JUSTIFY\"><span style=\"font-size: large;\">N\u2019est-ce pas \u00e0 la France de r\u00e9pondre \u2013 sans qu\u2019il soit question de porter un quelconque jugement de valeur \u2013 des propos r\u00e9it\u00e9r\u00e9s de TAUBIRA qui, en soi, constituent un incident diplomatique assez caract\u00e9ris\u00e9 pour que Monsieur HOLLANDE en tire les cons\u00e9quences sans qu\u2019il faille qu\u2019on le lui dise.<\/span><\/p>\n<p align=\"JUSTIFY\">\n<p align=\"JUSTIFY\">\n<p align=\"JUSTIFY\"><span style=\"font-size: large;\">Christiane TAUBIRA, ne serait-elle pas, certainement davantage que quiconque, tenue \u00e0 l\u2019obligation de r\u00e9serve en semblables circonstances.<\/span><\/p>\n<p align=\"JUSTIFY\">\n<p align=\"JUSTIFY\"><span style=\"font-size: large;\">Monsieur HOLLANDE qui semble tenir \u00e0 sa Ministre davantage qu\u2019\u00e0 la prunelle de ses yeux, fera-t-il et l\u2019aveugle et le muet et le sourd devant le risque de voir la France davantage d\u00e9consid\u00e9r\u00e9e par ses meilleurs alli\u00e9s, voire par le Concert des Nations en conservant \u00e0 Christiane TAUBIRA la valeur ajout\u00e9e que concr\u00e9tise son Minist\u00e8re.<\/span><\/p>\n<p align=\"JUSTIFY\">\n<p align=\"JUSTIFY\"><span style=\"font-size: large;\">Car il y a de ces poissons difficiles \u00e0 noyer dans l\u2019amalgame, car quoi qu\u2019on fasse, <\/span><span style=\"font-family: Arial, sans-serif;\"><span style=\"font-size: large;\"><em>there is their smelling that lingers whaterver you do and everywhere, as well<\/em><\/span><\/span><span style=\"font-size: large;\">.<\/span><\/p>\n<p align=\"JUSTIFY\">\n<p align=\"JUSTIFY\">\n<p align=\"JUSTIFY\">\n<p align=\"JUSTIFY\"><span style=\"font-family: 'Comic Sans MS', cursive;\"><span style=\"font-size: large;\">Il convient d\u00e8s lors de les traiter selon les r\u00e8gles du Bon Droit<\/span><\/span><span style=\"font-size: large;\">, <\/span><span style=\"font-family: 'Comic Sans MS', cursive;\"><span style=\"font-size: large;\">avec<\/span><\/span><span style=\"font-family: Arial, sans-serif;\"><span style=\"font-size: large;\"><em>fair play<\/em><\/span><\/span><span style=\"font-family: 'Comic Sans MS', cursive;\"><span style=\"font-size: large;\">mais sans pirouette, sans d\u00e9tours, sans plongeon en eau trouble, comme il faut tout simplement, autrement dit, conform\u00e9ment \u00e0 un Protocole que le laisser-aller et le Tout\u2019Mondisme ne doivent pas faire ignorer. <\/span><\/span><\/p>\n<p align=\"JUSTIFY\">\n<p align=\"JUSTIFY\">\n<p align=\"CENTER\">\n<p align=\"CENTER\"><img loading=\"lazy\" decoding=\"async\" class=\"aligncenter size-medium wp-image-11109\" title=\"Tubira\" src=\"http:\/\/www.lecarrefourdesopinions.ca\/wp-content\/uploads\/2014\/12\/Tubira-300x208.jpg\" alt=\"\" width=\"300\" height=\"208\" srcset=\"https:\/\/www.lecarrefourdesopinions.ca\/wp-content\/uploads\/2014\/12\/Tubira-300x208.jpg 300w, https:\/\/www.lecarrefourdesopinions.ca\/wp-content\/uploads\/2014\/12\/Tubira-1024x712.jpg 1024w, https:\/\/www.lecarrefourdesopinions.ca\/wp-content\/uploads\/2014\/12\/Tubira-400x278.jpg 400w, https:\/\/www.lecarrefourdesopinions.ca\/wp-content\/uploads\/2014\/12\/Tubira.jpg 1200w\" sizes=\"auto, (max-width: 300px) 100vw, 300px\" \/><\/p>\n<p align=\"CENTER\"><span style=\"font-size: large;\"><strong>F2\u00a0:<\/strong><\/span><span style=\"color: #c00000;\"><span style=\"font-size: large;\"><em>Try to mind your own business\u00a0!<\/em><\/span><\/span><\/p>\n<p lang=\"en-US\" align=\"JUSTIFY\">\n<p align=\"JUSTIFY\"><span style=\"font-family: 'Comic Sans MS', cursive;\"><span style=\"font-size: large;\">TAUBIRA n\u2019est pas une Ministre pour la France, point n\u2019est besoin que l\u2019Oncle Sam nous le dise, sans compter que les USA ont moins besoin de donneurs de le\u00e7ons que ne se complaisent \u00e0 le croire ceux qui ont autre chose \u00e0 faire, que de leur jeter la pierre<\/span><\/span><span style=\"font-size: large;\">.<\/span><\/p>\n<p align=\"JUSTIFY\">\n<p lang=\"en-US\" align=\"JUSTIFY\"><span style=\"font-family: Arial, sans-serif;\"><span style=\"font-size: large;\"><em>Would they mind their own business,<\/em><\/span><\/span><\/p>\n<p align=\"JUSTIFY\"><span style=\"font-family: Arial, sans-serif;\"><span style=\"font-size: large;\"><em>They should be busy all the time<\/em><\/span><\/span><span style=\"font-size: large;\">.<\/span><\/p>\n<p lang=\"en-US\" align=\"JUSTIFY\">\n<p align=\"JUSTIFY\"><span style=\"font-size: large;\">\u00c9ric E.G. NOGARD<\/span><\/p>\n<p>&nbsp;<\/p>\n<p align=\"CENTER\">\n<p align=\"CENTER\"><span style=\"font-size: large;\">*** *** ***<\/span><\/p>\n<p>&nbsp;<\/p>\n<p><span style=\"color: #ff0000;\"><span style=\"font-size: large;\"><strong>Nota : <\/strong><\/span><\/span><span style=\"color: #000000;\"><span style=\"font-size: large;\">Nous ne traitons que de Faits et de Noms rendus Publics.<\/span><\/span><\/p>\n<p align=\"CENTER\">\n<p align=\"CENTER\"><span style=\"color: #000000;\"><span style=\"font-size: large;\">*** *** ***<\/span><\/span><\/p>\n<p align=\"CENTER\">\n<p align=\"JUSTIFY\">\n<p align=\"JUSTIFY\"><span style=\"font-size: large;\"><strong>N.B.:<\/strong><\/span><span style=\"font-size: large;\"> &#8211; <\/span><span style=\"color: #c00000;\"><span style=\"font-family: 'Comic Sans MS', cursive;\"><span style=\"font-size: large;\">Nous Recommandons instamment et syst\u00e9matiquement l\u2019ouverture de la (ou des) pi\u00e8ce(s) jointe(s) \u00e0 l\u2019e-mail, sous format Pdf, <\/span><\/span><\/span><span style=\"color: #c00000;\"><span style=\"font-family: 'Comic Sans MS', cursive;\"><span style=\"font-size: large;\"><span style=\"text-decoration: underline;\">les illustrations y sont incluses<\/span><\/span><\/span><\/span><span style=\"color: #c00000;\"><span style=\"font-family: 'Comic Sans MS', cursive;\"><span style=\"font-size: large;\">.<\/span><\/span><\/span><\/p>\n<p align=\"JUSTIFY\">\n<p align=\"CENTER\">\n<p align=\"CENTER\"><span style=\"font-size: large;\"><strong>*** *** ***<\/strong><\/span><\/p>\n<p align=\"JUSTIFY\">\n<p align=\"CENTER\"><strong><span style=\"color: #632423;\">Avis de vente de M\u00e9moire.<\/span><\/strong><\/p>\n<p align=\"JUSTIFY\">\n<p align=\"JUSTIFY\">\n<p align=\"JUSTIFY\"><strong><span style=\"color: #0000ff;\"><span style=\"font-family: Arial, sans-serif;\">Demandez le M\u00e9moire de \u00ab\u00a0<\/span><span style=\"font-family: Arial, sans-serif;\"><em>Martinique Province Fran\u00e7aise d\u2019Am\u00e9rique<\/em><\/span><span style=\"font-family: Arial, sans-serif;\">\u00a0\u00bb au Front National Fran\u00e7ais.<\/span><\/span><\/strong><\/p>\n<p align=\"JUSTIFY\"><strong><span style=\"color: #0000ff;\">\u00a0<\/span><\/strong><\/p>\n<p align=\"JUSTIFY\"><strong><span style=\"color: #0000ff;\"><span style=\"font-family: Arial, sans-serif;\">Eu \u00e9gard \u00e0 l\u2019Ind\u00e9pendance et \u00e0 la Justesse de son analyse, il vaut pour tout Parti du Spectre Politique Fran\u00e7ais<\/span>.<\/span><\/strong><\/p>\n<p align=\"JUSTIFY\"><strong><span style=\"color: #0000ff;\">\u00a0<\/span><\/strong><\/p>\n<p align=\"JUSTIFY\"><strong><span style=\"color: #0000ff;\">Il est au prix de Vingt Cinq Euros Net (25,00 \u20acuros Net). Port gratuit par courrier postal ordinaire. Port forfaitaire de 7,50 \u20acuros par courrier recommand\u00e9 suivi. R\u00e8glement par tout moyen de paiement \u00e0 l\u2019ordre d\u2019\u00c9ric E.G. NOGARD.<\/span><\/strong><\/p>\n<p align=\"JUSTIFY\"><strong><span style=\"color: #0000ff;\">\u00a0<\/span><\/strong><\/p>\n<p align=\"CENTER\"><strong><span style=\"color: #0000ff;\">Ne Peut \u00eatre reproduit &#8211; m\u00eame partiellement &#8211; sans l\u2019autorisation de l\u2019Auteur.<\/span><\/strong><\/p>\n<p><strong><span style=\"color: #0000ff;\">\u00a0<\/span><\/strong><\/p>\n<p align=\"JUSTIFY\"><strong><span style=\"color: #0000ff;\">\u00a0<\/span><\/strong><\/p>\n<p align=\"JUSTIFY\"><strong><span style=\"text-decoration: underline; color: #0000ff;\">Liens Sugg\u00e9r\u00e9s\u00a0:<\/span><\/strong><\/p>\n<p align=\"JUSTIFY\"><strong><span style=\"color: #0000ff;\">\u00a0<\/span><\/strong><\/p>\n<ul>\n<li>\n<p align=\"JUSTIFY\"><strong><span style=\"color: #0000ff;\"><span style=\"text-decoration: underline;\"><a href=\"http:\/\/www.lecarrefourdesopinions.ca\/\" target=\"_blank\"><span style=\"color: #0000ff; text-decoration: underline;\">http:\/\/www.lecarrefourdesopinions.ca<\/span><\/a><\/span><\/span><\/strong><\/p>\n<\/li>\n<li>\n<p align=\"JUSTIFY\"><strong><span style=\"color: #0000ff;\"><span style=\"text-decoration: underline;\"><a href=\"http:\/\/www.lescrutateur.com\/\"><span style=\"color: #0000ff; text-decoration: underline;\">http:\/\/www.lescrutateur.com\/<\/span><\/a><\/span><\/span><\/strong><\/p>\n<\/li>\n<li>\n<p align=\"JUSTIFY\"><strong><span style=\"color: #0000ff;\"><span style=\"text-decoration: underline;\"><a href=\"http:\/\/www.etatsgenerauxdeloutremer.fr\/reflexions\"><span style=\"color: #0000ff; text-decoration: underline;\">http:\/\/www.etatsgenerauxdeloutremer.fr\/reflexions<\/span><\/a><\/span><\/span><\/strong><\/p>\n<\/li>\n<\/ul>\n<p align=\"CENTER\"><strong><span style=\"color: #0000ff;\">\u00a0<\/span><\/strong><\/p>\n<script type=\"text\/javascript\">\n\nvar addthis_config = {\"data_track_clickback\":false,\"data_track_addressbar\":false,\"data_track_textcopy\":false};\n<\/script><script type=\"text\/javascript\" src=\"\/\/s7.addthis.com\/js\/250\/addthis_widget.js#pubid=f084fdfbcefba74c78dfad3bbc873ffd\"><\/script>","protected":false},"excerpt":{"rendered":"<p align=\"CENTER\">\n<p align=\"CENTER\"><span style=\"color: #000099;\"><span style=\"font-size: x-large;\">L\u2019Oncle Sam a distingu\u00e9 entre l\u2019individu et la Ministre.<\/span><\/span><\/p>\n<p align=\"CENTER\">\n<p align=\"CENTER\"><span style=\"color: #000099;\"><span>=====<\/span><\/span><\/p>\n<p align=\"JUSTIFY\">\u00a0<\/p>\n<p align=\"JUSTIFY\">\n<p align=\"JUSTIFY\"><span style=\"color: #632423;\"><span style=\"font-family: 'Comic Sans MS', cursive;\"><span style=\"font-size: large;\">\u00c9ric E.G. NOGARD<\/span><\/span><\/span><\/p>\n<p align=\"JUSTIFY\"><span style=\"color: #c00000;\"><span style=\"font-size: large;\">Le petit Chroniqueur<\/span><\/span><span style=\"color: #c00000;\"><span style=\"font-size: large;\">.<\/span><\/span><\/p>\n<p style=\"text-align: center;\">\n<p align=\"CENTER\"><span style=\"font-size: large;\">*** *** ***<\/span><\/p>\n<p>&nbsp;<\/p>\n<p>\u00a0<span style=\"font-size: 13px;\">\u00a0<\/span><\/p>\n<p align=\"JUSTIFY\"><span style=\"font-size: large;\">F1\u00a0:<\/span><span style=\"color: #c00000;\"><span style=\"font-size: large;\">Vous lui avez donn\u00e9 une valeur ajout\u00e9e qui fait d\u2019elle la France Monsieur HOLLANDE.<\/span><\/span>&hellip;<\/p>\n","protected":false},"author":1,"featured_media":0,"comment_status":"open","ping_status":"open","sticky":false,"template":"","format":"standard","meta":{"footnotes":""},"categories":[1],"tags":[],"class_list":["post-11107","post","type-post","status-publish","format-standard","hentry","category-accueil"],"_links":{"self":[{"href":"https:\/\/www.lecarrefourdesopinions.ca\/index.php?rest_route=\/wp\/v2\/posts\/11107","targetHints":{"allow":["GET"]}}],"collection":[{"href":"https:\/\/www.lecarrefourdesopinions.ca\/index.php?rest_route=\/wp\/v2\/posts"}],"about":[{"href":"https:\/\/www.lecarrefourdesopinions.ca\/index.php?rest_route=\/wp\/v2\/types\/post"}],"author":[{"embeddable":true,"href":"https:\/\/www.lecarrefourdesopinions.ca\/index.php?rest_route=\/wp\/v2\/users\/1"}],"replies":[{"embeddable":true,"href":"https:\/\/www.lecarrefourdesopinions.ca\/index.php?rest_route=%2Fwp%2Fv2%2Fcomments&post=11107"}],"version-history":[{"count":2,"href":"https:\/\/www.lecarrefourdesopinions.ca\/index.php?rest_route=\/wp\/v2\/posts\/11107\/revisions"}],"predecessor-version":[{"id":11137,"href":"https:\/\/www.lecarrefourdesopinions.ca\/index.php?rest_route=\/wp\/v2\/posts\/11107\/revisions\/11137"}],"wp:attachment":[{"href":"https:\/\/www.lecarrefourdesopinions.ca\/index.php?rest_route=%2Fwp%2Fv2%2Fmedia&parent=11107"}],"wp:term":[{"taxonomy":"category","embeddable":true,"href":"https:\/\/www.lecarrefourdesopinions.ca\/index.php?rest_route=%2Fwp%2Fv2%2Fcategories&post=11107"},{"taxonomy":"post_tag","embeddable":true,"href":"https:\/\/www.lecarrefourdesopinions.ca\/index.php?rest_route=%2Fwp%2Fv2%2Ftags&post=11107"}],"curies":[{"name":"wp","href":"https:\/\/api.w.org\/{rel}","templated":true}]}}