{"id":11095,"date":"2014-12-04T09:22:22","date_gmt":"2014-12-04T14:22:22","guid":{"rendered":"http:\/\/www.lecarrefourdesopinions.ca\/?p=11095"},"modified":"2014-12-04T09:22:22","modified_gmt":"2014-12-04T14:22:22","slug":"apres-la-desertion-de-bergeron","status":"publish","type":"post","link":"https:\/\/www.lecarrefourdesopinions.ca\/?p=11095","title":{"rendered":"Apr\u00e8s la d\u00e9sertion de Bergeron,"},"content":{"rendered":"<p style=\"text-align: center;\"><span><strong>Apr\u00e8s la d\u00e9sertion de Bergeron, Projet Montr\u00e9al <\/strong><\/span><\/p>\n<p style=\"text-align: center;\"><span><strong>saura-t-il se donner un nouveau souffle ?<\/strong><\/span><\/p>\n<p>&nbsp;<\/p>\n<p style=\"font-size: 12.8000001907349px;\"><img decoding=\"async\" class=\"alignleft size-full wp-image-10212\" style=\"font-size: 12.8000001907349px;\" title=\"Photo Paul Cliche\" src=\"http:\/\/www.lecarrefourdesopinions.ca\/wp-content\/uploads\/2013\/10\/Photo-Paul-Cliche.bmp\" alt=\"\" \/><\/p>\n<div><\/div>\n<p><span style=\"color: #800000;\"><span style=\"font-size: 13px;\">\u00a0<\/span><em>par\u00a0Paul Cliche<\/em><\/span><\/p>\n<p>La cour assidue qu\u2019a livr\u00e9e depuis de nombreux mois au maire Denis Coderre le chef de l\u2019opposition \u00e0 l\u2019H\u00f4tel de ville de Montr\u00e9al et chef de Projet Montr\u00e9al, Richard Bergeron, vient donc de lui valoir une place au comit\u00e9 ex\u00e9cutif. Malheureusement cette situation de conflit d\u2019int\u00e9r\u00eats a fait en sorte qu\u2019il n\u2019a pas rempli de fa\u00e7on satisfaisante le r\u00f4le de principal chien de garde de l\u2019administration que les \u00e9lecteurs lui avaient confi\u00e9 en novembre 2013. \u00abIl a baiss\u00e9 la garde sur un paquet d\u2019enjeux\u00bb, estime son successeur, Luc Ferrandez, qui lui reproche \u00e9galement d\u2019avoir \u00abpouss\u00e9 trop loin\u00bb ses \u00e9loges \u00e0 l\u2019\u00e9gard du travail accompli par le maire qu\u2019il voit comme un de ses amis.<\/p>\n<p>&nbsp;<\/p>\n<p style=\"text-align: justify;\">Comme sous l\u2019administration de l\u2019ex-maire G\u00e9rald Tremblay, c\u2019est \u00e0 titre d\u2019expert en transport urbain que Bergeron entre au comit\u00e9 ex\u00e9cutif. Son premier mandat consistera \u00e0 prendre les moyens pour acc\u00e9l\u00e9rer l\u2019implantation d\u2019un syst\u00e8me l\u00e9ger sur rail (SLR) sur le pont Champlain et au centre-ville de Montr\u00e9al de telle fa\u00e7on que ce dernier soit mis en service simultan\u00e9ment au nouveau pont en d\u00e9cembre 1918. En 2009, Bergeron s\u2019\u00e9tait vu confier le dossier de l\u2019\u00e9changeur Turcot mais, l\u00e2ch\u00e9 par le maire qui avait capitul\u00e9 devant le gouvernement Charest, il n\u2019avait pu le mener \u00e0 bien. Qu\u2019arrivera-t-il cette fois-ci ? Le maire Coderre, qui n\u2019est pas reconnu comme un grand d\u00e9fenseur de ce mode de transport, le soutiendra-t-il jusqu\u2019au bout malgr\u00e9 les obstacles ?<\/p>\n<p>&nbsp;<\/p>\n<p style=\"text-align: justify;\">Mais le nouveau chef de l\u2019opposition croit que Bergeron est pr\u00eat \u00e0 \u00abavaler plusieurs couleuvres\u00bb pour arriver \u00e0 ses fins, soit le SLR et le recouvrement de l\u2019autoroute Ville-Marie. Persuad\u00e9 qu\u2019il va \u00abmettre beaucoup d\u2019eau dans son vin\u00a0\u00bb Ferrandez l\u2019avertit toutefois que la ligne de d\u00e9marcation est la r\u00e9forme des budgets d\u2019arrondissements propos\u00e9 par l\u2019administration \u00e0 laquelle il s\u2019oppose vigoureusement en tant que maire de l\u2019arrondissement du Plateau-Mont-Royal appuy\u00e9 d\u2019ailleurs par de nombreux autres \u00e9lus.<\/p>\n<p>&nbsp;<\/p>\n<p style=\"text-align: center;\"><strong>Projet Montr\u00e9al doit revenir aux sources<\/strong><\/p>\n<p>&nbsp;<\/p>\n<p style=\"text-align: justify;\">En 2004, Projet Montr\u00e9al a \u00e9t\u00e9 fond\u00e9 sur des principes de d\u00e9veloppement urbain durable et de r\u00e9formes d\u00e9mocratiques autant sous l\u2019aspect de la participation citoyenne que de la repr\u00e9sentation \u00e9lectorale. Sa plateforme \u00e9lectorale de 2005, qui proposait des r\u00e9formes institutionnelles et des mesures de planification urbaine, en t\u00e9moignait \u00e9loquemment. Dans la plateforme \u00e9lectorale de 2013 on a toutefois observ\u00e9 des reculs importants. Tel que l\u2019a not\u00e9 Jonathan Durand-Folco sur son site <em>Ekopolitica, <\/em>les deux principaux reculs renvoient \u00e0 la marginalisation de la question sociale et de la d\u00e9mocratie participative au profit de la gouvernance et de l\u2019\u00e9conomie verte. Exit notamment des r\u00e9formes importantes comme l\u2019instauration d\u2019un mode de scrutin proportionnel, la cr\u00e9ation de conseils de quartiers et l\u2019implantation de budgets participatifs au niveau des arrondissements comme de la ville. Dans la mouture de 2013, con\u00e7ue par la colisti\u00e8re de Bergeron, Janine Krieber (conjointe de l\u2019ex-chef lib\u00e9ral St\u00e9phane Dion) on se concentre plut\u00f4t sur la r\u00e9vision de la gouvernance de Montr\u00e9al et des arrondissements et sur le principe du gouvernement ouvert (acc\u00e8s num\u00e9rique aux donn\u00e9es de la ville).<\/p>\n<p>Suite au d\u00e9part de son fondateur, qui \u00e9tait devenu un boulet sous bien des aspects, il est urgent que Projet Montr\u00e9al donne un coup de barre significatif pour redevenir le parti progressiste qu\u2019il \u00e9tait lors de sa fondation. Sinon il deviendra imp\u00e9ratif qu\u2019une nouvelle vague de militant.e.s de gauche lance un parti municipal v\u00e9ritablement progressiste et solidaire.<\/p>\n<p>&nbsp;<\/p>\n<p><em><strong>Paul Cliche, membre fondateur de Projet Montr\u00e9al et ex-conseiller municipal du RCM<\/strong><\/em><\/p>\n<p>&nbsp;<\/p>\n<p>&nbsp;<\/p>\n<p>&nbsp;<\/p>\n<p>&nbsp;<\/p>\n<p>&nbsp;<\/p>\n<p>.<\/p>\n<p>&nbsp;<\/p>\n<script type=\"text\/javascript\">\n\nvar addthis_config = {\"data_track_clickback\":false,\"data_track_addressbar\":false,\"data_track_textcopy\":false};\n<\/script><script type=\"text\/javascript\" src=\"\/\/s7.addthis.com\/js\/250\/addthis_widget.js#pubid=f084fdfbcefba74c78dfad3bbc873ffd\"><\/script>","protected":false},"excerpt":{"rendered":"<p style=\"text-align: center;\"><span>Apr\u00e8s la d\u00e9sertion de Bergeron, Projet Montr\u00e9al <\/span><\/p>\n<p style=\"text-align: center;\"><span>saura-t-il se donner un nouveau souffle ?<\/span><\/p>\n<p>&nbsp;<\/p>\n<p style=\"font-size: 12.8000001907349px;\">\n<p><span style=\"color: #800000;\"><span style=\"font-size: 13px;\">\u00a0<\/span>par\u00a0Paul Cliche<\/span><\/p>\n<p>La cour assidue qu\u2019a livr\u00e9e depuis de nombreux mois au maire Denis Coderre le chef de l\u2019opposition \u00e0 l\u2019H\u00f4tel &hellip;<\/p>\n","protected":false},"author":1,"featured_media":0,"comment_status":"open","ping_status":"open","sticky":false,"template":"","format":"standard","meta":{"footnotes":""},"categories":[1],"tags":[],"class_list":["post-11095","post","type-post","status-publish","format-standard","hentry","category-accueil"],"_links":{"self":[{"href":"https:\/\/www.lecarrefourdesopinions.ca\/index.php?rest_route=\/wp\/v2\/posts\/11095","targetHints":{"allow":["GET"]}}],"collection":[{"href":"https:\/\/www.lecarrefourdesopinions.ca\/index.php?rest_route=\/wp\/v2\/posts"}],"about":[{"href":"https:\/\/www.lecarrefourdesopinions.ca\/index.php?rest_route=\/wp\/v2\/types\/post"}],"author":[{"embeddable":true,"href":"https:\/\/www.lecarrefourdesopinions.ca\/index.php?rest_route=\/wp\/v2\/users\/1"}],"replies":[{"embeddable":true,"href":"https:\/\/www.lecarrefourdesopinions.ca\/index.php?rest_route=%2Fwp%2Fv2%2Fcomments&post=11095"}],"version-history":[{"count":2,"href":"https:\/\/www.lecarrefourdesopinions.ca\/index.php?rest_route=\/wp\/v2\/posts\/11095\/revisions"}],"predecessor-version":[{"id":11103,"href":"https:\/\/www.lecarrefourdesopinions.ca\/index.php?rest_route=\/wp\/v2\/posts\/11095\/revisions\/11103"}],"wp:attachment":[{"href":"https:\/\/www.lecarrefourdesopinions.ca\/index.php?rest_route=%2Fwp%2Fv2%2Fmedia&parent=11095"}],"wp:term":[{"taxonomy":"category","embeddable":true,"href":"https:\/\/www.lecarrefourdesopinions.ca\/index.php?rest_route=%2Fwp%2Fv2%2Fcategories&post=11095"},{"taxonomy":"post_tag","embeddable":true,"href":"https:\/\/www.lecarrefourdesopinions.ca\/index.php?rest_route=%2Fwp%2Fv2%2Ftags&post=11095"}],"curies":[{"name":"wp","href":"https:\/\/api.w.org\/{rel}","templated":true}]}}