{"id":11093,"date":"2014-12-15T15:34:12","date_gmt":"2014-12-15T20:34:12","guid":{"rendered":"http:\/\/www.lecarrefourdesopinions.ca\/?p=11093"},"modified":"2014-12-15T15:34:12","modified_gmt":"2014-12-15T20:34:12","slug":"projets-petroliers-et-desinformation","status":"publish","type":"post","link":"https:\/\/www.lecarrefourdesopinions.ca\/?p=11093","title":{"rendered":"Projets p\u00e9troliers et d\u00e9sinformation"},"content":{"rendered":"<p style=\"text-align: center;\"><span style=\"font-size: medium;\">Projets p\u00e9troliers et d\u00e9sinformation<\/span><\/p>\n<p><span style=\"font-size: medium; color: #800000;\"><img loading=\"lazy\" decoding=\"async\" class=\"alignleft size-thumbnail wp-image-10846\" title=\"Louise Morand\" src=\"http:\/\/www.lecarrefourdesopinions.ca\/wp-content\/uploads\/2014\/07\/Louise-Morand-134x107.png\" alt=\"\" width=\"134\" height=\"107\" \/>par Louise Morand<\/span><\/p>\n<p style=\"text-align: justify;\"><span style=\"font-size: medium;\">Qu\u2019est-ce qu\u2019un fleuve? Pour la pr\u00e9sidente de la F\u00e9d\u00e9ration des chambres de commerce du Qu\u00e9bec, Mme\u00a0Fran\u00e7oise Bertrand, le fleuve Saint-Laurent est avant tout \u00abune voie navigable\u00bb<\/span><sup><span style=\"font-size: medium;\"><a name=\"sdfootnote1anc\" href=\"#sdfootnote1sym\"><\/a><sup>1<\/sup><\/span><\/sup><span style=\"font-size: medium;\">. Ce point de vue est partag\u00e9 par le chroniqueur de <\/span><span style=\"font-size: medium;\"><em>La\u00a0Presse<\/em><\/span><span style=\"font-size: medium;\">, M.\u00a0Alain Dubuc qui \u00e9crit: \u00ab\u00c7a c\u2019est le fleuve aujourd\u2019hui. Une voie de circulation maritime majeure o\u00f9, depuis des ann\u00e9es, on compte des centaines de p\u00e9troliers\u00bb<\/span><sup><span style=\"font-size: medium;\"> <a name=\"sdfootnote2anc\" href=\"#sdfootnote2sym\"><\/a><sup>2<\/sup><\/span><\/sup><span style=\"font-size: medium;\">. Ces deux commentateurs ont en commun la d\u00e9fense des int\u00e9r\u00eats de l\u2019industrie p\u00e9troli\u00e8re et de ses projets de pipelines visant \u00e0 exporter le p\u00e9trole des sables bitumineux par la route maritime du Qu\u00e9bec.<\/span><\/p>\n<p style=\"text-align: justify;\">\n<p style=\"text-align: justify;\">\n<p style=\"text-align: justify;\"><span style=\"font-size: medium;\">M.\u00a0Dubuc qualifie l\u2019industrie des sables bitumineux de \u00absymbole\u00bb (de quoi?) et consid\u00e8re les opposants aux nouveaux projets de transport p\u00e9trolier sur le Saint-Laurent comme des ignorants qui entretiennent une \u00abvision romantique du fleuve\u00bb. Mme\u00a0Bertrand qualifie de \u00abvision obscurantiste de l\u2019acceptabilit\u00e9 sociale\u00bb la volont\u00e9 d\u2019exclure de la navigation fluviale les produits jug\u00e9s \u00abind\u00e9sirables\u00bb.<\/span><\/p>\n<p style=\"text-align: justify;\">\n<p style=\"text-align: justify;\">\n<p style=\"text-align: justify;\"><span style=\"font-size: medium;\">Si nous \u00e9largissons notre champ d\u2019int\u00e9r\u00eat au-del\u00e0 des profits li\u00e9s \u00e0 l\u2019extraction et le transport d\u2019hydrocarbures pour y inclure, par exemple, les besoins humains fondamentaux et ceux des autres esp\u00e8ces vivantes, la qualit\u00e9 de la vie en plein air, les ressources de la chasse et de la p\u00eache, le tourisme, les technologies propres et la d\u00e9mocratie, le fleuve Saint-Laurent acquiert une dimension beaucoup plus vaste. Il devient un \u00e9cosyst\u00e8me riche, complexe et fragile.<\/span><\/p>\n<p style=\"text-align: justify;\">\n<p style=\"text-align: justify;\">\n<p style=\"text-align: justify;\"><span style=\"font-size: medium;\">Les \u00e9tudes scientifiques qui parlent du fleuve r\u00e9v\u00e8lent, entre autres, que le Saint-Laurent souffre d&rsquo;hypoxie<\/span><sup><span style=\"font-size: medium;\"><a name=\"sdfootnote3anc\" href=\"#sdfootnote3sym\"><\/a><sup>3<\/sup><\/span><\/sup><span style=\"font-size: medium;\">, c&rsquo;est-\u00e0-dire qu&rsquo;il est progressivement asphyxi\u00e9 par l\u2019activit\u00e9 humaine et les effets du r\u00e9chauffement climatique. D\u00e9j\u00e0 les poissons de fond, comme les morues, d\u00e9sertent la zone entre Tadoussac et les eaux au large de Rimouski qui manquent d\u2019oxyg\u00e8ne. Le taux d\u2019acidification de l\u2019eau, due \u00e0 l\u2019absorption du CO<\/span><sub><span style=\"font-size: medium;\">2<\/span><\/sub><span style=\"font-size: medium;\">produit par la combustion des \u00e9nergies fossiles, menace les populations de micro-organismes qui sont \u00e0 la base de la chaine alimentaire<\/span><sup><span style=\"font-size: medium;\"><a name=\"sdfootnote4anc\" href=\"#sdfootnote4sym\"><\/a><sup>4<\/sup><\/span><\/sup><span style=\"font-size: medium;\">. Dans tous les oc\u00e9ans, le phytoplancton, qui produit la moiti\u00e9 de l\u2019oxyg\u00e8ne de la plan\u00e8te, conna\u00eet un d\u00e9clin acc\u00e9l\u00e9r\u00e9. Les scientifiques ont enregistr\u00e9 une baisse de 40% des stocks depuis 1950<\/span><sup><span style=\"font-size: medium;\"><a name=\"sdfootnote5anc\" href=\"#sdfootnote5sym\"><\/a><sup>5<\/sup><\/span><\/sup><span style=\"color: #ff0000;\"><span style=\"font-size: medium;\">. <\/span><\/span><span style=\"font-size: medium;\">Avec l\u2019augmentation des gaz \u00e0 effets de serre (GES), c\u2019est tout l\u2019\u00e9cosyst\u00e8me marin qui est vou\u00e9 \u00e0 l\u2019effondrement, entra\u00eenant<\/span><span style=\"font-size: medium;\">les nombreuses esp\u00e8ces d\u2019oiseaux et de mammif\u00e8res qui y sont li\u00e9es. On comprend qu\u2019avec l\u2019ajout annuel des 32\u00a0millions de tonnes de CO<\/span><sub><span style=\"font-size: medium;\">2<\/span><\/sub><span style=\"font-size: medium;\"> que devrait g\u00e9n\u00e9rer le projet \u00c9nergie Est<\/span><sup><span style=\"font-size: medium;\"><a name=\"sdfootnote6anc\" href=\"#sdfootnote6sym\"><\/a><sup>6<\/sup><\/span><\/sup><span style=\"font-size: medium;\">, ce n\u2019est pas seulement notre eau potable, nos terres agricoles, l\u2019industrie de la p\u00eache et du tourisme et les b\u00e9lugas qui sont directement menac\u00e9s. C\u2019est aussi la qualit\u00e9 de l\u2019air qu\u2019on respire partout sur la plan\u00e8te et une bonne part de nos ressources alimentaires.<\/span><\/p>\n<p style=\"text-align: justify;\">\n<p style=\"text-align: justify;\">\n<p style=\"text-align: justify;\"><span style=\"font-size: medium;\">En choisissant d\u2019ignorer ces faits, M.\u00a0Dubuc et Mme\u00a0Bertrand nient la gravit\u00e9 des impacts des \u00e9missions de GES de l\u2019industrie p\u00e9troli\u00e8re. C\u2019est l\u00e0 un exemple de d\u00e9sinformation v\u00e9hicul\u00e9e par certains m\u00e9dias complaisants. Dans la guerre d\u2019opinion que livre TransCanada, par chroniqueurs interpos\u00e9s, pour faire accepter ses projets au Qu\u00e9bec, la premi\u00e8re victime est encore la v\u00e9rit\u00e9. <\/span><\/p>\n<p style=\"text-align: justify;\">\n<div id=\"sdfootnote1\" style=\"text-align: justify;\">\n<p><a name=\"sdfootnote1sym\" href=\"#sdfootnote1anc\"><\/a>1<span> F. BERTRAND. \u00abIl faut intensifier le trafic sur le Saint-Laurent\u00bb, <\/span><span><em>Le Soleil<\/em><\/span><span>, 15\u00a0novembre 2014.<\/span><\/p>\n<\/div>\n<div id=\"sdfootnote2\" style=\"text-align: justify;\">\n<p><a name=\"sdfootnote2sym\" href=\"#sdfootnote2anc\"><\/a>2<span> A. DUBUC. \u00abMaman les p\u2019tits bateaux\u2026\u00bb, <\/span><span><em>La Presse<\/em><\/span><span>, 8\u00a0novembre 2014.<\/span><\/p>\n<\/div>\n<div id=\"sdfootnote3\" style=\"text-align: justify;\">\n<p><a name=\"sdfootnote3sym\" href=\"#sdfootnote3anc\"><\/a>3<span> P\u00caCHES ET OC\u00c9ANS CANADA. <\/span><span><em>Les \u00abzones mortes\u00bb vont-elles s&rsquo;\u00e9tendre dans le fleuve Saint-Laurent?<\/em><\/span><span>, <\/span><span style=\"color: #0000ff;\"><a href=\"https:\/\/exchange.mcgill.ca\/owa\/redir.aspx?C=_CT784vI1E6Ktx9TAxEj-naaZLAp29EI5wcnTDb5Edrr74c_RGeXMFKJHs60sU2iVO6gHOEhPuc.&amp;URL=http%3A%2F%2Fwww.dfo-mpo.gc.ca%2Fscience%2FPublications%2Farticle%2F2005%2F01-12-2005-fra.htm\" target=\"_blank\"><span style=\"color: #000000;\"><span>http:\/\/www.dfo-mpo.gc.ca\/science\/Publications\/article\/2005\/01-12-2005-fra.htm<\/span><\/span><\/a><\/span><\/p>\n<\/div>\n<div id=\"sdfootnote4\" style=\"text-align: justify;\">\n<p><a name=\"sdfootnote4sym\" href=\"#sdfootnote4anc\"><\/a>4<span> A. SHIELDS. Le Saint-Laurent \u00e9touff\u00e9 par l\u2019acidification, <\/span><span><em>Le Devoir<\/em><\/span><span>, 12\u00a0juin 2014.<\/span><\/p>\n<\/div>\n<div id=\"sdfootnote5\" style=\"text-align: justify;\">\n<p lang=\"fr-CA\"><span style=\"color: #000000;\"><span style=\"font-family: Calibri, sans-serif;\"><span style=\"font-size: small;\"><a name=\"sdfootnote5sym\" href=\"#sdfootnote5anc\"><\/a>5<span> \u00ab<\/span><span style=\"font-family: 'Times New Roman', serif;\"><span style=\"font-size: xx-large;\"><span style=\"font-family: Calibri, sans-serif;\"><span>Les niveaux de plancton dans les oc\u00e9ans diminuent brusquement\u00bb, <\/span><\/span><\/span><\/span><a href=\"http:\/\/www.ledevoir.com\/auteur\/associated-press\"><span><em>Associated Press<\/em><\/span><\/a><span>, 29\u00a0juillet 2010.<\/span><\/span><\/span><\/span><\/p>\n<\/div>\n<div id=\"sdfootnote6\">\n<p style=\"text-align: justify;\" lang=\"fr-CA\"><span style=\"color: #000000;\"><span style=\"font-family: Calibri, sans-serif;\"><span style=\"font-size: small;\"><a name=\"sdfootnote6sym\" href=\"#sdfootnote6anc\"><\/a>6<span> INSTITUT PEMBINA. <\/span><span><em>Climate Implications of the Proposed Energy East Pipeline<\/em><\/span><span>, [http:\/\/www.pembina.org\/reports\/energy-east-climate-implications.pdf]<\/span><\/span><\/span><\/span><\/p>\n<\/div>\n<script type=\"text\/javascript\">\n\nvar addthis_config = {\"data_track_clickback\":false,\"data_track_addressbar\":false,\"data_track_textcopy\":false};\n<\/script><script type=\"text\/javascript\" src=\"\/\/s7.addthis.com\/js\/250\/addthis_widget.js#pubid=f084fdfbcefba74c78dfad3bbc873ffd\"><\/script>","protected":false},"excerpt":{"rendered":"<p style=\"text-align: center;\"><span style=\"font-size: medium;\">Projets p\u00e9troliers et d\u00e9sinformation<\/span><\/p>\n<p><span style=\"font-size: medium; color: #800000;\">par Louise Morand<\/span><\/p>\n<p style=\"text-align: justify;\"><span style=\"font-size: medium;\">Qu\u2019est-ce qu\u2019un fleuve? Pour la pr\u00e9sidente de la F\u00e9d\u00e9ration des chambres de commerce du Qu\u00e9bec, Mme\u00a0Fran\u00e7oise Bertrand, le fleuve Saint-Laurent est avant tout \u00abune voie navigable\u00bb<\/span><sup><span style=\"font-size: medium;\"><sup>1<\/sup><\/span><\/sup><span style=\"font-size: medium;\">. Ce <\/span>&hellip;<\/p>\n","protected":false},"author":1,"featured_media":0,"comment_status":"open","ping_status":"open","sticky":false,"template":"","format":"standard","meta":{"footnotes":""},"categories":[1],"tags":[],"class_list":["post-11093","post","type-post","status-publish","format-standard","hentry","category-accueil"],"_links":{"self":[{"href":"https:\/\/www.lecarrefourdesopinions.ca\/index.php?rest_route=\/wp\/v2\/posts\/11093","targetHints":{"allow":["GET"]}}],"collection":[{"href":"https:\/\/www.lecarrefourdesopinions.ca\/index.php?rest_route=\/wp\/v2\/posts"}],"about":[{"href":"https:\/\/www.lecarrefourdesopinions.ca\/index.php?rest_route=\/wp\/v2\/types\/post"}],"author":[{"embeddable":true,"href":"https:\/\/www.lecarrefourdesopinions.ca\/index.php?rest_route=\/wp\/v2\/users\/1"}],"replies":[{"embeddable":true,"href":"https:\/\/www.lecarrefourdesopinions.ca\/index.php?rest_route=%2Fwp%2Fv2%2Fcomments&post=11093"}],"version-history":[{"count":2,"href":"https:\/\/www.lecarrefourdesopinions.ca\/index.php?rest_route=\/wp\/v2\/posts\/11093\/revisions"}],"predecessor-version":[{"id":11138,"href":"https:\/\/www.lecarrefourdesopinions.ca\/index.php?rest_route=\/wp\/v2\/posts\/11093\/revisions\/11138"}],"wp:attachment":[{"href":"https:\/\/www.lecarrefourdesopinions.ca\/index.php?rest_route=%2Fwp%2Fv2%2Fmedia&parent=11093"}],"wp:term":[{"taxonomy":"category","embeddable":true,"href":"https:\/\/www.lecarrefourdesopinions.ca\/index.php?rest_route=%2Fwp%2Fv2%2Fcategories&post=11093"},{"taxonomy":"post_tag","embeddable":true,"href":"https:\/\/www.lecarrefourdesopinions.ca\/index.php?rest_route=%2Fwp%2Fv2%2Ftags&post=11093"}],"curies":[{"name":"wp","href":"https:\/\/api.w.org\/{rel}","templated":true}]}}