{"id":11085,"date":"2014-12-04T09:24:54","date_gmt":"2014-12-04T14:24:54","guid":{"rendered":"http:\/\/www.lecarrefourdesopinions.ca\/?p=11085"},"modified":"2014-12-04T09:24:54","modified_gmt":"2014-12-04T14:24:54","slug":"la-barbarie-un-regard-sur-notre-temps","status":"publish","type":"post","link":"https:\/\/www.lecarrefourdesopinions.ca\/?p=11085","title":{"rendered":"LA BARBARIE \u2013 UN REGARD SUR NOTRE TEMPS"},"content":{"rendered":"<p>LA BARBARIE \u2013 UN REGARD SUR NOTRE TEMPS<\/p>\n<p><span style=\"color: #800000;\"><em><img loading=\"lazy\" decoding=\"async\" class=\"alignleft size-thumbnail wp-image-10396\" title=\"photo Michel Frankland 2\" src=\"http:\/\/www.lecarrefourdesopinions.ca\/wp-content\/uploads\/2013\/12\/photo-Michel-Frankland-2-134x107.jpg\" alt=\"\" width=\"134\" height=\"107\" \/>\u00a0par\u00a0Michel Frankland<\/em><\/span><\/p>\n<p>Chaque \u00e9poque s\u2019est imagin\u00e9e \u00eatre une p\u00e9riode capitale de l\u2019histoire. Il faudrait donc relativiser les crises aussi bien que les d\u00e9couvertes bienfaisantes d\u2019une p\u00e9riode historique particuli\u00e8re.<\/p>\n<p>&nbsp;<\/p>\n<p>C\u2019est l\u00e0 mal poser le probl\u00e8me. Chaque \u00e9tape du p\u00e9riple de l\u2019humanit\u00e9 s\u2019av\u00e8re fondamental. Toute conjoncture historique met aux prises des forces antagonistes d\u2019une telle puissance qu\u2019elle d\u00e9passe les perceptions d\u2019un trop grand nombre d\u2019entre nous. Aucune p\u00e9riode de l\u2019histoire n\u2019est mineure. Chacune est, justement, \u00abhistorique\u00bb.<\/p>\n<p>Les puissances qui s\u2019affrontent, pour certains, repr\u00e9sentent le combat entre l\u2019obscurantisme et la raison. C\u2019est l\u2019interpr\u00e9tation du si\u00e8cle des Lumi\u00e8res. L\u2019\u00e9ducation g\u00e9n\u00e9ralis\u00e9e, incluant des cours sur la morale naturelle, triomphera des instincts barbares qui ont ravag\u00e9 nos villes et nos villages.<\/p>\n<p>&nbsp;<\/p>\n<p>Mais pour le chr\u00e9tien que je suis, la perspective est plus profonde. Les solutions humaines, aussi n\u00e9cessaires soient-elles, ne r\u00e9pondent pas au niveau o\u00f9 se situent l\u2019enjeu v\u00e9ritable. Mais oui, l\u2019\u00e9ducation, les mesures sociales, la m\u00e9decine pour tous, et les principes d\u00e9mocratiques de gestion collective ! Voil\u00e0 un premier \u00e9tage indispensable dans la construction de la cit\u00e9 humaine.<\/p>\n<p>&nbsp;<\/p>\n<p>Pourtant, Dosto\u00efevski nous avertit\u00a0: \u00abSi Dieu est mort, tout est permis.\u00bb L\u2019intuition de ce g\u00e9nie de la litt\u00e9rature russe r\u00e9v\u00e8le l\u2019essentiel. La pratique de la vie collective nous r\u00e9p\u00e8te inlassablement les exactions multiples de l\u2019humanit\u00e9 qui croit ne trouver qu\u2019en elle-m\u00eame la solution \u00e0 ses probl\u00e8mes. La raison de ces \u00e9checs in\u00e9luctables tient \u00e0 la <strong>nature transcendante de la morale<\/strong>. Si nous sommes l\u2019aboutissement ultime de la notion de bien, nous la ravalerons forc\u00e9ment au niveau de nos seuls int\u00e9r\u00eats.<\/p>\n<p>&nbsp;<\/p>\n<p>Il faut entretenir des illusions tenaces pour ignorer les \u00e9checs incontournables de la solution sans Dieu. L\u2019\u00eatre humain laiss\u00e9 \u00e0 lui-m\u00eame, certes, d\u00e9gage une authentique bont\u00e9. Mais aussi l\u2019instinct de domination. Celui-ci, les pages historiques en sont pleines, m\u00e8ne aux guerres, aux spoliations de toute sorte, aux diverses formes de totalitarisme politique que les journaux nous montrent p\u00e9riodiquement. Et m\u00eame, \u00e0 la pratique de l\u2019esclavage.<\/p>\n<p>&nbsp;<\/p>\n<p>L\u2019esclavage ? Vous vous rebiffez. \u00abIl n\u2019y a que quelques petits coins de la plan\u00e8te o\u00f9 cela s\u00e9vit encore, mais quand m\u00eame !\u00bb Je vous rappelle les enqu\u00eates de l\u2019ONU sur le sujet. Ses statistiques de 2013 constatent que notre fi\u00e8re humanit\u00e9 compte 29,800,000 esclaves. <strong>Le nombre d\u2019esclaves dans le monde \u00e9quivaut \u00e0 environ 75 % de la population canadienne<\/strong>. Esclaves de naissance (pratique <strong>sanctionn\u00e9e<\/strong> dans les faits par certains pays), enfants vendus par leurs parents, esclaves sexuelles \u2013 et cela, dans des pays industriels, et donc \u00abcivilis\u00e9s\u00bb\u2026Je n\u2019insiste pas sur les enfants soldats, et la pratique p\u00e9dophile du mariage forc\u00e9 de filles de neuf ans. Ces nombreuses formes d\u2019esclavage, affirme l\u2019ONU, existent sur tous les continents. \u00abS\u2019ils rejettent Dieu, disait le cur\u00e9 d\u2019Ars, bient\u00f4t ils adoreront des b\u00eates.\u00bb<\/p>\n<p>Voil\u00e0 pourquoi la morale provoque des remous chez plusieurs. J\u2019ai entendu un commentateur d\u00e9crier sa pr\u00e9sence \u00e0 une messe de minuit\u00a0: \u00abLe cur\u00e9 nous a parl\u00e9 de morale !\u00bb Et il vilipende sur les ondes une telle attitude \u00abr\u00e9trograde\u00bb. De m\u00eame, cette commentatrice qui vitup\u00e9rait contre cette d\u00e9cadence qu\u2019est la morale.<\/p>\n<p>&nbsp;<\/p>\n<p>Il me semble trop facile de pr\u00e9ciser qu\u2019ils confondent peut-\u00eatre morale et moralisme, cette derni\u00e8re notion se rapportant \u00e0 un code qu\u2019on vient superposer artificiellement sur la mouvance de la vie. Car c\u2019est la notion m\u00eame d\u2019obligation ext\u00e9rieure \u00e0 eux-m\u00eames qu\u2019ils rejettent. Passe encore l\u2019ob\u00e9issance \u00e0 des lois civiles. Ils les comprennent comme un code collectif de bonne entente. Il faut baliser les agressions, trop naturelles justement. Mais la morale, la Vraie morale, jamais de la vie !<\/p>\n<p>&nbsp;<\/p>\n<p>Nous approfondirons la notion de morale dans la deuxi\u00e8me partie. Non ! Pas question de concoctions soporifiques sur un sujet abstrait. J\u2019entends situer cette notion de fond dans le contexte de la barbarie quotidienne.<\/p>\n<p>&nbsp;<\/p>\n<p>&nbsp;<\/p>\n<p>&nbsp;<\/p>\n<p>&nbsp;<\/p>\n<p>&nbsp;<\/p>\n<script type=\"text\/javascript\">\n\nvar addthis_config = {\"data_track_clickback\":false,\"data_track_addressbar\":false,\"data_track_textcopy\":false};\n<\/script><script type=\"text\/javascript\" src=\"\/\/s7.addthis.com\/js\/250\/addthis_widget.js#pubid=f084fdfbcefba74c78dfad3bbc873ffd\"><\/script>","protected":false},"excerpt":{"rendered":"<p>LA BARBARIE \u2013 UN REGARD SUR NOTRE TEMPS<\/p>\n<p><span style=\"color: #800000;\">\u00a0par\u00a0Michel Frankland<\/span><\/p>\n<p>Chaque \u00e9poque s\u2019est imagin\u00e9e \u00eatre une p\u00e9riode capitale de l\u2019histoire. Il faudrait donc relativiser les crises aussi bien que les d\u00e9couvertes bienfaisantes d\u2019une p\u00e9riode historique particuli\u00e8re.&hellip;<\/p>\n","protected":false},"author":1,"featured_media":0,"comment_status":"open","ping_status":"open","sticky":false,"template":"","format":"standard","meta":{"footnotes":""},"categories":[1],"tags":[],"class_list":["post-11085","post","type-post","status-publish","format-standard","hentry","category-accueil"],"_links":{"self":[{"href":"https:\/\/www.lecarrefourdesopinions.ca\/index.php?rest_route=\/wp\/v2\/posts\/11085","targetHints":{"allow":["GET"]}}],"collection":[{"href":"https:\/\/www.lecarrefourdesopinions.ca\/index.php?rest_route=\/wp\/v2\/posts"}],"about":[{"href":"https:\/\/www.lecarrefourdesopinions.ca\/index.php?rest_route=\/wp\/v2\/types\/post"}],"author":[{"embeddable":true,"href":"https:\/\/www.lecarrefourdesopinions.ca\/index.php?rest_route=\/wp\/v2\/users\/1"}],"replies":[{"embeddable":true,"href":"https:\/\/www.lecarrefourdesopinions.ca\/index.php?rest_route=%2Fwp%2Fv2%2Fcomments&post=11085"}],"version-history":[{"count":2,"href":"https:\/\/www.lecarrefourdesopinions.ca\/index.php?rest_route=\/wp\/v2\/posts\/11085\/revisions"}],"predecessor-version":[{"id":11106,"href":"https:\/\/www.lecarrefourdesopinions.ca\/index.php?rest_route=\/wp\/v2\/posts\/11085\/revisions\/11106"}],"wp:attachment":[{"href":"https:\/\/www.lecarrefourdesopinions.ca\/index.php?rest_route=%2Fwp%2Fv2%2Fmedia&parent=11085"}],"wp:term":[{"taxonomy":"category","embeddable":true,"href":"https:\/\/www.lecarrefourdesopinions.ca\/index.php?rest_route=%2Fwp%2Fv2%2Fcategories&post=11085"},{"taxonomy":"post_tag","embeddable":true,"href":"https:\/\/www.lecarrefourdesopinions.ca\/index.php?rest_route=%2Fwp%2Fv2%2Ftags&post=11085"}],"curies":[{"name":"wp","href":"https:\/\/api.w.org\/{rel}","templated":true}]}}