{"id":11077,"date":"2015-01-10T09:16:26","date_gmt":"2015-01-10T14:16:26","guid":{"rendered":"http:\/\/www.lecarrefourdesopinions.ca\/?p=11077"},"modified":"2015-01-10T09:16:26","modified_gmt":"2015-01-10T14:16:26","slug":"le-grand-bluff","status":"publish","type":"post","link":"https:\/\/www.lecarrefourdesopinions.ca\/?p=11077","title":{"rendered":"Le Grand Bluff !"},"content":{"rendered":"<div><\/div>\n<div>\n<p align=\"center\"><strong><span style=\"color: #000000;\"><span style=\"font-family: 'Times New Roman', serif;\">Le Grand Bluff !<\/span><\/span><\/strong><\/p>\n<p align=\"justify\"><span style=\"color: #800000;\"><em><img loading=\"lazy\" decoding=\"async\" class=\"alignleft size-full wp-image-10358\" title=\"Serge 1\" src=\"http:\/\/www.lecarrefourdesopinions.ca\/wp-content\/uploads\/2013\/11\/Serge-1.jpg\" alt=\"\" width=\"101\" height=\"112\" \/>\u00a0<\/em><\/span><\/p>\n<p align=\"justify\">\n<p align=\"justify\">\n<p align=\"justify\"><span style=\"color: #800000;\"><em>par\u00a0Me Serge H. Mo\u00efse<\/em><\/span><\/p>\n<p align=\"JUSTIFY\"><span style=\"color: #000000;\"><span style=\"font-family: 'Times New Roman', serif;\"><span>D\u00e9j\u00e0 en 1843, Victor Sch\u0153lcher faisait le constat de la triste r\u00e9alit\u00e9 ha\u00eftienne\u00a0: Au milieu du d\u00e9sordre administratif de ce pays o\u00f9 toutes les formes emprunt\u00e9es \u00e0 la civilisation sont des simulacres\u2026<\/span><\/span><\/span><\/p>\n<p align=\"JUSTIFY\"><span style=\"color: #000000;\"><span style=\"font-family: 'Times New Roman', serif;\"><span>Gustave d\u2019Alaux, de son c\u00f4t\u00e9, affirmait, sans m\u00e9nagement aucun que si les Ha\u00eftiens \u00e9laboraient des constitutions absurdes, ils excellaient dans l\u2019art de les violer.<\/span><\/span><\/span><\/p>\n<p align=\"JUSTIFY\"><span style=\"color: #000000;\"><span style=\"font-family: 'Times New Roman', serif;\"><span>La semaine derni\u00e8re, Teddy Thomas nous rappelait les propos de ce philosophe du nom de Parm\u00e9nide, pr\u00e9curseur de Socrate, qui disait\u00a0: Plus les choses, plus elles restent les m\u00eames.<\/span><\/span><\/span><\/p>\n<p align=\"JUSTIFY\"><span style=\"color: #000000;\"><span style=\"font-family: 'Times New Roman', serif;\"><span>Durant l\u2019occupation am\u00e9ricaine, de 1915 \u00e0 1934, le colonel John Russel confiait \u00e0 ses amis que l\u2019Ha\u00eftien, quelle que soit sa formation intellectuelle a la mentalit\u00e9 d\u2019un gamin de sept ans.<\/span><\/span><\/span><\/p>\n<p align=\"JUSTIFY\"><span style=\"color: #000000;\"><span style=\"font-family: 'Times New Roman', serif;\"><span>L\u2019histoire tumultueuse de la premi\u00e8re r\u00e9publique n\u00e8gre semble s\u2019\u00eatre donn\u00e9 pour mission de confirmer ce qui pr\u00e9c\u00e8de avec une arrogance, pour le moins, d\u00e9concertante.<\/span><\/span><\/span><\/p>\n<p align=\"JUSTIFY\"><span style=\"color: #000000;\"><span style=\"font-family: 'Times New Roman', serif;\"><span>A la fin de l\u2019ann\u00e9e deux mille trois (2003), Le Nouvelliste reproduisait r\u00e9dig\u00e9 par Dr Rosalvo Bobo vers la m\u00eame p\u00e9riode de l\u2019ann\u00e9e mil neuf cent trois (1903). Ce dernier \u00e9tait d\u2019une telle acuit\u00e9 qu\u2019on aurait dit qu\u2019il venait d\u2019\u00eatre \u00e9crit. Les m\u00eames propos, mot pour mot, aurait pu \u00eatre tenus par un observateur contemporain.<\/span><\/span><\/span><\/p>\n<p align=\"JUSTIFY\"><span style=\"color: #000000;\"><span style=\"font-family: 'Times New Roman', serif;\"><span>Qui plus est, si d\u2019autres pays du tiers-monde ou du quart-monde affichent depuis un certain temps, une stagnation qui explique qu\u2019ils soient largement d\u00e9pass\u00e9s par les autres, en vertu du principe\u00a0: \u00ab qui n\u2019avance recule \u00bb Ha\u00efti pour paraphraser le professeur Leslie Manigat, recule \u00e0 vitesse vertigineuse.<\/span><\/span><\/span><\/p>\n<p align=\"JUSTIFY\"><span style=\"color: #000000;\"><span style=\"font-family: 'Times New Roman', serif;\"><span>Certains y voient une esp\u00e8ce de fatalisme, comme quoi, selon la loi du karma, pour avoir assassiner le p\u00e8re fondateur de la patrie, la famille ha\u00eftienne en paierait le prix ad vitam aeternam. D\u2019autres demeurent convaincus qu\u2019apr\u00e8s deux cent cinq ans d\u2019ind\u00e9pendance, la minuscule r\u00e9publique traine encore le poids de la soi-disant dette de l\u2019ind\u00e9pendance sous diff\u00e9rentes formes et qu\u2019elle serait victime d\u2019un complot international, avec la complicit\u00e9, cela va de soi, des Konz\u00e9, des Laquinte et autres apatrides, recrut\u00e9s dans toutes les strates sociales.<\/span><\/span><\/span><\/p>\n<p align=\"JUSTIFY\"><span style=\"color: #000000;\"><span style=\"font-family: 'Times New Roman', serif;\"><span>La version officielle de la geste h\u00e9ro\u00efque de mil huit cent quatre (1804) ne semble pas pouvoir r\u00e9sister \u00e0 l\u2019ex\u00e9g\u00e8se d\u2019un Charles Dupuy ou d\u2019autres historiens scientifiques, soucieux de l\u2019authenticit\u00e9 des faits \u00e9v\u00e9nementiels. Au fil du temps, il s\u2019est av\u00e9r\u00e9 \u00e9vident que la seule pr\u00e9occupation de nos vaillants anc\u00eatres \u00e9tait le d\u00e9part des colons esclavagistes afin de recouvrer leur libert\u00e9, mais qu\u2019il n\u2019existait pas un v\u00e9ritable projet de soci\u00e9t\u00e9 qui tienne compte de leurs sp\u00e9cificit\u00e9s propres. Vivre libre ou mourir, excellent leitmotiv, mais nettement insuffisant pour construire une nation forte et prosp\u00e8re.<\/span><\/span><\/span><\/p>\n<p align=\"JUSTIFY\"><span style=\"color: #000000;\"><span style=\"font-family: 'Times New Roman', serif;\"><span>Encore, faut-il souligner \u00e0 l\u2019eau forte, que depuis cette glorieuse victoire, haut fait d\u2019armes, s\u2019il en est, l\u00e9gitime fiert\u00e9 de tous les N\u00e8gres de la plan\u00e8te, la face du monde a chang\u00e9. Certains y voient le point de d\u00e9part de ce mouvement d\u2019\u00e9mancipation de la race qui a conduit Barack Obama \u00e0 la premi\u00e8re magistrature de la plus puissante nation du monde.<\/span><\/span><\/span><\/p>\n<p align=\"JUSTIFY\"><span style=\"color: #000000;\"><span style=\"font-family: 'Times New Roman', serif;\"><span>Au lendemain de notre ind\u00e9pendance, nos g\u00e9nies militaires qui n\u2019\u00e9taient pas des plus f\u00e9rus des sciences humaines telles la sociologie, la psycholinguistique, d\u00e9cid\u00e8rent de s\u2019approprier la langue fran\u00e7aise, la plus belle langue parl\u00e9e et \u00e9crite, selon plus d\u2019un au pays, ignorant qu\u2019une langue charrie forc\u00e9ment les valeurs culturelles du peuple qui l\u2019a invent\u00e9e. Aussi, les Ha\u00eftiens, d\u00e8s leur jeune \u00e2ge, r\u00e9citaient par c\u0153ur et \u00e0 tue-t\u00eate, les textes qui leur faisaient dire, entre autres\u00a0: nos anc\u00eatres les Gaulois ou de parler des marrons dans le pot au feu, sans avoir la moindre id\u00e9e de ce que cela pouvait \u00eatre.<\/span><\/span><\/span><\/p>\n<p align=\"JUSTIFY\"><span style=\"color: #000000;\"><span style=\"font-family: 'Times New Roman', serif;\"><span>Il s\u2019ensuivit donc une dichotomie, cr\u00e9ant par la force des choses, deux \u00ab ha\u00eftiant\u00e9s \u00bb distinctes, celle des scolaris\u00e9s \u00e0 la fran\u00e7aise et celle des laiss\u00e9s pour compte, des analphab\u00e8tes pas b\u00eates, des sans aveux, des gros orteils des sans voix ni avenir, g\u00e9n\u00e9rations apr\u00e8s g\u00e9n\u00e9rations.<\/span><\/span><\/span><\/p>\n<p align=\"JUSTIFY\"><span style=\"color: #000000;\"><span style=\"font-family: 'Times New Roman', serif;\"><span>Le jeune Ha\u00eftien apprend de fa\u00e7on insidieuse et inconsciente \u00e0 m\u00e9priser le cr\u00e9ole, sa langue maternelle, toutes ses racines et valeurs africaines pour s\u2019enorgueillir b\u00eatement le cas \u00e9ch\u00e9ant, de ses origines europ\u00e9ennes, expression \u00e0 nulle autre pareille de la fascination du ma\u00eetre.<\/span><\/span><\/span><\/p>\n<p align=\"JUSTIFY\"><span style=\"color: #000000;\"><span style=\"font-family: 'Times New Roman', serif;\"><span>Vers la fin de la deuxi\u00e8me guerre mondiale, une jeune m\u00e8re ha\u00eftienne, adulant son rejeton, tout ce qu\u2019il ya de plus n\u00e8gre, r\u00e9p\u00e9tait \u00e0 qui voulait l\u2019entendre, que son fiston, \u00e0 sa naissance, \u00e9tait tellement beau qu\u2019il ressemblait \u00e0 un Allemand. Imaginez la stup\u00e9faction du jeune homme de d\u00e9couvrir vers treize ou quatorze ans qu\u2019il n\u2019avait rien en commun avec un Aryen. Il dut supplier sa petite maman pour qu\u2019elle mette un terme \u00e0 cette stupide r\u00e9f\u00e9rence.<\/span><\/span><\/span><\/p>\n<p align=\"JUSTIFY\"><span style=\"color: #000000;\"><span style=\"font-family: 'Times New Roman', serif;\"><span>Nos rythmes tr\u00e9pidants\u00a0: yanvalou, ibo, p\u00e9tro, rara, intimement li\u00e9s au vodou, pr\u00e9cieux h\u00e9ritage de la terre de nos ailleux, d\u2019une telle vitalit\u00e9 et d\u2019une incommensurable richesse qui ont surv\u00e9cu envers et contre tous, \u00e9taient juste bons pour les goujats dans la nouvelle France, l\u2019ancienne Hispaniola.<\/span><\/span><\/span><\/p>\n<p align=\"JUSTIFY\"><span style=\"color: #000000;\"><span style=\"font-family: 'Times New Roman', serif;\"><span>L\u2019\u0153uvre picturale n\u2019\u00e9tait que la peinture et notre succulent cr\u00e9ole, un vulgaire patois n\u00e8gre, indigne de la haute soci\u00e9t\u00e9 aux raffinements les plus hupp\u00e9s, cultivant avec un soin particulier les mi\u00e8vreries de toutes sortes et devenant ainsi la ris\u00e9e des anciens colons.<\/span><\/span><\/span><\/p>\n<p align=\"JUSTIFY\"><span style=\"color: #000000;\"><span style=\"font-family: 'Times New Roman', serif;\"><span>Affreuse d\u00e9ception pour des millions de s\u0153urs et fr\u00e8res pour lesquels Ha\u00efti pouvait repr\u00e9senter une esp\u00e8ce de phare pour l\u2019\u00e9mancipation de la race.<\/span><\/span><\/span><\/p>\n<p align=\"JUSTIFY\"><span style=\"color: #000000;\"><span style=\"font-family: 'Times New Roman', serif;\"><span>Jean-Jacques Dessalines s\u2019est fait proclamer gouverneur-g\u00e9n\u00e9ral \u00e0 vie, puis sacrer empereur. Faustin Soulouque n\u2019y \u00e9chappera point et pourquoi pas Henry Christophe dans le nord du pays avec sa cohorte de ducs et duchesses, de comte et comtesses; des dynasties qui dureront l\u2019espace d\u2019un cillement.<\/span><\/span><\/span><\/p>\n<p align=\"JUSTIFY\"><span style=\"color: #000000;\"><span style=\"font-family: 'Times New Roman', serif;\"><span>Alexandre P\u00e9tion sera pr\u00e9sident \u00e0 vie; Jean-Pierre Boyer, son alter ego et successeur \u00e0 plus d\u2019un titre, dotera le pays de codes de lois import\u00e9s textuellement de la France apr\u00e8s, avoir accept\u00e9 de payer la soi-disant dette de l\u2019ind\u00e9pendance.<\/span><\/span><\/span><\/p>\n<p align=\"JUSTIFY\"><span style=\"color: #000000;\"><span style=\"font-family: 'Times New Roman', serif;\"><span>Duvalier, lui aussi, selon le v\u0153u de la chambre des d\u00e9put\u00e9s, vou\u00e9s enti\u00e8rement \u00e0 sa personne, deviendra pr\u00e9sident \u00e0 vie, avec le pouvoir de choisir son successeur, ce qu\u2019il fit d\u2019ailleurs en la personne de son fils. Papa Doc cr\u00e9a la Cour des Comptes et du Contentieux Administratif (CSC|CA), laquelle en cinquante ans d\u2019existence n\u2019a rendu que trois (03) arr\u00eats de d\u00e9bet et encore\u2026<\/span><\/span><\/span><\/p>\n<p align=\"JUSTIFY\"><span style=\"color: #000000;\"><span style=\"font-family: 'Times New Roman', serif;\"><span>Apr\u00e8s la fuite du dernier pr\u00e9sident \u00e0 vie, la constitution de 1987 \u00e9labor\u00e9e dans les conditions que l\u2019on sait, nonobstant ses multiples faiblesses, suscitait tous les espoirs pour un nouveau d\u00e9part. H\u00e9las, elle fut viol\u00e9e, comme les vingt deux (22) autres qui l\u2019ont pr\u00e9c\u00e9d\u00e9e et pour cause. Un juriste fort en gueule, professeur, frapp\u00e9 de verbomanie n\u2019h\u00e9sita pas \u00e0 accoucher, sur les ondes d\u2019une station de radio que \u2013 la constitution a \u00e9t\u00e9 appliqu\u00e9e en partie. Le ridicule ne tue pas !<\/span><\/span><\/span><\/p>\n<p align=\"JUSTIFY\"><span style=\"color: #000000;\"><span style=\"font-family: 'Times New Roman', serif;\"><span>Ces consid\u00e9rations et des milliers d\u2019autres qui auraient pu s\u2019y ajouter interpellent n\u2019importe quel observateur objectif \u00e0 se demander si depuis l\u2019accession \u00e0 l\u2019ind\u00e9pendance, les Ha\u00eftiens ne se sont pas confin\u00e9s \u00e0 faire semblant, se constituant ainsi leurs propres ennemis, les premiers artisans de leurs malheurs, en dehors des catastrophes naturelles dont plus s\u2019\u00e9vertuent \u00e0 en tirer profit, au d\u00e9triment des v\u00e9ritables victimes.<\/span><\/span><\/span><\/p>\n<p align=\"JUSTIFY\"><span style=\"color: #000000;\"><span style=\"font-family: 'Times New Roman', serif;\"><span>Il n\u2019est pas question de pr\u00e9tendre que l\u2019histoire d\u2019Ha\u00efti n\u2019est qu\u2019une suite d\u2019accidents plus ou moins f\u00e2cheux, comme semblait me le reprocher mon illustre cousin, il n\u2019y a pas si longtemps. En effet il y a eu des efforts plus que louables, d\u2019\u00e9normes sacrifices ont \u00e9t\u00e9 consentis par de nombreux compatriotes, mais force est de constater qu\u2019en d\u00e9pit de tout, le pays est en faillite et continuer de faire semblant que nous n\u2019en sommes pas les premiers responsables, c\u2019est simplement afficher le comportement de l\u2019autruche.<\/span><\/span><\/span><\/p>\n<p align=\"JUSTIFY\"><span style=\"color: #000000;\"><span style=\"font-family: 'Times New Roman', serif;\"><span>Le ch\u00f4mage affecte soixante dix pour cent (70%) de la population, la cr\u00e9ation d\u2019emplois devrait \u00eatre la priorit\u00e9 des priorit\u00e9s, mais personne n\u2019en parle. Le (FHS) Fonds Ha\u00eftien de Solidarit\u00e9, solution simple et combien pratique pour faire face \u00e0 cette situation infrahumaine demeure l\u2019objet du plus triste complot, celui du silence. <\/span><\/span><\/span><\/p>\n<p align=\"JUSTIFY\"><span style=\"color: #000000;\"><span style=\"font-family: 'Times New Roman', serif;\"><span>Les jeunes cerveaux form\u00e9s au pays se retrouvent pour la plupart dans les pays industrialis\u00e9s et ne sont d\u2019aucun apport pour la terre natale.<\/span><\/span><\/span><\/p>\n<p align=\"JUSTIFY\"><span style=\"color: #000000;\"><span style=\"font-family: 'Times New Roman', serif;\"><span>La Justice, les droits humains sont m\u00e9pris\u00e9s, foul\u00e9s aux pieds, les tribunaux ressemblent plus \u00e0 des boites de Pandore qu\u2019\u00e0 des temples de Th\u00e9mis.<\/span><\/span><\/span><\/p>\n<p align=\"JUSTIFY\"><span style=\"color: #000000;\"><span style=\"font-family: 'Times New Roman', serif;\"><span>La comp\u00e9tence et l\u2019int\u00e9grit\u00e9 semblent \u00eatre des virus \u00e0 extirper coute que coute du corps social. La culture est devenue une denr\u00e9e de pacotille et personne ne s\u2019en \u00e9meut. A d\u00e9faut d\u2019une \u00e9lite nationale, les \u00e9l\u00e9ments d\u2019\u00e9lite sont dispers\u00e9s \u00e0 travers la plan\u00e8te.<\/span><\/span><\/span><\/p>\n<p align=\"JUSTIFY\"><span style=\"color: #000000;\"><span style=\"font-family: 'Times New Roman', serif;\"><span>Et comme le tribunal de l\u2019histoire ne dispose de force coercitive, si rien n\u2019est entrepris de mani\u00e8re efficace et efficiente, dans les plus brefs d\u00e9lais, pour qu\u2019Ha\u00efti renaisse de ses cendres, il constatera avec d\u00e9solation que cette \u00ab magnificente \u00bb \u00e9pop\u00e9e de la Perle des Antilles n\u2019aura \u00e9t\u00e9 apr\u00e8s tout, qu\u2019un long et lamentable bluff.<\/span><\/span><\/span><\/p>\n<p align=\"JUSTIFY\">\n<p>&nbsp;<\/p>\n<p align=\"justify\">\n<p align=\"justify\">\n<p align=\"justify\">\n<p align=\"justify\">\n<p align=\"justify\">\n<p align=\"justify\">\n<\/div>\n<script type=\"text\/javascript\">\n\nvar addthis_config = {\"data_track_clickback\":false,\"data_track_addressbar\":false,\"data_track_textcopy\":false};\n<\/script><script type=\"text\/javascript\" src=\"\/\/s7.addthis.com\/js\/250\/addthis_widget.js#pubid=f084fdfbcefba74c78dfad3bbc873ffd\"><\/script>","protected":false},"excerpt":{"rendered":"<p align=\"center\"><span style=\"color: #000000;\"><span style=\"font-family: 'Times New Roman', serif;\">Le Grand Bluff !<\/span><\/span><\/p>\n<p align=\"justify\"><span style=\"color: #800000;\">\u00a0<\/span><\/p>\n<p align=\"justify\">\n<p align=\"justify\">\n<p align=\"justify\"><span style=\"color: #800000;\">par\u00a0Me Serge H. Mo\u00efse<\/span><\/p>\n<p align=\"JUSTIFY\"><span style=\"color: #000000;\"><span style=\"font-family: 'Times New Roman', serif;\"><span>D\u00e9j\u00e0 en 1843, Victor Sch\u0153lcher faisait le constat de la triste r\u00e9alit\u00e9 ha\u00eftienne\u00a0: Au milieu du d\u00e9sordre administratif de ce pays o\u00f9 toutes les formes emprunt\u00e9es \u00e0 <\/span><\/span><\/span>&hellip;<\/p>\n","protected":false},"author":1,"featured_media":0,"comment_status":"open","ping_status":"open","sticky":false,"template":"","format":"standard","meta":{"footnotes":""},"categories":[1],"tags":[],"class_list":["post-11077","post","type-post","status-publish","format-standard","hentry","category-accueil"],"_links":{"self":[{"href":"https:\/\/www.lecarrefourdesopinions.ca\/index.php?rest_route=\/wp\/v2\/posts\/11077","targetHints":{"allow":["GET"]}}],"collection":[{"href":"https:\/\/www.lecarrefourdesopinions.ca\/index.php?rest_route=\/wp\/v2\/posts"}],"about":[{"href":"https:\/\/www.lecarrefourdesopinions.ca\/index.php?rest_route=\/wp\/v2\/types\/post"}],"author":[{"embeddable":true,"href":"https:\/\/www.lecarrefourdesopinions.ca\/index.php?rest_route=\/wp\/v2\/users\/1"}],"replies":[{"embeddable":true,"href":"https:\/\/www.lecarrefourdesopinions.ca\/index.php?rest_route=%2Fwp%2Fv2%2Fcomments&post=11077"}],"version-history":[{"count":3,"href":"https:\/\/www.lecarrefourdesopinions.ca\/index.php?rest_route=\/wp\/v2\/posts\/11077\/revisions"}],"predecessor-version":[{"id":11217,"href":"https:\/\/www.lecarrefourdesopinions.ca\/index.php?rest_route=\/wp\/v2\/posts\/11077\/revisions\/11217"}],"wp:attachment":[{"href":"https:\/\/www.lecarrefourdesopinions.ca\/index.php?rest_route=%2Fwp%2Fv2%2Fmedia&parent=11077"}],"wp:term":[{"taxonomy":"category","embeddable":true,"href":"https:\/\/www.lecarrefourdesopinions.ca\/index.php?rest_route=%2Fwp%2Fv2%2Fcategories&post=11077"},{"taxonomy":"post_tag","embeddable":true,"href":"https:\/\/www.lecarrefourdesopinions.ca\/index.php?rest_route=%2Fwp%2Fv2%2Ftags&post=11077"}],"curies":[{"name":"wp","href":"https:\/\/api.w.org\/{rel}","templated":true}]}}