{"id":11040,"date":"2014-11-12T14:38:20","date_gmt":"2014-11-12T19:38:20","guid":{"rendered":"http:\/\/www.lecarrefourdesopinions.ca\/?p=11040"},"modified":"2014-11-12T14:38:20","modified_gmt":"2014-11-12T19:38:20","slug":"quelle-mediation-reclamerait-le-barrage-de-sivens","status":"publish","type":"post","link":"https:\/\/www.lecarrefourdesopinions.ca\/?p=11040","title":{"rendered":"Quelle M\u00e9diation r\u00e9clamerait le Barrage de Sivens"},"content":{"rendered":"<p align=\"CENTER\"><span style=\"color: #000099;\"><span><em><strong>Quelle M\u00e9diation r\u00e9clamerait le Barrage de Sivens.<\/strong><\/em><\/span><\/span><\/p>\n<p align=\"CENTER\">\n<p align=\"JUSTIFY\"><span style=\"color: #632423;\"><span style=\"font-family: 'Comic Sans MS', cursive;\"><span style=\"font-size: large;\"><img loading=\"lazy\" decoding=\"async\" class=\"alignleft size-thumbnail wp-image-10919\" title=\"Eric\" src=\"http:\/\/www.lecarrefourdesopinions.ca\/wp-content\/uploads\/2014\/09\/Eric-134x107.jpg\" alt=\"\" width=\"134\" height=\"107\" \/><span style=\"color: #800000;\">Dans toute la mesure o\u00f9, \u00e0 Martinique Province Fran\u00e7aise d\u2019Am\u00e9rique, nous aimons la France et nous pensons en \u00eatre partie int\u00e9grante,<\/span><\/span><\/span><\/span><\/p>\n<p align=\"JUSTIFY\"><span style=\"color: #800000;\">\u00a0<\/span><\/p>\n<p align=\"JUSTIFY\"><span style=\"color: #800000;\"><span style=\"font-family: 'Comic Sans MS', cursive;\"><span style=\"font-size: large;\">Quoi de plus naturel qu\u2019oubliant nos soucis pourtant loin d\u2019\u00eatre minces,<\/span><\/span><\/span><\/p>\n<p align=\"JUSTIFY\"><span style=\"color: #800000;\">\u00a0<\/span><\/p>\n<p align=\"JUSTIFY\"><span style=\"color: #800000;\"><span style=\"font-family: 'Comic Sans MS', cursive;\"><span style=\"font-size: large;\">Nous nous int\u00e9ressions et prenions part \u00e0 ses probl\u00e8mes et tentions d\u2019apporter notre humble Contribution \u00e0 leur r\u00e9solution.<\/span><\/span><\/span><\/p>\n<p align=\"JUSTIFY\"><span style=\"color: #800000;\">\u00a0<\/span><\/p>\n<p align=\"JUSTIFY\"><span style=\"color: #800000;\"><span style=\"font-family: 'Comic Sans MS', cursive;\"><span style=\"font-size: large;\">Ainsi, Sivens, une n\u00e9cessit\u00e9, eu \u00e9gard \u00e0 la d\u00e9sertification et au d\u00e9r\u00e8glement climatique dont l\u2019Homme est certainement grandement responsable\u2026<\/span><\/span><\/span><\/p>\n<p align=\"JUSTIFY\">\n<p align=\"JUSTIFY\"><span style=\"color: #632423;\"><span style=\"font-family: 'Comic Sans MS', cursive;\"><span style=\"font-size: large;\">\u00c9ric E.G. NOGARD<\/span><\/span><\/span><\/p>\n<p align=\"JUSTIFY\"><span style=\"color: #800000;\"><span style=\"font-size: large;\"><em>Le petit Chroniqueur<\/em><\/span><span style=\"font-size: large;\">.<\/span><\/span><\/p>\n<p>&nbsp;<\/p>\n<p lang=\"fr-CA\" align=\"CENTER\"><span style=\"font-size: large;\">*** *** ***<\/span><\/p>\n<p align=\"JUSTIFY\">\n<p align=\"CENTER\"><img loading=\"lazy\" decoding=\"async\" class=\"aligncenter size-full wp-image-11041\" title=\"F1\" src=\"http:\/\/www.lecarrefourdesopinions.ca\/wp-content\/uploads\/2014\/11\/F1.jpg\" alt=\"\" width=\"256\" height=\"144\" \/><\/p>\n<p align=\"CENTER\"><span style=\"font-size: large;\"><strong>F1\u00a0:<\/strong><\/span><span style=\"color: #c00000;\"><span style=\"font-size: large;\"><em>Toujours les m\u00eames en premi\u00e8re ligne\u2026 o\u00f9 sont donc les Alphas.<\/em><\/span><\/span><\/p>\n<p align=\"JUSTIFY\"><span style=\"font-family: 'Comic Sans MS', cursive;\"><span style=\"font-size: large;\">Un Barrage Fran\u00e7ais qui a fait beaucoup bouger, beaucoup expertiser, et qui a beaucoup co\u00fbt\u00e9 au Contribuable quand certains s\u2019en sont bien beurr\u00e9 la galette, sans compter ce tr\u00e9pas que nous prenons davantage pour accidentel qu\u2019intentionnel et que d\u00e9plore la France, celui du jeune R\u00e9my FRAISSE, pr\u00e9sum\u00e9 \u00c9colo, victime d\u2019une grenade en pleine manifestation contestataire dans la violence<\/span><\/span><span style=\"font-size: large;\">.<\/span><\/p>\n<p style=\"text-align: center;\" align=\"JUSTIFY\">\n<p style=\"text-align: center;\" align=\"JUSTIFY\"><img loading=\"lazy\" decoding=\"async\" class=\"aligncenter size-full wp-image-11042\" title=\"F2\" src=\"http:\/\/www.lecarrefourdesopinions.ca\/wp-content\/uploads\/2014\/11\/F2.jpg\" alt=\"\" width=\"267\" height=\"179\" \/><\/p>\n<p align=\"CENTER\"><span style=\"font-size: large;\"><strong>F2\u00a0:<\/strong><\/span><span style=\"color: #c00000;\"><span style=\"font-size: large;\"><em>Cet arbre malheureusement abattu ne saurait cacher la for\u00eat.<\/em><\/span><\/span><\/p>\n<p align=\"JUSTIFY\"><span style=\"font-size: large;\">Le Barrage de Sivens et tous les amalgames et tous les pataqu\u00e8s hormis les r\u00e9v\u00e9lations et les promesses dont nul ne semble se soucier d\u2019en rire ou d\u2019en pleurer, l\u2019important \u00e9tant de lui tirer dessus \u00e0 hue et \u00e0 dia, histoire de contester, m\u00eame s\u2019il n\u2019est pas d\u00e9nu\u00e9 de c\u00f4t\u00e9s contestables, tels les int\u00e9r\u00eats en causes, les app\u00e9tits non satisfaits\u2026 il y en a, pouvons-nous pr\u00e9sumer.<\/span><\/p>\n<p align=\"JUSTIFY\">\n<p align=\"JUSTIFY\"><span style=\"font-size: large;\">Et s\u2019ils sont inavouables, ils sont de beaux pr\u00e9textes pour qui ne croit pas y avoir trouv\u00e9 son compte et qui en appelle aux b\u00eatas comme aux lambdas pour pr\u00eater main forte sans chercher \u00e0 comprendre\u2026 question de chapelle.<\/span><\/p>\n<p style=\"text-align: center;\" align=\"JUSTIFY\"><img loading=\"lazy\" decoding=\"async\" class=\"aligncenter size-medium wp-image-11043\" title=\"Impression\" src=\"http:\/\/www.lecarrefourdesopinions.ca\/wp-content\/uploads\/2014\/11\/F3-300x246.jpg\" alt=\"\" width=\"300\" height=\"246\" srcset=\"https:\/\/www.lecarrefourdesopinions.ca\/wp-content\/uploads\/2014\/11\/F3-300x246.jpg 300w, https:\/\/www.lecarrefourdesopinions.ca\/wp-content\/uploads\/2014\/11\/F3.jpg 320w\" sizes=\"auto, (max-width: 300px) 100vw, 300px\" \/>\u00a0<span style=\"font-size: 13px;\">\u00a0<\/span><\/p>\n<p align=\"JUSTIFY\"><span style=\"font-size: large;\"><strong>F3\u00a0:<\/strong><\/span><span style=\"color: #c00000;\"><span style=\"font-size: large;\"><em>Barrage de Sivens, cette pomme de discorde et de toutes sortes de Convoitises<\/em><\/span><\/span><span style=\"font-size: large;\">.<\/span><\/p>\n<p>&nbsp;<\/p>\n<p align=\"JUSTIFY\"><span style=\"font-size: large;\">Le Barrage de Sivens, une n\u00e9cessit\u00e9 selon Martinique Province Fran\u00e7aise d\u2019Am\u00e9rique qui en sait quelque chose de ce que chacun touche du doigt depuis des d\u00e9cennies, avec d\u2019autant plus d\u2019acuit\u00e9 que passe le temps\u00a0:<\/span><\/p>\n<p align=\"JUSTIFY\">\n<ul>\n<li>\n<p align=\"JUSTIFY\"><span style=\"font-size: large;\">Le Midi de la France se d\u00e9sertifie \u00e0 grands pas et, du Golfe de Gascogne \u00e0 celui du Lion, sans parler de la R\u00e9gion PACA, la <\/span><span style=\"font-family: Arial, sans-serif;\"><span style=\"font-size: large;\">Manon des Sources<\/span><\/span><span style=\"font-size: large;\"> de PAGNOL se retrouve partout\u2026 l\u2019eau manque et gare \u00e0 qui ouvre trop grand le robinet.<\/span><\/p>\n<\/li>\n<\/ul>\n<p align=\"JUSTIFY\">\n<ul>\n<li>\n<p align=\"JUSTIFY\"><span style=\"font-size: large;\">La pluviom\u00e9trie ne semble plus respecter les normes quand le ciel vient \u00e0 crever et \u00e0 d\u00e9verser ses flots de plus en plus d\u00e9vastateurs et pr\u00e9judiciables aux personnes, \u00e0 leurs biens comme \u00e0 leurs r\u00e9coltes.<\/span><\/p>\n<\/li>\n<\/ul>\n<p>&nbsp;<\/p>\n<ul>\n<li>\n<p align=\"JUSTIFY\"><span style=\"font-size: large;\">Par temps de s\u00e9cheresse, chacun y va de sa pompe aux d\u00e9pens de la nappe phr\u00e9atique de dessous son jardin ou de son champ, l\u2019Eau de Ville co\u00fbtant plus cher que le Vin du M\u00e9doc ou de l\u2019Entre-deux-Mers.<\/span><\/p>\n<\/li>\n<\/ul>\n<p align=\"JUSTIFY\"><span style=\"font-size: large;\">A ce train l\u00e0, les eaux domestiqu\u00e9es en barrage, ne pourraient-elles pas pallier les <\/span><span style=\"font-family: Arial, sans-serif;\"><span style=\"font-size: large;\"><em>droughts<\/em><\/span><\/span><span style=\"font-size: large;\"> dont m\u00eame les Fleuves s\u2019en trouvent \u00e0 sec, la Loire pouvant en t\u00e9moigner.<\/span><\/p>\n<p align=\"JUSTIFY\">\n<p align=\"JUSTIFY\"><span style=\"font-size: large;\">Tant d\u2019eau tomb\u00e9e du Ciel, dont pas une goutte d\u2019\u00e9pargn\u00e9e en Compensation des d\u00e9g\u00e2ts qu\u2019elle occasionne.<\/span><\/p>\n<p align=\"JUSTIFY\">\n<p align=\"JUSTIFY\"><span style=\"font-size: large;\">Un barrage d\u2019eau est donc une bonne chose selon nous, \u00e0 Martinique Province Fran\u00e7aise d\u2019Am\u00e9rique.<\/span><\/p>\n<p style=\"text-align: center;\" align=\"JUSTIFY\"><img loading=\"lazy\" decoding=\"async\" class=\"aligncenter size-full wp-image-11044\" title=\"F4\" src=\"http:\/\/www.lecarrefourdesopinions.ca\/wp-content\/uploads\/2014\/11\/F4.jpg\" alt=\"\" width=\"282\" height=\"140\" \/><\/p>\n<p align=\"CENTER\"><span style=\"font-size: large;\"><strong>F4\u00a0:<\/strong><\/span><span style=\"color: #c00000;\"><span style=\"font-size: large;\"><em>Le Sud inond\u00e9\u00a0: pas une goutte d\u2019eau d\u2019\u00e9pargn\u00e9e<\/em><\/span><\/span><span style=\"font-size: large;\">.<\/span><\/p>\n<p align=\"JUSTIFY\">\n<p align=\"JUSTIFY\"><span style=\"font-size: large;\">Cependant, quelle bonne chose peut se prendre pour assur\u00e9e d\u2019\u00eatre \u00e0 l\u2019abri de toute Calamit\u00e9.<\/span><\/p>\n<p align=\"JUSTIFY\">\n<p align=\"JUSTIFY\"><span style=\"font-size: large;\">Or, la Cupidit\u00e9 g\u00e9n\u00e9ratrice de Conflits d\u2019int\u00e9r\u00eats en est une, \u00e0 n\u2019en pas douter.<\/span><\/p>\n<p align=\"JUSTIFY\">\n<p align=\"JUSTIFY\"><span style=\"font-size: large;\">Et nul ne peut douter non plus que cette Calamit\u00e9 en soit une, plus ravageuse, plus d\u00e9vastatrice en Terre de France que le Virus \u00c9bola n\u2019est redoutable quand on s\u2019en trouve contamin\u00e9.<\/span><\/p>\n<p align=\"JUSTIFY\">\n<p align=\"JUSTIFY\"><span style=\"font-size: large;\">Choisir entre la Cupidit\u00e9 et \u00c9bola\u2026 choisir entre cette Peste Fran\u00e7aise et cette Peste Africaine, le beau choix en v\u00e9rit\u00e9.<\/span><\/p>\n<p align=\"JUSTIFY\">\n<p align=\"JUSTIFY\">\n<p align=\"JUSTIFY\"><span style=\"font-size: large;\">Or, le manque de Sous pour accomplir ses projets, pour transformer en r\u00e9alit\u00e9 les r\u00eaves dont on a \u00e9t\u00e9 prodigue sur les tr\u00e9teaux \u00e9lectoraux, n\u2019est-ce pas aussi une Calamit\u00e9 quand l\u2019Arrivisme \u00c9lectoral vous fait pr\u00e9f\u00e9rer les mises en sc\u00e8ne les plus inou\u00efes quand, faute d\u2019un petit grain de courage il ne vous est possible, ni de mettre bon ordre aux conflits d\u2019int\u00e9r\u00eats et autres malfaisances, ni d\u2019avouer \u00e0 l\u2019\u00e9lecteur\u00a0:<\/span><\/p>\n<p align=\"JUSTIFY\">\n<p align=\"CENTER\"><span style=\"font-size: large;\">\u00ab\u00a0<\/span><span style=\"font-family: Calibri, sans-serif;\"><span style=\"font-size: large;\"><em><strong>Nous sommes en manque, plus un sou dans la tirelire<\/strong><\/em><\/span><\/span><span style=\"font-size: large;\">\u00a0\u00bb.<\/span><\/p>\n<p align=\"JUSTIFY\">\n<p align=\"JUSTIFY\">\n<p align=\"JUSTIFY\"><span style=\"font-size: large;\">Vu sous cet \u00e9clairage, que viennent faire toutes ces consid\u00e9rations aussi folles, pour ne pas dire aussi b\u00eates qui font flor\u00e8s et s\u00e8ment la mort et tentent de perdre et S\u00e9gol\u00e8ne, et son petit Fran\u00e7ois, ou qui que ce soit d\u2019autre.<\/span><\/p>\n<p align=\"JUSTIFY\">\n<p align=\"JUSTIFY\">\n<p align=\"JUSTIFY\"><span style=\"color: #800000;\"><span style=\"font-family: 'Comic Sans MS', cursive;\"><span style=\"font-size: large;\">Le Barrage de Sivens est une Tr\u00e8s Bonne chose, les d\u00e9r\u00e8glements climatiques et la \u00ab\u00a0<\/span><\/span><span style=\"font-family: Arial, sans-serif;\"><span style=\"font-size: large;\"><em>Saharafication<\/em><\/span><\/span><span style=\"font-family: 'Comic Sans MS', cursive;\"><span style=\"font-size: large;\">\u00a0\u00bb du Sud de la France en faisant une Urgente N\u00e9cessit\u00e9.<\/span><\/span><\/span><\/p>\n<p align=\"JUSTIFY\"><span style=\"font-family: 'Comic Sans MS', cursive; color: #800000;\"><span style=\"font-size: large;\">Le manque de moyens en est une autre, regrettable dirons-nous.<\/span><\/span><\/p>\n<p align=\"JUSTIFY\">\n<p align=\"JUSTIFY\"><span style=\"font-family: 'Comic Sans MS', cursive;\"><span style=\"font-size: large;\">Aussi simple que cela.<\/span><\/span><\/p>\n<p align=\"JUSTIFY\">\n<p align=\"JUSTIFY\">\n<p align=\"JUSTIFY\"><span style=\"font-family: 'Comic Sans MS', cursive; color: #800000;\"><span style=\"font-size: large;\">Toute M\u00e9diation m\u00eame Royale sur ce sujet, est de l\u2019argent, ou jet\u00e9, ou distribu\u00e9 aux aigrefins, ce qui est pire.<\/span><\/span><\/p>\n<p align=\"JUSTIFY\"><span style=\"color: #800000;\">\u00a0<\/span><\/p>\n<p align=\"JUSTIFY\"><span style=\"font-family: 'Comic Sans MS', cursive; color: #800000;\"><span style=\"font-size: large;\">Relever la France, c\u2019est d\u00e9j\u00e0 pouvoir \u00eatre Franc dans ce genre de circonstances o\u00f9 il convient d\u2019appeler un chat un chat, au lieu de tourner autour du pot comme papillons \u00e0 la lueur d\u2019un r\u00e9verb\u00e8re.<\/span><\/span><\/p>\n<p align=\"JUSTIFY\"><span style=\"color: #800000;\">\u00a0<\/span><\/p>\n<p align=\"JUSTIFY\"><span style=\"color: #800000;\"><span style=\"font-family: 'Comic Sans MS', cursive;\"><span style=\"font-size: large;\">Quant aux articles dont la lecture est sugg\u00e9r\u00e9e ci-dessous, ils montrent bien la part que nous faisons \u00e0 nos sentiments les plus parano\u00efaques et cause des pires d\u00e9rives, aux d\u00e9pens du probl\u00e8me \u00e0 appr\u00e9hender et \u00e0 r\u00e9soudre<\/span><\/span><span style=\"font-size: large;\">.<\/span><\/span><\/p>\n<p align=\"JUSTIFY\">\n<p align=\"CENTER\"><span style=\"font-size: large;\"><span style=\"text-decoration: underline;\"><strong>Annexe 1<\/strong><\/span><\/span><\/p>\n<p>&nbsp;<\/p>\n<p><span style=\"color: #0000ff;\"><span style=\"text-decoration: underline;\"><a href=\"http:\/\/www.lemonde.fr\/planete\/article\/2014\/11\/03\/barrage-de-sivens-un-dossier-entache-de-conflits-d-interets_4517419_3244.html\"><span style=\"font-size: large;\">http:\/\/www.lemonde.fr\/planete\/article\/2014\/11\/03\/barrage-de-sivens-un-dossier-entache-de-conflits-d-interets_4517419_3244.html<\/span><\/a><\/span><\/span><\/p>\n<p>&nbsp;<\/p>\n<p>&nbsp;<\/p>\n<p><span style=\"color: #0000ff;\"><span style=\"text-decoration: underline;\"><a href=\"http:\/\/www.lemonde.fr\/planete\/\"><span style=\"font-size: large;\">Plan\u00e8te<\/span><\/a><\/span><\/span><\/p>\n<p>&nbsp;<\/p>\n<p><span style=\"color: #0000ff;\"><span style=\"text-decoration: underline;\"><span style=\"font-size: large;\"><a href=\"http:\/\/www.lemonde.fr\/sante-environnement\/\">Sant\u00e9-environnement<\/a><a href=\"http:\/\/www.lemonde.fr\/barrage-de-sivens\/\">Barrage de Sivens<\/a><a href=\"http:\/\/www.lemonde.fr\/fukushima\/\">Fukushima<\/a><a href=\"http:\/\/www.lemonde.fr\/ouragan-sandy\/\">Ouragan Sandy<\/a><\/span><\/span><\/span><\/p>\n<h1>Le barrage de Sivens, un dossier entach\u00e9 de conflits d\u2019int\u00e9r\u00eats<\/h1>\n<script type=\"text\/javascript\">\n\nvar addthis_config = {\"data_track_clickback\":false,\"data_track_addressbar\":false,\"data_track_textcopy\":false};\n<\/script><script type=\"text\/javascript\" src=\"\/\/s7.addthis.com\/js\/250\/addthis_widget.js#pubid=f084fdfbcefba74c78dfad3bbc873ffd\"><\/script>","protected":false},"excerpt":{"rendered":"<p align=\"CENTER\"><span style=\"color: #000099;\"><span>Quelle M\u00e9diation r\u00e9clamerait le Barrage de Sivens.<\/span><\/span><\/p>\n<p align=\"CENTER\">\n<p align=\"JUSTIFY\"><span style=\"color: #632423;\"><span style=\"font-family: 'Comic Sans MS', cursive;\"><span style=\"font-size: large;\"><span style=\"color: #800000;\">Dans toute la mesure o\u00f9, \u00e0 Martinique Province Fran\u00e7aise d\u2019Am\u00e9rique, nous aimons la France et nous pensons en \u00eatre partie int\u00e9grante,<\/span><\/span><\/span><\/span><\/p>\n<p align=\"JUSTIFY\"><span style=\"color: #800000;\">\u00a0<\/span><\/p>\n<p align=\"JUSTIFY\"><span style=\"color: #800000;\"><span style=\"font-family: 'Comic Sans MS', cursive;\"><span style=\"font-size: large;\">Quoi de plus naturel qu\u2019oubliant nos soucis pourtant loin <\/span><\/span><\/span>&hellip;<\/p>\n","protected":false},"author":1,"featured_media":0,"comment_status":"open","ping_status":"open","sticky":false,"template":"","format":"standard","meta":{"footnotes":""},"categories":[1],"tags":[],"class_list":["post-11040","post","type-post","status-publish","format-standard","hentry","category-accueil"],"_links":{"self":[{"href":"https:\/\/www.lecarrefourdesopinions.ca\/index.php?rest_route=\/wp\/v2\/posts\/11040","targetHints":{"allow":["GET"]}}],"collection":[{"href":"https:\/\/www.lecarrefourdesopinions.ca\/index.php?rest_route=\/wp\/v2\/posts"}],"about":[{"href":"https:\/\/www.lecarrefourdesopinions.ca\/index.php?rest_route=\/wp\/v2\/types\/post"}],"author":[{"embeddable":true,"href":"https:\/\/www.lecarrefourdesopinions.ca\/index.php?rest_route=\/wp\/v2\/users\/1"}],"replies":[{"embeddable":true,"href":"https:\/\/www.lecarrefourdesopinions.ca\/index.php?rest_route=%2Fwp%2Fv2%2Fcomments&post=11040"}],"version-history":[{"count":2,"href":"https:\/\/www.lecarrefourdesopinions.ca\/index.php?rest_route=\/wp\/v2\/posts\/11040\/revisions"}],"predecessor-version":[{"id":11050,"href":"https:\/\/www.lecarrefourdesopinions.ca\/index.php?rest_route=\/wp\/v2\/posts\/11040\/revisions\/11050"}],"wp:attachment":[{"href":"https:\/\/www.lecarrefourdesopinions.ca\/index.php?rest_route=%2Fwp%2Fv2%2Fmedia&parent=11040"}],"wp:term":[{"taxonomy":"category","embeddable":true,"href":"https:\/\/www.lecarrefourdesopinions.ca\/index.php?rest_route=%2Fwp%2Fv2%2Fcategories&post=11040"},{"taxonomy":"post_tag","embeddable":true,"href":"https:\/\/www.lecarrefourdesopinions.ca\/index.php?rest_route=%2Fwp%2Fv2%2Ftags&post=11040"}],"curies":[{"name":"wp","href":"https:\/\/api.w.org\/{rel}","templated":true}]}}