{"id":11032,"date":"2014-11-12T14:38:54","date_gmt":"2014-11-12T19:38:54","guid":{"rendered":"http:\/\/www.lecarrefourdesopinions.ca\/?p=11032"},"modified":"2014-11-12T14:38:54","modified_gmt":"2014-11-12T19:38:54","slug":"quo-vadis","status":"publish","type":"post","link":"https:\/\/www.lecarrefourdesopinions.ca\/?p=11032","title":{"rendered":"\u00ab Quo vadis ? \u00bb"},"content":{"rendered":"<div><\/div>\n<div>\n<p align=\"center\"><span>\u00ab Quo vadis\u00a0? \u00bb<\/span><\/p>\n<p lang=\"fr-FR\" align=\"justify\">\u00a0<img loading=\"lazy\" decoding=\"async\" class=\"alignleft size-thumbnail wp-image-10358\" title=\"Serge 1\" src=\"http:\/\/www.lecarrefourdesopinions.ca\/wp-content\/uploads\/2013\/11\/Serge-1-101x107.jpg\" alt=\"\" width=\"101\" height=\"107\" \/> \u00a0 \u00a0 \u00a0 \u00a0 \u00a0 \u00a0 \u00a0<span style=\"color: #800000;\"><em>par\u00a0Me Serge H. Mo\u00efse av.<\/em><\/span><\/p>\n<p align=\"justify\"><span>En l&rsquo;an de gr\u00e2ce mil huit cent trois (1803), le d\u00e9fi majeur \u00e0 relever pour le peuple ha\u00eftien en devenir, \u00e9tait de rompre les cha\u00eenes de l&rsquo;esclavage, ce qui fut fait aux cris de \u00ab\u00a0libert\u00e9 ou la mort\u00a0\u00bb, avec courage, fiert\u00e9 et dignit\u00e9. Les puissances d&rsquo;alors en furent impressionn\u00e9es, m\u00e9dus\u00e9es.<\/span><\/p>\n<p lang=\"fr-FR\" align=\"justify\">\n<p align=\"justify\"><span>Ha\u00efti, premi\u00e8re r\u00e9publique n\u00e8gre du monde, symbole par excellence de l&rsquo;\u00e9galit\u00e9 des races, anticipant et rejetant \u00e0 l&rsquo;avance les fadaises de Gobineau, r\u00e9fut\u00e9es d&rsquo;ailleurs par notre savant Ant\u00e9nor Firmin, suscitait tous les espoirs.<\/span><\/p>\n<p lang=\"fr-FR\" align=\"justify\">\n<p align=\"justify\"><span>Ce n&rsquo;\u00e9tait qu&rsquo;un d\u00e9but, il faut en convenir, et comme toute \u0153uvre humaine, quelle que grande soit-elle, la geste historique pour h\u00e9ro\u00efque qu&rsquo;elle fut, comportait ses lacunes; la perfection n&rsquo;\u00e9tant pas d&rsquo;ici-bas.<\/span><\/p>\n<p lang=\"fr-FR\" align=\"justify\">\n<p align=\"justify\"><span>Que depuis, nous ayons fait du sur place, comme le constatait derni\u00e8rement le fameux Tabou Mb\u00e9ki, contrairement \u00e0 d&rsquo;autres pays, \u00e0 ceux qui, \u00e0 peu pr\u00e8s, \u00e0 la m\u00eame p\u00e9riode, ont r\u00e9alis\u00e9 leurs r\u00e9volutions, dont le d\u00e9veloppement et les progr\u00e8s fascinent le reste du monde aujourd&rsquo;hui, Ha\u00efti demeure pour tous, un myst\u00e8re non encore \u00e9lucid\u00e9.<\/span><\/p>\n<p lang=\"fr-FR\" align=\"justify\">\n<p align=\"justify\"><span>Les causes de ce cuisant \u00e9chec, de cette d\u00e9sastreuse faillite sont certes lointaines, complexes et multidimensionnelles, mais aucune ne saurait justifier \u00ab\u00a0ce recul \u00e0 vitesse vertigineuse\u00a0\u00bb pour paraphraser l&rsquo;\u00e9minent professeur Leslie F. Manigat. Pourtant depuis deux (02) si\u00e8cles, nous avons su constituer une source intarissable d&rsquo;analyses, d&rsquo;explications, d&rsquo;\u00e9tudes, d&rsquo;observations et de dissertations les unes plus savantes que les autres et force est de constater qu&rsquo;en d\u00e9pit de tous ces efforts hautement intellectuels, plus \u00e7a change, plus c&rsquo;est pareil dans ce \u00ab\u00a0singulier petit pays qui est le n\u00f4tre\u00a0\u00bb. A croire que les exercices d&rsquo;analyse et de compr\u00e9hension absorbent toute notre \u00e9nergie, nous laissant \u00e0 bout de souffle, incapables de concevoir des solutions en ad\u00e9quation avec notre sp\u00e9ficit\u00e9 de peuple du quart-monde, selon la classification de Ren\u00e9 Dumont.<\/span><\/p>\n<p lang=\"fr-FR\" align=\"justify\">\n<p align=\"justify\"><span>Il ne serait pas superflu de souligner \u00e0 l&rsquo;eau forte, ce qui semble une constante dans notre histoire, qui se r\u00e9v\u00e8le pour le moins bizarre, dont les cons\u00e9quences se font sentir durement aujourd&rsquo;hui et qui fait croire \u00e0 plus d&rsquo;un qu&rsquo;Ha\u00efti a h\u00e9las atteint son point de non<\/span><\/p>\n<p align=\"justify\"><span>retour. En effet, sauf erreur, nous avons pr\u00e9f\u00e9r\u00e9 Tonton Nord \u00e0 Ant\u00e9nor Firmin que la communaut\u00e9 internationale qualifiait de savant. Jean Jacques Dessalines fut sacrifi\u00e9 dans les bras du mul\u00e2tre Charlotin Marcadieu sans soulever trop de vagues.Nous n&rsquo;avons pas beaucoup pleur\u00e9 Dumarsais Estim\u00e9, trop heureux de festoyer avec \u00ab\u00a0Kanson f\u00e8\u00a0\u00bb et de partager la cur\u00e9e. L&rsquo;agronome Louis D\u00e9joie n&rsquo;a pas eu la partie belle et l&rsquo;on en conna\u00eet la suite, la fuite des cerveaux vers des cieux plus cl\u00e9ments, le nivellement par le bas, l&rsquo;effritement de nos valeurs et la paix du cimeti\u00e8re.<\/span><\/p>\n<p lang=\"fr-FR\" align=\"justify\">\n<p align=\"justify\"><span>Plus pr\u00e8s de nous, quand vint la \u00ab\u00a0bamboche d\u00e9mocratique\u00a0\u00bb du g\u00e9n\u00e9ral Namphy n&rsquo;avons pas, avec une l\u00e9g\u00e8ret\u00e9 toute ha\u00eftienne, r\u00e9pudi\u00e9 l&rsquo;\u00e9quipe gouvernementale la mieux qualifi\u00e9e qu&rsquo;ait connue Ha\u00efti compos\u00e9e d&rsquo;hommes tels: Leslie F. Manigat, Martial C\u00e9lestin, Alain Turnier, l&rsquo;actuel premier ministre G\u00e9rard Latortue pour ne citer que ceux-l\u00e0, sans oublier<\/span><\/p>\n<p lang=\"fr-FR\" align=\"justify\">\n<p align=\"justify\"><span>Mme Mirlande H. Manigat, cette grande dame adul\u00e9e de tous pour son entregent, son charme personnel et sa comp\u00e9tence lumineuse?<\/span><\/p>\n<p lang=\"fr-FR\" align=\"justify\">\n<p align=\"justify\"><span>Comment ne pas rappeler avec force, ne serait-ce que pour les g\u00e9n\u00e9rations futures que pendant leur passage au timon des affaires ha\u00eftiennes, de tous les dirigeants politiques \u00e0 travers la plan\u00e8te, Leslie et Mirlande formaient avec les Gorbatchev, les deux couples les plus cultiv\u00e9s.<\/span><\/p>\n<p lang=\"fr-FR\" align=\"justify\">\n<p lang=\"fr-FR\" align=\"justify\"><span>Et puisque les peuples qui n&rsquo;ont pas de m\u00e9moire sont condamn\u00e9s \u00e0 r\u00e9p\u00e9ter les<\/span><\/p>\n<p align=\"justify\"><span>m\u00eames erreurs du pass\u00e9, pour comble de malheur, dans un m\u00eame \u00e9lan de folie collective, nullement innocente, nous nous sommes engouffr\u00e9s dans cette satrapie lavalassienne in\u00e9narrable qui n&rsquo;a fait que pr\u00e9cipiter notre descente aux enfers. Encore une fois nous avons pr\u00e9f\u00e9r\u00e9 \u00ab\u00a0Titide le polyglotte\u00a0\u00bb \u00e0 un homme de l&rsquo;exp\u00e9rience et de la comp\u00e9tence de Marc Ls. Bazin.<\/span><\/p>\n<p lang=\"fr-FR\" align=\"justify\">\n<p align=\"justify\"><span>Au d\u00e9but des ann\u00e9es quatre-vingt (80) l&rsquo;autre d\u00e9fi de taille \u00e9tait le d\u00e9part de la dictature duvali\u00e9rienne et l&rsquo;instauration d&rsquo;un Etat de droit en Ha\u00efti. Les forces vives de la nation band\u00e9es \u00e0 souhait firent basculer l&rsquo;intol\u00e9rable &#8211; fuite, exil, emprisonnement, d\u00e9choukage, s\u00e9questration de biens &#8211; comme par le pass\u00e9 et dix-huit (18) ans apr\u00e8s, nous parlons encore, mais du bout des l\u00e8vres seulement, de r\u00e9forme judiciaire, de justice sociale, de d\u00e9veloppement \u00e9conomique, sans trop y croire. Les m\u00eames redites, somme toute, des voeux pieux, \u00e0 travers des phrases de la plus belle facture:\u00a0\u00bb Nous sommes condamn\u00e9s \u00e0 r\u00e9ussir\u00a0\u00bb ou encore:\u00a0\u00bbA l&rsquo;impossible nous sommes tenus\u00a0\u00bb oubliant les propos de Maurice Maeterlinck qui nous dit: \u00ab\u00a0Il faut agir en homme de pens\u00e9e et penser en homme d&rsquo;action\u00a0\u00bb<\/span><\/p>\n<p lang=\"fr-FR\" align=\"justify\">\n<p align=\"justify\"><span style=\"color: #800000;\">Nous ergotons sans cesse r\u00e9clamant \u00e0 cor et \u00e0 cri l&rsquo;av\u00e8nement au pays d&rsquo;Ha\u00efti\u00a0<\/span><span style=\"font-size: 13px;\">Thomas, d&rsquo;un Etat de droit, de d\u00e9mocratie, de justice pour tous, passant en revue tous les vocables \u00e0 connotation moderne et civilisatrice, comme s&rsquo;il suffisait de pontifier pour que s&rsquo;accomplisse le \u00ab\u00a0miracle ha\u00eftien\u00a0\u00bb<\/span><\/p>\n<p lang=\"fr-FR\" align=\"justify\">\n<p align=\"justify\"><span>Point n&rsquo;est besoin d&rsquo;\u00eatre grand clerc pour savoir qu&rsquo;une d\u00e9mocratie n&rsquo;est possible qu&rsquo;en respectant les principes de Richelieu savoir: le pouvoir arr\u00eate le pouvoir, c&rsquo;est \u00e0 dire la mise en place d&rsquo;institutions \u00e0 l&rsquo;int\u00e9rieur desquelles des hommes et des femmes de qualit\u00e9 qui sont en mesure d&rsquo;oeuvrer pour la grandeur de la patrie commune avec une constitution et des lois qui soient l&rsquo;\u00e9manation de toutes les composantes de la famille ha\u00eftienne: d&rsquo;o\u00f9 un pouvoir judiciaire ind\u00e9pendant efficace et efficient. <\/span><\/p>\n<p lang=\"fr-FR\" align=\"justify\">\n<p align=\"justify\"><span>L&rsquo;on se perd en conjectures, se morfond en colloques, s\u00e9minaires, conf\u00e9rences, d\u00e9bats publics de toutes sortes ne parvenant toujours pas \u00e0 adresser les aspects fondamentaux de la probl\u00e9matique ha\u00eftienne et les r\u00e9sultats demeurent les m\u00eames: perte de temps, d&rsquo;\u00e9nergie et d&rsquo;argent, sauf pour les petits coquins, barbouilleurs de papier, h\u00e2bleurs imp\u00e9nitents qui en tirent une quelconque illusion de b\u00e9n\u00e9fice ou de profit.<\/span><\/p>\n<p lang=\"fr-FR\" align=\"justify\">\n<p align=\"justify\"><span>Deux cents (200) ans apr\u00e8s l\u2019ind\u00e9pendance, il s&rsquo;av\u00e8re \u00e9vident que soliloquer,\u00a0<\/span><span style=\"font-size: 13px;\">Tergiverser, palabrer, se r\u00e9sume \u00e0 faire du \u00ab\u00a0marronnage\u00a0\u00bb, de la d\u00e9magogie et magouille aux r\u00e9sultats toujours n\u00e9gatif que nous exp\u00e9rimentons.<\/span><\/p>\n<p lang=\"fr-FR\" align=\"justify\">\n<p lang=\"fr-FR\" align=\"justify\"><span>Nous aurions peut-\u00eatre int\u00e9r\u00eat \u00e0 explorer d&rsquo;un peu plus pr\u00e8s les constats de<\/span><span style=\"font-size: 13px;\">Mohamed Dahmani, s&rsquo;agissant d&rsquo;une approche rationnelle et objective du mal ha\u00eftien. Ce dernier, \u00e9conomiste de formation, soutient que les \u00e9lites intellectuelles des pays du tiers monde form\u00e9es \u00e0 l&rsquo;\u00e9tranger constituent pour ces pays, un facteur de sous-d\u00e9veloppement, inf\u00e9od\u00e9es qu&rsquo;elles sont aux valeurs occidentales. Nous divergeons quelque peu d&rsquo;avec les conclusions du professeur Dahmani et voyons de pr\u00e9f\u00e9rence dans nos intellos, un facteur de mal d\u00e9veloppement, compte tenu de l&rsquo;importance des cr\u00e9neaux culturels dans tout processus de d\u00e9veloppement.<\/span><\/p>\n<p lang=\"fr-FR\" align=\"justify\">\n<p align=\"justify\"><span>Il nous faut donc sortir des sentiers battus, explorer d&rsquo;autres pistes pour comprendre et appr\u00e9hender la r\u00e9alit\u00e9 ha\u00eftienne dans sa sp\u00e9cificit\u00e9 propre, \u00e0 d&rsquo;autres prismes, les n\u00f4tres, avec cette volont\u00e9 ferme, que dis-je farouche, l&rsquo;ordre des choses \u00e9tabli dans la perspective d&rsquo;un v\u00e9ritable mieux-\u00eatre pour tous.<\/span><\/p>\n<p lang=\"fr-FR\" align=\"justify\">\n<p align=\"justify\"><span>L&rsquo;une des pistes \u00e0 privil\u00e9gier seraient que nous devenions nous-m\u00eames l&rsquo;objet d&rsquo;\u00e9tudes approfondies afin de d\u00e9terminer dans quelle mesure la cause premi\u00e8re de nos maux ne serait la \u00ab\u00a0facture de l&rsquo;homme ha\u00eftien\u00a0\u00bb S&rsquo;il est vrai que c&rsquo;est l&rsquo;homme qui fa\u00e7onne son environnement, l&rsquo;\u00e9tat d\u00e9sastreux d&rsquo;Ha\u00efti ne serait que le reflet du \u00ab\u00a0nous collectif\u00a0\u00bb.<\/span><\/p>\n<p lang=\"fr-FR\" align=\"justify\">\n<p align=\"justify\"><span>Ce questionnement sera t&rsquo;il \u00e0 l&rsquo;ordre du jour au cours de la conf\u00e9rence nationale, des d\u00e9bats sur le nouveau contrat social, th\u00e8mes tr\u00e8s pris\u00e9s ces derniers temps qui esp\u00e9rons le, sauront nous convaincre de l&rsquo;imp\u00e9rieuse n\u00e9cessit\u00e9 de modifier nos sch\u00e8mes de pens\u00e9e, nos modes d&rsquo;agir, pour que naisse ce nouvel homme porteur de changement et de progr\u00e8s au triple point de vue politique, \u00e9conomique et social.<\/span><\/p>\n<p lang=\"fr-FR\" align=\"justify\">\n<p align=\"justify\"><span>Autrement la soci\u00e9t\u00e9 ha\u00eftienne est condamn\u00e9e \u00e0 se reproduire avec \u00e9videmment les tares et les scories qui l&rsquo;ont conduite dans cet inextricable labyrinthe o\u00f9 lentement mais s\u00fbrement s&rsquo;ach\u00e8vera le suicide na<\/span><\/p>\n<div>\n<p align=\"center\"><span style=\"color: #800000;\"><strong><span style=\"font-family: 'Times New Roman', serif;\">\u00ab\u00a0Affranchi\u00a0\u00bb<\/span><\/strong><\/span><\/p>\n<p align=\"center\"><span style=\"font-family: 'Times New Roman', serif;\"><span>Toi qui te dis<\/span><\/span><span style=\"font-family: Sylfaen, serif;\"><span> ton propre ma\u00eetre<\/span><\/span><\/p>\n<p align=\"center\"><span style=\"font-family: Sylfaen, serif;\"><span>Depuis le jour qui t\u2019a vu na\u00eetre<\/span><\/span><\/p>\n<p align=\"center\"><span style=\"font-family: Sylfaen, serif;\"><span>Qu\u2019as-tu donc fait de cette fiert\u00e9<\/span><\/span><\/p>\n<p align=\"center\"><span style=\"font-family: Sylfaen, serif;\"><span>Que procure cette noble libert\u00e9<\/span><\/span><\/p>\n<p align=\"center\"><span style=\"font-family: Sylfaen, serif;\"><span>II<\/span><\/span><\/p>\n<p align=\"center\"><span style=\"font-family: Sylfaen, serif;\"><span>La m\u00e8re-patrie t\u2019a tout donn\u00e9<\/span><\/span><\/p>\n<p align=\"center\"><span style=\"font-family: Sylfaen, serif;\"><span>A sa s\u00e8ve tu t\u2019es repu <\/span><\/span><span style=\"font-family: 'Times New Roman', serif;\"><span>\u00e0 sati\u00e9t<\/span><\/span><span style=\"font-family: Sylfaen, serif;\"><span>\u00e9<\/span><\/span><\/p>\n<p align=\"center\"><span style=\"font-family: Sylfaen, serif;\"><span>Tu as tout eu gratis-ti-ch\u00e9ri<\/span><\/span><\/p>\n<p align=\"center\"><span style=\"font-family: Sylfaen, serif;\"><span>Et pauvre ingrat tu t\u2019es enfui<\/span><\/span><\/p>\n<p align=\"center\"><span style=\"font-family: Sylfaen, serif;\"><span>III<\/span><\/span><\/p>\n<p align=\"center\"><span style=\"font-family: Sylfaen, serif;\"><span>Tu n\u2019aspires qu\u2019\u00e0 ton int\u00e9gration<\/span><\/span><\/p>\n<p align=\"center\"><span style=\"font-family: Sylfaen, serif;\"><span>Que tu confonds avec assimilation<\/span><\/span><\/p>\n<p align=\"center\"><span style=\"font-family: Sylfaen, serif;\"><span>Tu es fier de ton acculturation<\/span><\/span><\/p>\n<p align=\"center\"><span style=\"font-family: Sylfaen, serif;\"><span>Petit toutou &#8211; pauvre couillon<\/span><\/span><\/p>\n<p align=\"center\"><span style=\"font-family: Sylfaen, serif;\"><span>IV<\/span><\/span><\/p>\n<p align=\"center\"><span style=\"font-family: Sylfaen, serif;\"><span>Tu ne seras jamais affranchi<\/span><\/span><\/p>\n<p align=\"center\"><span style=\"font-family: Sylfaen, serif;\"><span>A te conduire en n\u00e8gre-blanchi<\/span><\/span><\/p>\n<p align=\"center\"><span style=\"font-family: Sylfaen, serif;\"><span>Conz\u00e9 Laquinte ou Lucr\u00e8ce<\/span><\/span><\/p>\n<p align=\"center\"><span style=\"font-family: Sylfaen, serif;\"><span>Minables de la m\u00eame esp\u00e8ce<\/span><\/span><\/p>\n<p align=\"center\"><span style=\"font-family: Sylfaen, serif;\"><span>V<\/span><\/span><\/p>\n<p align=\"center\"><span style=\"font-family: Sylfaen, serif;\"><span>Jadis tu subissais ta condition<\/span><\/span><\/p>\n<p align=\"center\"><span style=\"font-family: Sylfaen, serif;\"><span>Depuis par ta sotte soumission<\/span><\/span><\/p>\n<p align=\"center\"><span style=\"font-family: Sylfaen, serif;\"><span>Et ton aplatventrisme sordide<\/span><\/span><\/p>\n<p align=\"center\"><span style=\"font-family: Sylfaen, serif;\"><span>Tu participes de ton \u00e9tat morbide<\/span><\/span><\/p>\n<p align=\"center\"><span style=\"font-family: Sylfaen, serif;\"><span>VI<\/span><\/span><\/p>\n<p align=\"center\"><span style=\"font-family: Sylfaen, serif;\"><span>Nos anc\u00eatres t\u2019ont bien affranchi<\/span><\/span><\/p>\n<p align=\"center\"><span style=\"font-family: Sylfaen, serif;\"><span>Tu y as renonc\u00e9, tu t\u2019es enfui<\/span><\/span><\/p>\n<p align=\"center\"><span style=\"font-family: Sylfaen, serif;\"><span>Afin de rejoindre ton ma\u00eetre<\/span><\/span><\/p>\n<p align=\"center\"><span style=\"font-family: Sylfaen, serif;\"><span>Esp\u00e9rant beaucoup mieux pa\u00eetre<\/span><\/span><\/p>\n<p align=\"center\"><span style=\"font-family: Sylfaen, serif;\"><span>VII<\/span><\/span><\/p>\n<p align=\"center\"><span style=\"font-family: Sylfaen, serif;\"><span>L\u2019esclavage est dans le paysage<\/span><\/span><\/p>\n<p align=\"center\"><span style=\"font-family: Sylfaen, serif;\"><span>Il a certes chang\u00e9 de visage<\/span><\/span><\/p>\n<p align=\"center\"><span style=\"font-family: Sylfaen, serif;\"><span>Mais effectue autant de ravage<\/span><\/span><\/p>\n<p align=\"center\"><span style=\"font-family: Sylfaen, serif;\"><span>A partir de diff\u00e9rents clivages<\/span><\/span><\/p>\n<p align=\"center\"><span style=\"font-family: Sylfaen, serif;\"><span>VIII<\/span><\/span><\/p>\n<p align=\"center\"><span style=\"font-family: Sylfaen, serif;\"><span>Les chaines ont disparu de tes pieds<\/span><\/span><\/p>\n<p align=\"center\"><span style=\"font-family: Sylfaen, serif;\"><span>Maintenant en ton \u00e2me accroch\u00e9es<\/span><\/span><\/p>\n<p align=\"center\"><span style=\"font-family: Sylfaen, serif;\"><span>Causant bien moins de casse<\/span><\/span><\/p>\n<p align=\"center\"><span style=\"font-family: Sylfaen, serif;\"><span>Elles se r\u00e9v\u00e8lent plus efficaces<\/span><\/span><\/p>\n<p align=\"justify\"><span style=\"font-family: Sylfaen, serif;\"><span>SHM av.<\/span><\/span><\/p>\n<p align=\"center\">\n<\/div>\n<p lang=\"fr-FR\" align=\"justify\">\n<p lang=\"fr-FR\" align=\"justify\">\n<\/div>\n<script type=\"text\/javascript\">\n\nvar addthis_config = {\"data_track_clickback\":false,\"data_track_addressbar\":false,\"data_track_textcopy\":false};\n<\/script><script type=\"text\/javascript\" src=\"\/\/s7.addthis.com\/js\/250\/addthis_widget.js#pubid=f084fdfbcefba74c78dfad3bbc873ffd\"><\/script>","protected":false},"excerpt":{"rendered":"<p align=\"center\"><span>\u00ab Quo vadis\u00a0? \u00bb<\/span><\/p>\n<p lang=\"fr-FR\" align=\"justify\">\u00a0 \u00a0 \u00a0 \u00a0 \u00a0 \u00a0 \u00a0 \u00a0<span style=\"color: #800000;\">par\u00a0Me Serge H. Mo\u00efse av.<\/span><\/p>\n<p align=\"justify\"><span>En l&rsquo;an de gr\u00e2ce mil huit cent trois (1803), le d\u00e9fi majeur \u00e0 relever pour le peuple ha\u00eftien en devenir, \u00e9tait de rompre les cha\u00eenes de <\/span>&hellip;<\/p>\n","protected":false},"author":1,"featured_media":0,"comment_status":"open","ping_status":"open","sticky":false,"template":"","format":"standard","meta":{"footnotes":""},"categories":[1],"tags":[],"class_list":["post-11032","post","type-post","status-publish","format-standard","hentry","category-accueil"],"_links":{"self":[{"href":"https:\/\/www.lecarrefourdesopinions.ca\/index.php?rest_route=\/wp\/v2\/posts\/11032","targetHints":{"allow":["GET"]}}],"collection":[{"href":"https:\/\/www.lecarrefourdesopinions.ca\/index.php?rest_route=\/wp\/v2\/posts"}],"about":[{"href":"https:\/\/www.lecarrefourdesopinions.ca\/index.php?rest_route=\/wp\/v2\/types\/post"}],"author":[{"embeddable":true,"href":"https:\/\/www.lecarrefourdesopinions.ca\/index.php?rest_route=\/wp\/v2\/users\/1"}],"replies":[{"embeddable":true,"href":"https:\/\/www.lecarrefourdesopinions.ca\/index.php?rest_route=%2Fwp%2Fv2%2Fcomments&post=11032"}],"version-history":[{"count":3,"href":"https:\/\/www.lecarrefourdesopinions.ca\/index.php?rest_route=\/wp\/v2\/posts\/11032\/revisions"}],"predecessor-version":[{"id":11051,"href":"https:\/\/www.lecarrefourdesopinions.ca\/index.php?rest_route=\/wp\/v2\/posts\/11032\/revisions\/11051"}],"wp:attachment":[{"href":"https:\/\/www.lecarrefourdesopinions.ca\/index.php?rest_route=%2Fwp%2Fv2%2Fmedia&parent=11032"}],"wp:term":[{"taxonomy":"category","embeddable":true,"href":"https:\/\/www.lecarrefourdesopinions.ca\/index.php?rest_route=%2Fwp%2Fv2%2Fcategories&post=11032"},{"taxonomy":"post_tag","embeddable":true,"href":"https:\/\/www.lecarrefourdesopinions.ca\/index.php?rest_route=%2Fwp%2Fv2%2Ftags&post=11032"}],"curies":[{"name":"wp","href":"https:\/\/api.w.org\/{rel}","templated":true}]}}