{"id":11021,"date":"2014-11-01T09:53:37","date_gmt":"2014-11-01T13:53:37","guid":{"rendered":"http:\/\/www.lecarrefourdesopinions.ca\/?p=11021"},"modified":"2014-11-01T09:53:37","modified_gmt":"2014-11-01T13:53:37","slug":"qui-vivra-verra","status":"publish","type":"post","link":"https:\/\/www.lecarrefourdesopinions.ca\/?p=11021","title":{"rendered":"\u00ab Qui Vivra Verra \u00bb"},"content":{"rendered":"<div><\/div>\n<div>\n<p align=\"center\"><span style=\"font-size: large;\">\u00ab Qui Vivra Verra \u00bb<\/span><\/p>\n<p style=\"text-align: left;\" align=\"center\"><img loading=\"lazy\" decoding=\"async\" class=\"alignleft size-thumbnail wp-image-10358\" title=\"Serge 1\" src=\"http:\/\/www.lecarrefourdesopinions.ca\/wp-content\/uploads\/2013\/11\/Serge-1-101x107.jpg\" alt=\"\" width=\"101\" height=\"107\" \/>\u00a0par\u00a0Serge H. Mo\u00efse av.<\/p>\n<p align=\"justify\"><span style=\"font-size: large;\">Du choc des id\u00e9es jaillit la lumi\u00e8re nous disait Nicolas Boileau, au si\u00e8cle des Lumi\u00e8res. Ren\u00e9 Descartes de son c\u00f4t\u00e9 nous rappelait que le bon sens \u00e9tait la chose la mieux partag\u00e9e dans le monde. Quant \u00e0 Rochefoucauld, beaucoup plus r\u00e9aliste, il a soulign\u00e9 \u00e0 l&rsquo;eau forte que \u00ab les vertus se perdaient dans l&rsquo;int\u00e9r\u00eat comme les fleuves dans la mer \u00bb.<\/span><\/p>\n<p align=\"justify\"><span style=\"font-size: large;\">Plus pr\u00e8s de nous Martin Luther King jr. faisait le triste constat \u00e0 l&rsquo;effet que: l&rsquo;indiff\u00e9rence des gens de bien l&rsquo;effrayait plus que l&rsquo;oppression des m\u00e9chants.<\/span><\/p>\n<p align=\"justify\"><span style=\"font-size: large;\">Autant de r\u00e9flexions profondes qui flattent les esprits cultiv\u00e9s sans interpeller les consciences, ce qui semble confirmer, si besoin \u00e9tait, les propos suivants de Fran\u00e7ois Rabelais \u00ab Science sans conscience n&rsquo;est que ruine de l&rsquo;\u00e2me \u00bb.<\/span><\/p>\n<p align=\"justify\"><span style=\"font-size: large;\">Serions-nous engag\u00e9s \u00e0 plein dans la quatri\u00e8me guerre mondiale se demandent plus d&rsquo;un perplexes et anxieux?<\/span><\/p>\n<p align=\"justify\"><span style=\"font-size: large;\">Tous les jours, depuis trois ans au moins, les m\u00e9dias nous bombardent avec des nouvelles aussi affreuses qu&rsquo;alarmantes. Des centaines de milliers de nos s\u0153urs et fr\u00e8res sont sacrifi\u00e9s dans certaines parties du monde, et apr\u00e8s les trois guerres meurtri\u00e8res que nous avons eues au si\u00e8cle dernier, rien ne saurait justifier la r\u00e9\u00e9dition d&rsquo;une situation aussi macabre, d&rsquo;autant que la morale et le droit international condamnent sans la moindre \u00e9quivoque, ces inutiles tueries qui ab\u00eatissent ni plus ni moins l&rsquo;humanit\u00e9 tout enti\u00e8re.<\/span><\/p>\n<p align=\"justify\"><span style=\"font-size: large;\">Alors!<\/span><\/p>\n<p align=\"center\"><span style=\"font-size: large; color: #800000;\">Encore des guerres de religion<\/span><\/p>\n<p align=\"center\"><span style=\"font-size: large; color: #800000;\">H\u00e9las la pire des abominations<\/span><\/p>\n<p align=\"center\"><span style=\"font-size: large; color: #800000;\">Pour l&rsquo;\u00eatre humain en mutation<\/span><\/p>\n<p align=\"center\"><span style=\"font-size: large; color: #800000;\">En qu\u00eate de sa vraie orientation<\/span><\/p>\n<p align=\"center\">\n<p align=\"justify\"><span style=\"font-size: large;\">A ces catastrophes humaines, il faut ajouter la kyrielle de pand\u00e9mies telles: la peste, la tuberculose, le sida, le chol\u00e9ra et de nos jours l&rsquo;\u00c9bola qui nous fait tous trembler d&rsquo;inqui\u00e9tude et d&rsquo;angoisse.<\/span><\/p>\n<p align=\"justify\"><span style=\"font-size: large;\">Ces bouleversements au fil des si\u00e8cles auraient d\u00fb conditionner et d\u00e9velopper chez tous et chacun d&rsquo;entre nous, un sens aigu de la fraternit\u00e9 et de la solidarit\u00e9. Force est de constater qu&rsquo;il n&rsquo;en est rien. Homo homini lupus disaient les anciens.<\/span><\/p>\n<p align=\"justify\"><span style=\"font-size: large;\">Notre ami <em>Z\u00e9non Mazur<\/em>, grand \u00e9rudit, nous a fait parvenir r\u00e9cemment cette page retrouv\u00e9e que nous prenons plaisir \u00e0 partager avec vous aimables lectrices et lecteurs. Il s&rsquo;agit de ce singulier dialogue entre ces deux \u00ab visionnaires \u00bb selon Antoine Rault dans Le Diable Rouge:<\/span><\/p>\n<p align=\"justify\"><span style=\"font-size: large;\">Colbert:<\/span><\/p>\n<p align=\"justify\"><span style=\"font-size: large; color: #800000;\">Pour trouver de l&rsquo;argent, il arrive un moment o\u00f9 tripoter ne suffit plus. J&rsquo;aimerais que Monsieur le Surintendant m&rsquo;explique comment on s&rsquo;y prend pour d\u00e9penser encore quand on est endett\u00e9 jusqu&rsquo;au cou.<\/span><\/p>\n<p align=\"justify\"><span style=\"font-size: large;\">Mazarin: <\/span><\/p>\n<p align=\"justify\"><span style=\"font-size: large; color: #800000;\">Quand on est un simple mortel, bien s\u00fbr, et qu&rsquo;on est couvert de dettes, on va en prison. Mais l&rsquo;\u00c9tat, lui, c&rsquo;est diff\u00e9rent. On ne peut pas jeter l&rsquo;\u00c9tat en prison. Alors, il continue, il creuse la dette. Tous les \u00c9tats font \u00e7a.<\/span><\/p>\n<p align=\"justify\"><span style=\"font-size: large;\">Colbert:<\/span><\/p>\n<p align=\"justify\"><span style=\"font-size: large; color: #800000;\">Ah oui? Vous croyez? Cependant il nous faut de l&rsquo;argent. Et comment en trouver quand on a d\u00e9j\u00e0 cr\u00e9\u00e9 tous les imp\u00f4ts imaginables?<\/span><\/p>\n<p align=\"justify\"><span style=\"font-size: large;\">Mazarin:<\/span><\/p>\n<p align=\"justify\"><span style=\"font-size: large; color: #800000;\">On en cr\u00e9e d&rsquo;autres<\/span><\/p>\n<p align=\"justify\"><span style=\"font-size: large;\">Colbert:<\/span><\/p>\n<p align=\"justify\"><span style=\"font-size: large; color: #800000;\">On ne peut taxer les pauvres plus qu&rsquo;ils ne le sont d\u00e9j\u00e0<\/span><\/p>\n<p align=\"justify\"><span style=\"font-size: large;\">Mazarin:<\/span><\/p>\n<p align=\"justify\"><span style=\"font-size: large; color: #800000;\">Oui, c&rsquo;est vrai, c&rsquo;est impossible!<\/span><\/p>\n<p align=\"justify\"><span style=\"font-size: large;\">Colbert:<\/span><\/p>\n<p align=\"justify\"><span style=\"font-size: large; color: #800000;\">Alors les riches?<\/span><\/p>\n<p align=\"justify\"><span style=\"font-size: large;\">Mazarin: <\/span><\/p>\n<p align=\"justify\"><span style=\"font-size: large; color: #800000;\">Les riches, non plus. Ils ne d\u00e9penseraient plus. Un riche qui d\u00e9pense fait vivre des centaines de pauvres!<\/span><\/p>\n<p align=\"justify\"><span style=\"font-size: large;\">Colbert:<\/span><\/p>\n<p align=\"justify\"><span style=\"font-size: large; color: #800000;\">Mais alors, comment fait-on?<\/span><\/p>\n<p align=\"justify\"><span style=\"font-size: large;\">Mazarin:<\/span><\/p>\n<p align=\"justify\"><span style=\"font-size: large; color: #800000;\">Colbert, tu raisonnes comme un pot de chambre sous le derri\u00e8re d&rsquo;un malade. Il y a quantit\u00e9 de gens qui sont entre les deux, ni riches, ni pauvres. Ces gens qui se tuent au travail r\u00eavant d&rsquo;\u00eatre riches et redoutant d&rsquo;\u00eatre pauvres. C&rsquo;est ceux-l\u00e0 que nous devons taxer, encore plus, toujours plus! Ceux-l\u00e0, plus tu leur prends, plus ils travaillent pour compenser. Ils constituent un r\u00e9servoir in\u00e9puisable.<\/span><\/p>\n<p align=\"justify\"><span style=\"font-size: large;\">Et c&rsquo;\u00e9tait, il y a quatre si\u00e8cles! H\u00e9las rien n&rsquo;a chang\u00e9 depuis, except\u00e9 le nom qu&rsquo;on leur colle de temps en temps. Ils seront les classes prol\u00e9tariennes, les cochons de payant et aujourd&rsquo;hui les classes moyennes. Ce dialogue certainement \u00e9difiant ne serait-il pas l&rsquo;a-b-c de ce que les modernes appellent l&rsquo;\u00e9conomie n\u00e9o-lib\u00e9rale qui traverse l&rsquo;Occident chr\u00e9tien avec les cons\u00e9quences que nous constatons et qui affiche des signes de grande fatigue.<\/span><\/p>\n<p align=\"justify\"><span style=\"font-size: large;\">Il y a h\u00e9las de ces pays du tiers-monde qui s&rsquo;\u00e9rigent en v\u00e9ritables microcosmes de ce monde toujours en guerre avec lui-m\u00eame. Avec des dirigeants qui se sont donn\u00e9s pour t\u00e2che de confirmer les th\u00e8ses de Gobineau, la corruption est organis\u00e9e en syst\u00e8me, le respect des droits et libert\u00e9s devient une utopie et leurs populations croupissent dans des conditions infra-humaines.<\/span><\/p>\n<p align=\"justify\"><span style=\"font-size: large;\">On serait tent\u00e9 de croire que, plus l&rsquo;homme avance au niveau des connaissances scientifiques et plus il recule sur le plan humain! La perfection des moyens et la confusion des buts semblent caract\u00e9riser notre \u00e9poque d\u00e9plorait Albert Einstein depuis belle lurette et dans un \u00e9lan de pessimisme, il ajoutait: \u00ab Le progr\u00e8s technique est comme une hache qu&rsquo;on mettrait dans les mains d&rsquo;un psychopathe \u00bb.<\/span><\/p>\n<p align=\"justify\"><span style=\"font-size: large;\">La plan\u00e8te regorge suffisamment de richesses pour enrayer \u00e0 tout jamais la pauvret\u00e9 aux quatre coins du monde. Pourtant l&rsquo;app\u00e2t du gain, le c\u00f4t\u00e9 insatiable de l&rsquo;animal qui sommeille en tout homme, cette psychose de vouloir \u00eatre en \u00e9tat de perp\u00e9tuelle domination de l&rsquo;autre conduisent aux calamit\u00e9s qui se r\u00e9p\u00e8tent au fil des si\u00e8cles au grand dam des \u00e9ternelles victimes.<\/span><\/p>\n<p align=\"justify\"><span style=\"font-size: large;\">La Lybie, le Nigeria, la Syrie, l&rsquo;Irak, l&rsquo;Afganistan, la Bande Gaza, l&rsquo;Ukraine et Ha\u00efti sont autant de points chauds du globe o\u00f9 les sacrifi\u00e9s en tous genres se comptent par millions. <\/span><\/p>\n<p align=\"justify\"><span style=\"font-size: large;\">Pesonne n&rsquo;est \u00e0 l&rsquo;abri des r\u00e9percussions de ce grand cafouillis, la France, l&rsquo;allemagne et la belgique en ont fait l&rsquo;exp\u00e9rience, les \u00c9tats-Unis n&rsquo;y ont pas \u00e9chapp\u00e9 et la semaine derni\u00e8re c&rsquo;\u00e9tait le tour du Canada d&rsquo;\u00eatre s\u00e9v\u00e8rement secou\u00e9 par la mort gratuite et inutile de deux jeunes soldats tomb\u00e9s sous les coups de deux autres victimes, souffrant apparemment, de d\u00e9ficience mentale.<\/span><\/p>\n<p align=\"justify\"><span style=\"font-size: large;\">La violence attire toujours la violence, nous en avons fait l&rsquo;am\u00e8re exp\u00e9rience, il va de soi, que cette quatri\u00e8me guerre mondiale ne r\u00e8glera pas grand chose, pas plus que les trois premi\u00e8res.<\/span><\/p>\n<p align=\"justify\"><span style=\"font-size: large;\">Il devient donc imp\u00e9rieux que tous et chacun d&rsquo;entre nous, \u00e0 travers toute la plan\u00e8te, profitant de la technologie des communications modernes, fassions comprendre \u00e0 nos dirigeants qu&rsquo;ils font fausse route en d\u00e9pit de leurs bonnes intentions. <\/span><\/p>\n<p align=\"justify\"><span style=\"font-size: large;\">L&rsquo;heure est au dialogue sinc\u00e8re, franc et ouvert entre les bellig\u00e9rants afin d&rsquo;\u00e9viter que notre aveugl\u00e9ment ne nous engloutisse tous autant que nous sommes, les uns apr\u00e8s les autres. En tout \u00e9tat de cause, il s&rsquo;av\u00e8re indispensable de rompre avec le: Qui vivra verra!<\/span><\/p>\n<p align=\"justify\"><span style=\"font-size: large;\">\u00a0 \u00a0 \u00a0 \u00a0 \u00a0 \u00a0 \u00a0 \u00a0 \u00a0 \u00a0 \u00a0 \u00a0 \u00a0 \u00a0 \u00a0 \u00a0 \u00a0 \u00a0 \u00a0 \u00a0 \u00a0 \u00a0 \u00a0 \u00a0 \u00a0 \u00a0 \u00a0 \u00a0 \u00a0 \u00a0 \u00a0 \u00a0 \u00a0 \u00a0 \u00a0 \u00a0 \u00a0 \u00a0 \u00a0 \u00a0 \u00a0 \u00a0 \u00a0 \u00a0 \u00a0 \u00a0 \u00a0 \u00a0 \u00a0 \u00a0 \u00a0 \u00a0 \u00a0 \u00a0\u00a0<\/span><\/p>\n<p align=\"justify\">\n<p align=\"justify\">\n<p align=\"justify\">\n<p align=\"right\">\n<p align=\"justify\">\n<p align=\"justify\">\n<p align=\"justify\">\n<p align=\"justify\">\n<p align=\"justify\">\n<p align=\"center\">\n<p align=\"center\">\n<\/div>\n<script type=\"text\/javascript\">\n\nvar addthis_config = {\"data_track_clickback\":false,\"data_track_addressbar\":false,\"data_track_textcopy\":false};\n<\/script><script type=\"text\/javascript\" src=\"\/\/s7.addthis.com\/js\/250\/addthis_widget.js#pubid=f084fdfbcefba74c78dfad3bbc873ffd\"><\/script>","protected":false},"excerpt":{"rendered":"<p align=\"center\"><span style=\"font-size: large;\">\u00ab Qui Vivra Verra \u00bb<\/span><\/p>\n<p style=\"text-align: left;\" align=\"center\">\u00a0par\u00a0Serge H. Mo\u00efse av.<\/p>\n<p align=\"justify\"><span style=\"font-size: large;\">Du choc des id\u00e9es jaillit la lumi\u00e8re nous disait Nicolas Boileau, au si\u00e8cle des Lumi\u00e8res. Ren\u00e9 Descartes de son c\u00f4t\u00e9 nous rappelait que le bon sens \u00e9tait <\/span>&hellip;<\/p>\n","protected":false},"author":1,"featured_media":0,"comment_status":"open","ping_status":"open","sticky":false,"template":"","format":"standard","meta":{"footnotes":""},"categories":[1],"tags":[],"class_list":["post-11021","post","type-post","status-publish","format-standard","hentry","category-accueil"],"_links":{"self":[{"href":"https:\/\/www.lecarrefourdesopinions.ca\/index.php?rest_route=\/wp\/v2\/posts\/11021","targetHints":{"allow":["GET"]}}],"collection":[{"href":"https:\/\/www.lecarrefourdesopinions.ca\/index.php?rest_route=\/wp\/v2\/posts"}],"about":[{"href":"https:\/\/www.lecarrefourdesopinions.ca\/index.php?rest_route=\/wp\/v2\/types\/post"}],"author":[{"embeddable":true,"href":"https:\/\/www.lecarrefourdesopinions.ca\/index.php?rest_route=\/wp\/v2\/users\/1"}],"replies":[{"embeddable":true,"href":"https:\/\/www.lecarrefourdesopinions.ca\/index.php?rest_route=%2Fwp%2Fv2%2Fcomments&post=11021"}],"version-history":[{"count":3,"href":"https:\/\/www.lecarrefourdesopinions.ca\/index.php?rest_route=\/wp\/v2\/posts\/11021\/revisions"}],"predecessor-version":[{"id":11029,"href":"https:\/\/www.lecarrefourdesopinions.ca\/index.php?rest_route=\/wp\/v2\/posts\/11021\/revisions\/11029"}],"wp:attachment":[{"href":"https:\/\/www.lecarrefourdesopinions.ca\/index.php?rest_route=%2Fwp%2Fv2%2Fmedia&parent=11021"}],"wp:term":[{"taxonomy":"category","embeddable":true,"href":"https:\/\/www.lecarrefourdesopinions.ca\/index.php?rest_route=%2Fwp%2Fv2%2Fcategories&post=11021"},{"taxonomy":"post_tag","embeddable":true,"href":"https:\/\/www.lecarrefourdesopinions.ca\/index.php?rest_route=%2Fwp%2Fv2%2Ftags&post=11021"}],"curies":[{"name":"wp","href":"https:\/\/api.w.org\/{rel}","templated":true}]}}