{"id":11019,"date":"2014-11-01T09:51:49","date_gmt":"2014-11-01T13:51:49","guid":{"rendered":"http:\/\/www.lecarrefourdesopinions.ca\/?p=11019"},"modified":"2014-11-01T09:51:49","modified_gmt":"2014-11-01T13:51:49","slug":"le-blogueur-dieu-cay-etait-detenu","status":"publish","type":"post","link":"https:\/\/www.lecarrefourdesopinions.ca\/?p=11019","title":{"rendered":"Le blogueur Dieu Cay \u00e9tait d\u00e9tenu"},"content":{"rendered":"<p><em><span style=\"color: #800000;\">\u00a0 \u00a0 \u00a0 \u00a0 \u00a0 \u00a0 \u00a0 \u00a0 \u00a0 \u00a0 \u00a0 \u00a0 \u00a0<\/span><\/em><\/p>\n<p><em><strong>Le blogueur Dieu Cay \u00e9tait d\u00e9tenu au Vietnam. Il a \u00e9t\u00e9 expuls\u00e9 aux \u00c9tats-Unis. Une nouvelle preuve du rapprochement de Hano\u00ef vers Washington, face \u00e0 la pression r\u00e9gionale de P\u00e9kin.<\/strong><\/em><\/p>\n<p><em><img loading=\"lazy\" decoding=\"async\" class=\"alignleft size-full wp-image-10320\" title=\"photo Tho 2\" src=\"http:\/\/www.lecarrefourdesopinions.ca\/wp-content\/uploads\/2013\/11\/photo-Tho-2.jpg\" alt=\"\" width=\"77\" height=\"91\" \/>\u00a0\u00a0<\/em><\/p>\n<p>&nbsp;<\/p>\n<p><em><span style=\"color: #800000;\">envoy\u00e9 par Lam Cham Tho\u00a0<\/span><\/em><\/p>\n<p><strong>Quelles sont les circonstances de cette lib\u00e9ration\u2009\u00a0?<\/strong><\/p>\n<p>Les \u00c9tats-Unis ont accueilli mardi 21 octobre au soir Dieu Cay, un des plus c\u00e9l\u00e8bres dissidents vietnamiens, lib\u00e9r\u00e9 par Hano\u00ef. Le blogueur avait \u00e9t\u00e9 condamn\u00e9 \u00e0 12 ans de prison en septembre 2012 par un tribunal vietnamien qui l\u2019avait accus\u00e9 de \u00ab\u00a0propagande anti-\u00c9tat\u00a0\u00bb.<\/p>\n<p>Deux autres blogueurs avaient \u00e9t\u00e9 condamn\u00e9s respectivement \u00e0 10 ans et quatre ans d\u2019emprisonnement. Les inculpations pour propagande contre l\u2019\u00c9tat communiste sont courantes au Vietnam.<\/p>\n<p>\u00ab\u00a0Ceci est le r\u00e9sultat de la victoire des valeurs d\u00e9mocratiques\u00a0\u00bb, a lanc\u00e9 Dieu Cay \u00e0 plusieurs dizaines de partisans venus l\u2019accueillir \u00e0 l\u2019a\u00e9roport de Los Angeles. Dieu Cay, de son vrai nom Nguyen Van Hai, a affirm\u00e9 qu\u2019il continuerait \u00e0 lutter pour la d\u00e9mocratie et les autres prisonniers au Vietnam.<\/p>\n<p>L\u2019ex-femme du dissident, Duong Thi Tan, a rapport\u00e9 sur Radio Free Asia que les autorit\u00e9s vietnamiennes n\u2019avaient pas donn\u00e9 le choix \u00e0 Hai. Il a \u00e9t\u00e9 conduit directement depuis sa prison \u00e0 l\u2019a\u00e9roport.<\/p>\n<p>\u00ab\u00a0Nous saluons la d\u00e9cision des autorit\u00e9s vietnamiennes de lib\u00e9rer ce prisonnier de conscience\u00a0\u00bb, a r\u00e9agi la porte-parole adjointe du d\u00e9partement d\u2019\u00c9tat am\u00e9ricain, Marie Harf.<\/p>\n<p>\u00ab\u00a0Le gouvernement ne change pas, c\u2019est un tour de passe-passe. Ils font \u00e7a pour changer temporairement l\u2019opinion\u00a0\u00bb de la communaut\u00e9 internationale, a critiqu\u00e9 le fils de Dieu Cay, Nguyen Tri Dung, interrog\u00e9 par l\u2019Agence France-Presse \u00e0 Hano\u00ef.<\/p>\n<p><strong>Quel est le contexte g\u00e9opolitique de cette lib\u00e9ration\u2009\u00a0?<\/strong><\/p>\n<p>Cette lib\u00e9ration intervient quelques semaines apr\u00e8s la lev\u00e9e partielle de l\u2019embargo am\u00e9ricain sur les ventes d\u2019armes \u00e0 Hano\u00ef, en vigueur depuis la fin de la guerre du Vietnam il y a pr\u00e8s de 40 ans. Cette annonce \u00e9tait un avertissement \u00e0 P\u00e9kin qui a d\u2019importants diff\u00e9rends territoriaux en mer de Chine m\u00e9ridionale avec ses voisins d\u2019Asie du Sud-Est, notamment le Vietnam.<\/p>\n<p>La lib\u00e9ration de Dieu Cay est consid\u00e9r\u00e9e par Hano\u00ef comme \u00ab\u00a0n\u00e9cessaire pour faire avancer les efforts de construction d\u2019un nouveau partenariat strat\u00e9gique avec les \u00c9tats-Unis\u00a0\u00bb, analyse Jonathan London, de la City University de Hong Kong.<\/p>\n<p>\u00ab\u00a0Ce qui int\u00e9resse les Vietnamiens, c\u2019est d\u2019\u00eatre proches des \u00c9tats-Unis\u00a0\u00bb face \u00e0 la Chine, estime Phil Robertson, repr\u00e9sentant en Asie de l\u2019ONG Human Rights Watch. Il reproche \u00e0 Hano\u00ef des lib\u00e9rations symboliques des \u00ab\u00a0dissidents importants\u00a0\u00bb sans mouvement de fond.<\/p>\n<p>En mai 2012, le pr\u00e9sident am\u00e9ricain avait invit\u00e9 la communaut\u00e9 internationale \u00e0 \u00ab\u00a0ne pas oublier les journalistes comme le blogueur Dieu Cay, dont l\u2019arrestation en 2008 a co\u00efncid\u00e9 avec une vague de r\u00e9pression contre les journalistes au Vietnam\u00a0\u00bb.<\/p>\n<p><strong>Quel est le jeu des \u00c9tats-Unis\u2009\u00a0?<\/strong><\/p>\n<p>Sa lib\u00e9ration intervient alors que Barack Obama entame une grande tourn\u00e9e asiatique en novembre. Les tensions sont vives en mer de Chine m\u00e9ridionale, dont P\u00e9kin revendique la quasi-int\u00e9gralit\u00e9 du territoire maritime. Elle y a des diff\u00e9rends territoriaux avec Brunei, la Malaisie, les Philippines et le Vietnam, ainsi qu\u2019avec Ta\u00efwan.<\/p>\n<p>Les relations ont \u00e9t\u00e9 tr\u00e8s difficiles ces derniers mois entre P\u00e9kin et Hano\u00ef, apr\u00e8s l\u2019installation en mai d\u2019une plate-forme p\u00e9troli\u00e8re chinoise pr\u00e8s de l\u2019archipel disput\u00e9 des Paracels, provoquant au Vietnam des \u00e9meutes antichinoises.<\/p>\n<p>Les \u00c9tats-Unis, qui officiellement ne prennent pas position sur ces conflits territoriaux, avaient d\u00e9nonc\u00e9 les actions \u00ab\u00a0d\u00e9stabilisatrices\u00a0\u00bb de P\u00e9kin. La Chine avait ensuite retir\u00e9 cette plate-forme.<\/p>\n<p>Source\u00a0: <a href=\"http:\/\/www.la-croix.com\/Actualite\/Monde\/Un-dissident-vietnamien-est-accueilli-aux-Etats-Unis-2014-10-22-1252927\" rel=\"external\" target=\"_blank\">La Croix<\/a><\/p>\n<script type=\"text\/javascript\">\n\nvar addthis_config = {\"data_track_clickback\":false,\"data_track_addressbar\":false,\"data_track_textcopy\":false};\n<\/script><script type=\"text\/javascript\" src=\"\/\/s7.addthis.com\/js\/250\/addthis_widget.js#pubid=f084fdfbcefba74c78dfad3bbc873ffd\"><\/script>","protected":false},"excerpt":{"rendered":"<p><span style=\"color: #800000;\">\u00a0 \u00a0 \u00a0 \u00a0 \u00a0 \u00a0 \u00a0 \u00a0 \u00a0 \u00a0 \u00a0 \u00a0 \u00a0<\/span><\/p>\n<p>Le blogueur Dieu Cay \u00e9tait d\u00e9tenu au Vietnam. Il a \u00e9t\u00e9 expuls\u00e9 aux \u00c9tats-Unis. Une nouvelle preuve du rapprochement de Hano\u00ef vers Washington, face \u00e0 la pression r\u00e9gionale de P\u00e9kin.<\/p>\n<p>\u00a0\u00a0<\/p>\n<p>&nbsp;<\/p>\n<p><span style=\"color: #800000;\">envoy\u00e9 par Lam Cham Tho\u00a0<\/span><\/p>\n<p>Quelles &hellip;<\/p>\n","protected":false},"author":1,"featured_media":0,"comment_status":"open","ping_status":"open","sticky":false,"template":"","format":"standard","meta":{"footnotes":""},"categories":[1],"tags":[],"class_list":["post-11019","post","type-post","status-publish","format-standard","hentry","category-accueil"],"_links":{"self":[{"href":"https:\/\/www.lecarrefourdesopinions.ca\/index.php?rest_route=\/wp\/v2\/posts\/11019","targetHints":{"allow":["GET"]}}],"collection":[{"href":"https:\/\/www.lecarrefourdesopinions.ca\/index.php?rest_route=\/wp\/v2\/posts"}],"about":[{"href":"https:\/\/www.lecarrefourdesopinions.ca\/index.php?rest_route=\/wp\/v2\/types\/post"}],"author":[{"embeddable":true,"href":"https:\/\/www.lecarrefourdesopinions.ca\/index.php?rest_route=\/wp\/v2\/users\/1"}],"replies":[{"embeddable":true,"href":"https:\/\/www.lecarrefourdesopinions.ca\/index.php?rest_route=%2Fwp%2Fv2%2Fcomments&post=11019"}],"version-history":[{"count":2,"href":"https:\/\/www.lecarrefourdesopinions.ca\/index.php?rest_route=\/wp\/v2\/posts\/11019\/revisions"}],"predecessor-version":[{"id":11026,"href":"https:\/\/www.lecarrefourdesopinions.ca\/index.php?rest_route=\/wp\/v2\/posts\/11019\/revisions\/11026"}],"wp:attachment":[{"href":"https:\/\/www.lecarrefourdesopinions.ca\/index.php?rest_route=%2Fwp%2Fv2%2Fmedia&parent=11019"}],"wp:term":[{"taxonomy":"category","embeddable":true,"href":"https:\/\/www.lecarrefourdesopinions.ca\/index.php?rest_route=%2Fwp%2Fv2%2Fcategories&post=11019"},{"taxonomy":"post_tag","embeddable":true,"href":"https:\/\/www.lecarrefourdesopinions.ca\/index.php?rest_route=%2Fwp%2Fv2%2Ftags&post=11019"}],"curies":[{"name":"wp","href":"https:\/\/api.w.org\/{rel}","templated":true}]}}