{"id":11007,"date":"2014-11-01T09:52:57","date_gmt":"2014-11-01T13:52:57","guid":{"rendered":"http:\/\/www.lecarrefourdesopinions.ca\/?p=11007"},"modified":"2014-11-01T09:52:57","modified_gmt":"2014-11-01T13:52:57","slug":"douteux-que-nous-soyons-un-peuple-en-progres","status":"publish","type":"post","link":"https:\/\/www.lecarrefourdesopinions.ca\/?p=11007","title":{"rendered":"Douteux que nous soyons un Peuple en Progr\u00e8s"},"content":{"rendered":"<p align=\"CENTER\"><span style=\"color: #000099;\"><span><em><strong>Douteux que nous soyons un Peuple en Progr\u00e8s.<\/strong><\/em><\/span><\/span><\/p>\n<p align=\"JUSTIFY\"><span style=\"color: #632423;\"><span style=\"font-family: 'Comic Sans MS', cursive;\"><span style=\"font-size: large;\">Le tout n\u2019est pas de dire<\/span><\/span><\/span><\/p>\n<p align=\"JUSTIFY\"><span style=\"color: #632423;\"><span style=\"font-family: 'Comic Sans MS', cursive;\"><span style=\"font-size: large;\">Surtout que nous savons combien<\/span><\/span><\/span><\/p>\n<p align=\"JUSTIFY\"><span style=\"color: #632423;\"><span style=\"font-family: 'Comic Sans MS', cursive;\"><span style=\"font-size: large;\">La bouche peut mentir.<\/span><\/span><\/span><\/p>\n<p align=\"JUSTIFY\"><img loading=\"lazy\" decoding=\"async\" class=\"alignleft size-thumbnail wp-image-10919\" title=\"Eric\" src=\"http:\/\/www.lecarrefourdesopinions.ca\/wp-content\/uploads\/2014\/09\/Eric-134x107.jpg\" alt=\"\" width=\"134\" height=\"107\" \/><\/p>\n<p align=\"JUSTIFY\"><span style=\"color: #632423;\"><span style=\"font-family: 'Comic Sans MS', cursive;\"><span style=\"font-size: large;\">\u00c9ric E.G. NOGARD<\/span><\/span><\/span><\/p>\n<p align=\"JUSTIFY\"><span style=\"color: #c00000;\"><span style=\"font-size: large;\"><em>Le petit Chroniqueur<\/em><\/span><\/span><span style=\"color: #c00000;\"><span style=\"font-size: large;\">.<\/span><\/span><\/p>\n<p>&nbsp;<\/p>\n<p lang=\"fr-CA\" align=\"CENTER\"><span style=\"font-size: large;\">*** *** ***<\/span><\/p>\n<p align=\"JUSTIFY\">\n<p align=\"JUSTIFY\"><span style=\"font-size: large;\">Cependant que nous avons derri\u00e8re nous tant de g\u00e9n\u00e9rations avec leurs mises en garde.<\/span><\/p>\n<p align=\"JUSTIFY\">\n<p align=\"JUSTIFY\"><span style=\"font-size: large;\">Autrement \u00e0 quelle place auraient-elles droit dans nos chromosomes ou dans notre sens commun.<\/span><\/p>\n<p align=\"JUSTIFY\">\n<p align=\"JUSTIFY\"><span style=\"font-size: large;\">Cependant que devant nous s\u2019ouvrent deux yeux pour nous le faire voir, n\u2019allons-nous pas tout droit au <\/span><span style=\"font-family: Arial, sans-serif;\"><span style=\"font-size: large;\"><em>pitfall<\/em><\/span><\/span><span style=\"font-size: large;\">.<\/span><\/p>\n<p align=\"JUSTIFY\">\n<p align=\"JUSTIFY\"><span style=\"font-size: large;\">Sommes-nous encore un Peuple qui progresse, nous n\u2019en savons strictement rien, bien que nous soyions par excellence, un pays \u00e0 pondre des bacheliers.<\/span><\/p>\n<p align=\"JUSTIFY\">\n<p align=\"JUSTIFY\"><span style=\"font-size: large;\">Des bacheliers dont h\u00e9las, la plupart ne sauront jamais bien lire ni bien \u00e9crire de leur vie, quand, \u00e0 moins de ma\u00eetriser ces exercices, et le calcul en plus, leurs grands et arri\u00e8re-grands-parents n\u2019avaient aucune chance de se faire admettre au Certificat d\u2019\u00c9tudes Primaires de ce Temps dont, \u00e0 tort ou \u00e0 raison, on dit autant de mal qu\u2019on peut, faute de l\u2019avoir connu, et faute de chercher \u00e0 conna\u00eetre ce temps que nous vivons.<\/span><\/p>\n<p align=\"JUSTIFY\">\n<p align=\"JUSTIFY\">\n<p align=\"JUSTIFY\"><span style=\"font-size: large;\">C\u2019est que nous avons chang\u00e9\u2026 et peut-\u00eatre, avons-nous mal chang\u00e9.<\/span><\/p>\n<p align=\"JUSTIFY\">\n<p align=\"JUSTIFY\"><span style=\"font-size: large;\">A savoir taper dans un ballon, faute de bagage scolaire, on avait ses chances d\u2019obtenir un poste de pompiste, dans une station d\u2019essence.<\/span><\/p>\n<p align=\"JUSTIFY\">\n<p align=\"JUSTIFY\"><span style=\"font-size: large;\">A savoir donner de la baguette dans la peau d\u2019un tambour on pouvait devenir employ\u00e9 municipal attach\u00e9 au h\u00e9raut communal pour l\u2019annonce aux citoyens des actes officiels.<\/span><\/p>\n<p align=\"JUSTIFY\">\n<p align=\"CENTER\"><img loading=\"lazy\" decoding=\"async\" class=\"aligncenter size-medium wp-image-11008\" title=\"Ph1 Pele\" src=\"http:\/\/www.lecarrefourdesopinions.ca\/wp-content\/uploads\/2014\/10\/Ph1-Pele-202x300.jpg\" alt=\"\" width=\"202\" height=\"300\" srcset=\"https:\/\/www.lecarrefourdesopinions.ca\/wp-content\/uploads\/2014\/10\/Ph1-Pele-202x300.jpg 202w, https:\/\/www.lecarrefourdesopinions.ca\/wp-content\/uploads\/2014\/10\/Ph1-Pele.jpg 239w\" sizes=\"auto, (max-width: 202px) 100vw, 202px\" \/><\/p>\n<p align=\"CENTER\">\n<p align=\"CENTER\"><span style=\"font-size: large;\"><strong>F1\u00a0:<\/strong><\/span><span style=\"color: #c00000;\"><span style=\"font-size: large;\"><em>PEL\u1e16, gentil gar\u00e7on, ma\u00eetre du ballon\u2026 et puis encore\u00a0?<\/em><\/span><\/span><\/p>\n<p align=\"JUSTIFY\">\n<p align=\"JUSTIFY\"><span style=\"font-size: large;\">Aujourd\u2019hui, pour ceci, on est un champion, un as, un h\u00e9ros, son pied est assur\u00e9 pour des centaines de millions, aupr\u00e8s des meilleures assurances et on devient ministre\u2026 comme PEL\u1e16\u2026 gentil gar\u00e7on au demeurant, mais \u00e0 part \u00e7a\u2026 h\u00e9las.<\/span><\/p>\n<p align=\"JUSTIFY\">\n<p align=\"JUSTIFY\"><span style=\"font-size: large;\">De nos jours, pour cela, de la Culture on devient le symbole, on fait ombre \u00e0 EINSTEIN, \u00e0 VON BRAUN \u00e0 Pierre-Gilles de GENNE, on est un artiste\u00a0!<\/span><\/p>\n<p align=\"JUSTIFY\">\n<p align=\"JUSTIFY\"><span style=\"font-size: large;\">On arbore sa m\u00e9daille de la L\u00e9gion d\u2019Honneur, on est une \u00c9toile plus brillante que celles du firmament.<\/span><\/p>\n<p style=\"text-align: center;\" align=\"JUSTIFY\">\n<p align=\"JUSTIFY\"><img loading=\"lazy\" decoding=\"async\" class=\"size-thumbnail wp-image-11010 alignleft\" title=\"Ph2 Albert EINSTEIN\" src=\"http:\/\/www.lecarrefourdesopinions.ca\/wp-content\/uploads\/2014\/10\/Ph2-Albert-EINSTEIN1-134x107.jpg\" alt=\"\" width=\"134\" height=\"107\" \/><img loading=\"lazy\" decoding=\"async\" class=\"size-thumbnail wp-image-11011 alignleft\" title=\"Ph3 Wernher VON BRAUN\" src=\"http:\/\/www.lecarrefourdesopinions.ca\/wp-content\/uploads\/2014\/10\/Ph3-Wernher-VON-BRAUN-134x107.jpg\" alt=\"\" width=\"134\" height=\"107\" \/><img loading=\"lazy\" decoding=\"async\" class=\"size-thumbnail wp-image-11012 alignleft\" title=\"Ph4 Pierre-Gille De GENNE\" src=\"http:\/\/www.lecarrefourdesopinions.ca\/wp-content\/uploads\/2014\/10\/Ph4-Pierre-Gille-De-GENNE-134x107.jpg\" alt=\"\" width=\"134\" height=\"107\" \/><br \/>\u00a0<span style=\"font-size: 13px;\">\u00a0<\/span><\/p>\n<p align=\"CENTER\">\n<p align=\"CENTER\">\n<p align=\"CENTER\">\n<p align=\"CENTER\"><span style=\"font-size: large;\"><strong>F2\u00a0:<\/strong><\/span><span style=\"color: #c00000;\"><span style=\"font-size: large;\"><em>EINSTEIN, VON BRAUN, GILLES-DE-GENNE.<\/em><\/span><\/span><\/p>\n<p align=\"JUSTIFY\">\n<p align=\"JUSTIFY\"><span style=\"font-size: large;\">Qu\u2019est-ce qu\u2019un Acad\u00e9micien en comparaison de Soi\u2026 on \u00e9tait n\u00e9 pour faire Honneur au Panth\u00e9on de la Nation et\u2026 \u00e7a y est, qu\u2019on ferme le ban.<\/span><\/p>\n<p align=\"JUSTIFY\">\n<p align=\"JUSTIFY\">\n<p align=\"JUSTIFY\"><span style=\"font-size: large;\">Dans un cas comme dans l\u2019autre, on s\u2019est vite enrichi, vite couvert de gloire, m\u00eame divinis\u00e9, n\u2019est-ce pas ce qui compte, n\u2019en d\u00e9plaise aux <\/span><span style=\"font-family: Arial, sans-serif;\"><span style=\"font-size: large;\"><em>book-worms<\/em><\/span><\/span><span style=\"font-size: large;\"> qui passaient pour la cr\u00e8me de notre Soci\u00e9t\u00e9, pour les \u00c9diles de notre Communaut\u00e9.<\/span><\/p>\n<p align=\"JUSTIFY\">\n<p align=\"JUSTIFY\"><span style=\"font-size: large;\">La diff\u00e9rence (s\u2019il y en a une qui puisse donner \u00e0 r\u00eaver) \u00e9tant qu\u2019hier le fils \u00ab\u00a0surpassait\u00a0\u00bb et son p\u00e8re, et son ma\u00eetre, au niveau du cerveau comme du savoir faire, alors qu\u2019aujourd\u2019hui, combien dans cet ordre d\u2019id\u00e9e, de fils atteignent le niveau de leur p\u00e8re, ou d\u2019\u00e9l\u00e8ves celui de leur ma\u00eetre\u2026 tricheries sur Commande mises \u00e0 part.<\/span><\/p>\n<p align=\"JUSTIFY\">\n<p align=\"JUSTIFY\"><span style=\"font-size: large;\">Mais qu\u2019importe, on est tapeur de ballon, on d\u00e9place des foules, on est musicien, rien ne vaut la Culture\u2026 ou ce que nous prenons pour telle \u00e0 travers nos Albums et nos Buts.<\/span><\/p>\n<p align=\"JUSTIFY\">\n<p align=\"JUSTIFY\">\n<p align=\"JUSTIFY\"><span style=\"font-size: large;\">Cependant, dans ces tournois sportifs \u00e0 donner plein la vue, et dans ces festivals mitrailleurs de tympans \u00e0 coups de d\u00e9cibels\u2026 qu\u2019avons-nous \u00e0 gagner.<\/span><\/p>\n<p align=\"JUSTIFY\">\n<p align=\"JUSTIFY\"><span style=\"font-size: large;\">N\u00e9anmoins, dans ces festivals en non-stop de la Saints-Innocents \u00e0 la Saint-Jean, que croyons-nous faire d\u2019autre que de produire des \u00e2nes, les uns passant leur temps \u00e0 taper ballon ou tambour les autres applaudissant pour faire passer le leur, quand les vers rongent nos choux si heureux autrefois de produire de beaux b\u00e9b\u00e9s, dans une Soci\u00e9t\u00e9 r\u00e9put\u00e9e pour sa \u00ab\u00a0belle ouvrage\u00a0\u00bb et son peu de ch\u00f4mage.<\/span><\/p>\n<p align=\"JUSTIFY\">\n<p align=\"JUSTIFY\">\n<p align=\"JUSTIFY\"><span style=\"font-size: large;\">Et nous nous \u00e9tonnons que nos cerises soient invendables, que nos crayons nous viennent de Chine et que le monde des <\/span><span style=\"font-family: Arial, sans-serif;\"><span style=\"font-size: large;\"><em>Boat-peoples<\/em><\/span><\/span><span style=\"font-size: large;\"> nous envahisse au doux et tr\u00e8s \u00e0 la mode bruit de succion \u00e9mis par nos <\/span><span style=\"font-family: Arial, sans-serif;\"><span style=\"font-size: large;\"><em>speakers<\/em><\/span><\/span><span style=\"font-size: large;\"> et <\/span><span style=\"font-family: Arial, sans-serif;\"><span style=\"font-size: large;\"><em>speakrines<\/em><\/span><\/span><span style=\"font-size: large;\"> de France-Inter et Cie\u2026 <\/span><span style=\"font-family: Arial, sans-serif;\"><span style=\"font-size: large;\"><em>Siioutt<\/em><\/span><\/span><span style=\"font-size: large;\">\u00a0! \u2026 <\/span><span style=\"font-family: Arial, sans-serif;\"><span style=\"font-size: large;\"><em>Siiout\u00a0!<\/em><\/span><\/span><span style=\"font-size: large;\">.. L\u2019onomatop\u00e9e de nos jours \u00e0 la mode et qui \u00e9voque si bien certains <\/span><span style=\"font-family: Arial, sans-serif;\"><span style=\"font-size: large;\"><em>lapeurs<\/em><\/span><\/span><span style=\"font-size: large;\"> de soupe et de sauce de notre noble esp\u00e8ce.<\/span><\/p>\n<p align=\"JUSTIFY\">\n<p align=\"JUSTIFY\">\n<p align=\"JUSTIFY\"><span style=\"font-size: large;\">Avec cela, prenons-nous pour un Peuple qui progresse.<\/span><\/p>\n<p align=\"JUSTIFY\">\n<p align=\"JUSTIFY\"><span style=\"font-size: large;\">Et, pour que les choses aillent encore mieux, pers\u00e9v\u00e9rons dans nos rivalit\u00e9s tribales, affrontons-nous \u00e0 outrance jusqu\u2019\u00e0 l\u2019auto extinction\u2026 en Peuple qui Progresse sur quelle voie, en Peuple qui ne voit pas que ses pas le conduisent\u2026 droit au <\/span><span style=\"font-family: Arial, sans-serif;\"><span style=\"font-size: large;\"><em>pitfall<\/em><\/span><\/span><span style=\"font-size: large;\">, sous l\u2019\u0153il perplexe du Concert des nations \u00e9mergeantes.<\/span><\/p>\n<p align=\"JUSTIFY\">\n<p align=\"CENTER\"><span style=\"font-size: large;\">*** *** ***<\/span><\/p>\n<p align=\"CENTER\">\n<p><span style=\"color: #ff0000;\"><span style=\"font-size: large;\"><strong>Nota : <\/strong><\/span><\/span><span style=\"color: #000000;\"><span style=\"font-size: large;\">Nous ne traitons que de Faits et de Noms rendus Publics.<\/span><\/span><\/p>\n<p align=\"CENTER\">\n<p align=\"CENTER\"><span style=\"font-size: large;\">*** *** ***<\/span><\/p>\n<p align=\"JUSTIFY\"><span style=\"font-size: large;\"><strong>N.B.:<\/strong><\/span><span style=\"font-size: large;\"> &#8211; <\/span><span style=\"color: #c00000;\"><span style=\"font-family: 'Comic Sans MS', cursive;\"><span style=\"font-size: large;\">Nous Recommandons instamment et syst\u00e9matiquement l\u2019ouverture de la (ou des) pi\u00e8ce(s) jointe(s) \u00e0 l\u2019e-mail, sous format Pdf, <\/span><\/span><\/span><span style=\"color: #c00000;\"><span style=\"font-family: 'Comic Sans MS', cursive;\"><span style=\"font-size: large;\"><span style=\"text-decoration: underline;\">les illustrations y sont incluses<\/span><\/span><\/span><\/span><span style=\"color: #c00000;\"><span style=\"font-family: 'Comic Sans MS', cursive;\"><span style=\"font-size: large;\">.<\/span><\/span><\/span><\/p>\n<p align=\"JUSTIFY\"><span style=\"font-size: 13px;\">\u00a0<\/span><\/p>\n<p align=\"CENTER\"><span style=\"font-size: large;\"><strong>*** *** ***<\/strong><\/span><\/p>\n<p align=\"CENTER\"><strong><span style=\"color: #632423;\">Avis de vente de M\u00e9moire.<\/span><\/strong><\/p>\n<p align=\"JUSTIFY\">\n<p align=\"JUSTIFY\"><strong><span style=\"color: #003366;\"><span style=\"font-family: Arial, sans-serif;\">Demandez le M\u00e9moire de \u00ab\u00a0<\/span><\/span><span style=\"color: #003366;\"><span style=\"font-family: Arial, sans-serif;\"><em>Martinique Province Fran\u00e7aise d\u2019Am\u00e9rique<\/em><\/span><\/span><span style=\"color: #003366;\"><span style=\"font-family: Arial, sans-serif;\">\u00a0\u00bb au Front National Fran\u00e7ais.<\/span><\/span><\/strong><\/p>\n<p align=\"JUSTIFY\"><strong>\u00a0<\/strong><\/p>\n<p align=\"JUSTIFY\"><strong><span style=\"color: #003366;\"><span style=\"font-family: Arial, sans-serif;\">Eu \u00e9gard \u00e0 l\u2019Ind\u00e9pendance et \u00e0 la Justesse de son analyse, il vaut pour tout Parti du Spectre Politique Fran\u00e7ais<\/span><\/span><span style=\"color: #003366;\">.<\/span><\/strong><\/p>\n<p align=\"JUSTIFY\"><strong>\u00a0<\/strong><\/p>\n<p align=\"JUSTIFY\"><strong><span style=\"color: #003366;\">Il est au prix de Vingt Cinq Euros Net (25,00 \u20acuros Net). Port gratuit par courrier postal ordinaire. Port forfaitaire de 7,50 \u20acuros par courrier recommand\u00e9 suivi. R\u00e8glement par tout moyen de paiement \u00e0 l\u2019ordre d\u2019\u00c9ric E.G. NOGARD.<\/span><\/strong><\/p>\n<p align=\"JUSTIFY\">\n<p align=\"CENTER\"><span style=\"color: #ff0000;\"><span><strong>Ne Peut \u00eatre reproduit &#8211; m\u00eame partiellement &#8211; sans l\u2019autorisation de l\u2019Auteur.<\/strong><\/span><\/span><\/p>\n<script type=\"text\/javascript\">\n\nvar addthis_config = {\"data_track_clickback\":false,\"data_track_addressbar\":false,\"data_track_textcopy\":false};\n<\/script><script type=\"text\/javascript\" src=\"\/\/s7.addthis.com\/js\/250\/addthis_widget.js#pubid=f084fdfbcefba74c78dfad3bbc873ffd\"><\/script>","protected":false},"excerpt":{"rendered":"<p align=\"CENTER\"><span style=\"color: #000099;\"><span>Douteux que nous soyons un Peuple en Progr\u00e8s.<\/span><\/span><\/p>\n<p align=\"JUSTIFY\"><span style=\"color: #632423;\"><span style=\"font-family: 'Comic Sans MS', cursive;\"><span style=\"font-size: large;\">Le tout n\u2019est pas de dire<\/span><\/span><\/span><\/p>\n<p align=\"JUSTIFY\"><span style=\"color: #632423;\"><span style=\"font-family: 'Comic Sans MS', cursive;\"><span style=\"font-size: large;\">Surtout que nous savons combien<\/span><\/span><\/span><\/p>\n<p align=\"JUSTIFY\"><span style=\"color: #632423;\"><span style=\"font-family: 'Comic Sans MS', cursive;\"><span style=\"font-size: large;\">La bouche peut mentir.<\/span><\/span><\/span><\/p>\n<p align=\"JUSTIFY\">\n<p align=\"JUSTIFY\"><span style=\"color: #632423;\"><span style=\"font-family: 'Comic Sans MS', cursive;\"><span style=\"font-size: large;\">\u00c9ric E.G. NOGARD<\/span><\/span><\/span><\/p>\n<p align=\"JUSTIFY\"><span style=\"color: #c00000;\"><span style=\"font-size: large;\">Le petit Chroniqueur<\/span><\/span><span style=\"color: #c00000;\"><span style=\"font-size: large;\">.<\/span><\/span><\/p>\n<p>&nbsp;<\/p>\n<p lang=\"fr-CA\" align=\"CENTER\"><span style=\"font-size: large;\">*** *** ***<\/span><\/p>\n<p align=\"JUSTIFY\">\n<p align=\"JUSTIFY\"><span style=\"font-size: large;\">Cependant que nous <\/span>&hellip;<\/p>\n","protected":false},"author":1,"featured_media":0,"comment_status":"open","ping_status":"open","sticky":false,"template":"","format":"standard","meta":{"footnotes":""},"categories":[1],"tags":[],"class_list":["post-11007","post","type-post","status-publish","format-standard","hentry","category-accueil"],"_links":{"self":[{"href":"https:\/\/www.lecarrefourdesopinions.ca\/index.php?rest_route=\/wp\/v2\/posts\/11007","targetHints":{"allow":["GET"]}}],"collection":[{"href":"https:\/\/www.lecarrefourdesopinions.ca\/index.php?rest_route=\/wp\/v2\/posts"}],"about":[{"href":"https:\/\/www.lecarrefourdesopinions.ca\/index.php?rest_route=\/wp\/v2\/types\/post"}],"author":[{"embeddable":true,"href":"https:\/\/www.lecarrefourdesopinions.ca\/index.php?rest_route=\/wp\/v2\/users\/1"}],"replies":[{"embeddable":true,"href":"https:\/\/www.lecarrefourdesopinions.ca\/index.php?rest_route=%2Fwp%2Fv2%2Fcomments&post=11007"}],"version-history":[{"count":2,"href":"https:\/\/www.lecarrefourdesopinions.ca\/index.php?rest_route=\/wp\/v2\/posts\/11007\/revisions"}],"predecessor-version":[{"id":11028,"href":"https:\/\/www.lecarrefourdesopinions.ca\/index.php?rest_route=\/wp\/v2\/posts\/11007\/revisions\/11028"}],"wp:attachment":[{"href":"https:\/\/www.lecarrefourdesopinions.ca\/index.php?rest_route=%2Fwp%2Fv2%2Fmedia&parent=11007"}],"wp:term":[{"taxonomy":"category","embeddable":true,"href":"https:\/\/www.lecarrefourdesopinions.ca\/index.php?rest_route=%2Fwp%2Fv2%2Fcategories&post=11007"},{"taxonomy":"post_tag","embeddable":true,"href":"https:\/\/www.lecarrefourdesopinions.ca\/index.php?rest_route=%2Fwp%2Fv2%2Ftags&post=11007"}],"curies":[{"name":"wp","href":"https:\/\/api.w.org\/{rel}","templated":true}]}}