{"id":11000,"date":"2014-10-20T11:53:24","date_gmt":"2014-10-20T15:53:24","guid":{"rendered":"http:\/\/www.lecarrefourdesopinions.ca\/?p=11000"},"modified":"2014-10-20T11:53:24","modified_gmt":"2014-10-20T15:53:24","slug":"madame-la-chanceliere-dr-angela-merkel","status":"publish","type":"post","link":"https:\/\/www.lecarrefourdesopinions.ca\/?p=11000","title":{"rendered":"Madame la Chanceli\u00e8re Dr. Angela Merkel"},"content":{"rendered":"<p><strong>\u00c0\u00a0: Madame la Chanceli\u00e8re Dr. Angela Merkel<\/strong><br \/>Will-Brandt-Str.1<br \/>10557 Berlin<\/p>\n<p>Neustadt, le 07 Octobre 2014<\/p>\n<p><span style=\"color: #800000;\"><em><img loading=\"lazy\" decoding=\"async\" class=\"alignleft size-full wp-image-10248\" title=\"photo Tho 2\" src=\"http:\/\/www.lecarrefourdesopinions.ca\/wp-content\/uploads\/2013\/10\/photo-Tho-2.jpg\" alt=\"\" width=\"77\" height=\"91\" \/>envoy\u00e9 par lam Cham Tho<\/em><\/span><\/p>\n<p>Madame Angela MERKEL, Chanceli\u00e8re F\u00e9d\u00e9rale de l\u2019Allemagne,<\/p>\n<p>L\u2019avocat Le Quoc Quan est un d\u00e9mocrate et militant pacifique pour la d\u00e9mocratie et la libert\u00e9 au Vietnam. Il en est l\u2019une des figures de proue et est mondialement connu.<\/p>\n<p>Il a \u00e9t\u00e9 arr\u00eat\u00e9 la premi\u00e8re fois en D\u00e9cembre 2012 et inculp\u00e9, selon les charges officielles, d\u2019\u00e9vasion fiscale. En r\u00e9alit\u00e9, il l\u2019a \u00e9t\u00e9 \u00e0 cause de ses activit\u00e9s en faveur de la d\u00e9mocratie au Vietnam. Face \u00e0 l\u2019\u00e9mergence de la soci\u00e9t\u00e9 civile, notamment le d\u00e9veloppement de forums de discussion sur internet, la cr\u00e9ation de nombreuses associations ind\u00e9pendantes malgr\u00e9 les nombreuses mesures de contr\u00f4le et de coercition, le gouvernement vietnamien recourt souvent aux articles du Code P\u00e9nal, comme ceux relatifs aux \u00e9vasions fiscales, pour criminaliser et arr\u00eater les figures les plus en vue du mouvement d\u00e9mocratique, esp\u00e9rant ainsi contenir les demandes de justice sociale, de libert\u00e9 de la soci\u00e9t\u00e9 civile.<\/p>\n<p>Le 18 F\u00e9vrier 2014, malgr\u00e9 de nombreuses condamnations d\u2019ONGs internationales de d\u00e9fense des droits de l\u2019homme, de gouvernements occidentaux, d\u2019Institutions internationales, de D\u00e9put\u00e9s europ\u00e9ens, fran\u00e7ais, canadiens, australiens, am\u00e9ricains, la Cour d\u2019Appel au Vietnam a maintenu les peines prononc\u00e9es en premi\u00e8re instance de 30 mois d\u2019emprisonnement \u00e0 l\u2019\u00e9gard de l\u2019avocat Le Quoc Quan.<\/p>\n<p>Plus r\u00e9cement, les autorit\u00e9s vietnamiennes menacent de raser la pagode Li\u00ean Tr\u00ec \u00e0 Th\u1ee7 Thi\u00eam. De nombreux \u00e9tablissements religieux y ont exist\u00e9 depuis longtemps comme l\u2019Ordre catholique D\u00f2ng M\u1ebfn Th\u00e1nh Gi\u00e1 Th\u1ee7 Thi\u00eam (174 ans), la Cath\u00e9trale Catholique Th\u1ee7 Thi\u00eam (154 ans), la Pagode Li\u00ean Tr\u00ec de l\u2019Eglise Bouddhique Unifi\u00e9e du Vietnam (plus de 70 ans), la Chapelle de l\u2019Eglise Protestante du Vietnam, la Chapelle de l\u2019Eglise Protestante Mennonite.<\/p>\n<p>Dans une conf\u00e9rence de presse \u00e0 H\u00e0 N\u1ed9i le 31 Juillet 2014, M.\u00a0Heiner Bielefeldt, Rapporteur sp\u00e9cial des Nations Unies sur la libert\u00e9 de culte, a d\u00e9clar\u00e9 qu\u2019au Vietnam \u00ab\u00a0il existe des cas concrets et graves de r\u00e9pression contre les religions\u00a0\u00bb.<\/p>\n<p>Ces atteintes graves sont caract\u00e9ristiques d\u2019une politique d\u00e9lib\u00e9r\u00e9e pour neutraliser toutes les religions. Les Chapelles de l\u2019Eglise Protestante du Vietnam, de l\u2019Eglise Protestante Mennonite ont \u00e9t\u00e9 ras\u00e9es en 2003 et en 2010. Les trois \u00e9tablissemens religlieux restants ont \u00e9t\u00e9 plusieurs fois menac\u00e9s de destruction mais les fid\u00e8les ont r\u00e9ussi pour le moment \u00e0 s\u2019y opposer.<\/p>\n<p>Le fait que le Vietnam continue impun\u00e9ment \u00e0 bafouer les droits les plus fondamentaux de l\u2019homme, malgr\u00e9 qu\u2019il a sign\u00e9 la Convention internationale sur les droits civils et politiques, et qu\u2019il est devenu membre du Conseil des Droits de l\u2019Homme des Nations Unies (2014 \u2013 2016), constitue un affront inacceptable pour toute personne \u00e9prise de libert\u00e9 et de justice.<\/p>\n<p>Le 05 F\u00e9vrier 2014, lors de l\u2019Examen P\u00e9riodique Universel du Conseil des Droits de l\u2019Homme, le repr\u00e9sentant de l\u2019Allemagne a formul\u00e9 deux requ\u00eates aupr\u00e8s du gouvernement vietnamien\u00a0:<\/p>\n<ul>\n<ul>1. Lib\u00e9rer imm\u00e9diatement tous les prisonniers politiques et les indemniser conform\u00e9ment aux recommandations du Groupe de Travail sur la D\u00e9tention Arbitraire des Nations Unies.<\/ul>\n<\/ul>\n<p>&nbsp;<\/p>\n<ul>2. respecter la libert\u00e9 de culte, d\u2019association et d\u2019expression sur internet et dans la vraie vie.<\/ul>\n<p>Ces requ\u00eates sont fond\u00e9es. Aussi, nous, D\u00e9put\u00e9s F\u00e9d\u00e9raux, professeurs, intellectuels et avocats allemands, cosignataires de la pr\u00e9sente lettre, nous permettons de vous soumettre la demande suivante\u00a0:<\/p>\n<ul>\n<ul>1. soulever le cas de l\u2019avocat Le Quoc Quan lors de votre entretien en Octobre 2014 avec le Premier Ministre vietnamien Nguyen Tan Dung<\/ul>\n<\/ul>\n<p>&nbsp;<\/p>\n<ul>2. demander fermement sa lib\u00e9ration imm\u00e9diate et inconditionnelle.<\/ul>\n<p>Nous vous prions de croire, Madame la Chanceli\u00e8re, \u00e0 notre haute consid\u00e9ration.<\/p>\n<p>Au nom des D\u00e9put\u00e9s et Professeurs allemands et fran\u00e7ais<\/p>\n<p><strong>Professeur Johannes Kals<\/strong><\/p>\n<p><strong>Liste d\u2019\u00e9lus et d\u2019intellectuels demandant la lib\u00e9ration de l\u2019avocat Le Quoc Quan\u00a0:<\/strong><\/p>\n<p>1. Professeur Dr Johannes Kals, initiateur de la campagne en faveur de Le Quoc Quan<\/p>\n<p><strong>Liste des \u00e9lus\u00a0:<\/strong><\/p>\n<p>2. M.\u00a0Wolfgang Bosbach, parti CDU, D\u00e9put\u00e9 F\u00e9d\u00e9ral , Pr\u00e9sident de la Comission Interne du CDU.<br \/>3. Dr Bernd Fabritius, parti CDU \/ CSU, D\u00e9put\u00e9 F\u00e9d\u00e9ral. 4. Mme\u00a0Ingrid Fischbach, parti CDU, D\u00e9put\u00e9 F\u00e9d\u00e9ral.<br \/>5. Mme\u00a0Kerstin Griese, parti SPD, D\u00e9put\u00e9 F\u00e9d\u00e9ral.<br \/>6. M.\u00a0Frank Heinrich, parti CDU \/ CSU, D\u00e9put\u00e9 F\u00e9d\u00e9ral.<br \/>7. M.\u00a0Rufolf Henke, parti CDU \/ CSU, D\u00e9put\u00e9 F\u00e9d\u00e9ral.<br \/>8. M.\u00a0Thomas Hitschler, parti SPD, D\u00e9put\u00e9 F\u00e9d\u00e9ral. 9. M.\u00a0Alois Karl, parti CDU \/ CSU, D\u00e9put\u00e9 F\u00e9d\u00e9ral.<br \/>10. Dr Philipp Lengsfeld, parti CDU, D\u00e9put\u00e9 F\u00e9d\u00e9ral.<br \/>11. M.\u00a0Dietmar Nietan, parti SPD, D\u00e9put\u00e9 F\u00e9d\u00e9ral.<br \/>12. Mme\u00a0Ulli Nissen, parti SPD, D\u00e9put\u00e9 F\u00e9d\u00e9ral.<br \/>13. M.\u00a0Martin Patzelt, parti CDU \/ CSU, D\u00e9put\u00e9 F\u00e9d\u00e9ral.<br \/>14. M.\u00a0Stefan Rebmann, parti SPD, D\u00e9put\u00e9 F\u00e9d\u00e9ral.<br \/>15. M.\u00a0Norbert Schindler, parti CDU, D\u00e9put\u00e9 F\u00e9d\u00e9ral.<br \/>16. M.\u00a0Frank Schwabe, parti SPD, D\u00e9put\u00e9 F\u00e9d\u00e9ral.<br \/>17. M.\u00a0Johannes Steiniger, parti CDU, D\u00e9put\u00e9 F\u00e9d\u00e9ral.<br \/>18. M.\u00a0Ulrich Kelber, parti SPD, D\u00e9put\u00e9 F\u00e9d\u00e9ral .<br \/>19. Dr Georg Kippels, parti CDU, D\u00e9put\u00e9 F\u00e9d\u00e9ral.<br \/>20. Dr Friederike F\u00f6cking, parti CDU, d\u00e9put\u00e9 de l\u2019Etat de Hambourg.<br \/>21. M.\u00a0Christian Baldauf, d\u00e9put\u00e9 de l\u2019Etat de Rh\u00e9nanie-Palatinat, Vice \u2013Pr\u00e9sident du parti CDU, Pr\u00e9sident du Groupe des d\u00e9put\u00e9s CDU de l\u2019Etat de Rh\u00e9nanie-Palatinat.<br \/>22. M.\u00a0Achim Barchmann, parti SPD, d\u00e9put\u00e9 de l\u2019Etat.<br \/>23. Dr HansPeter Bartels, d\u00e9put\u00e9 de l\u2019Etat, parti SPD.<\/p>\n<script type=\"text\/javascript\">\n\nvar addthis_config = {\"data_track_clickback\":false,\"data_track_addressbar\":false,\"data_track_textcopy\":false};\n<\/script><script type=\"text\/javascript\" src=\"\/\/s7.addthis.com\/js\/250\/addthis_widget.js#pubid=f084fdfbcefba74c78dfad3bbc873ffd\"><\/script>","protected":false},"excerpt":{"rendered":"<p>\u00c0\u00a0: Madame la Chanceli\u00e8re Dr. Angela MerkelWill-Brandt-Str.110557 Berlin<\/p>\n<p>Neustadt, le 07 Octobre 2014<\/p>\n<p><span style=\"color: #800000;\">envoy\u00e9 par lam Cham Tho<\/span><\/p>\n<p>Madame Angela MERKEL, Chanceli\u00e8re F\u00e9d\u00e9rale de l\u2019Allemagne,<\/p>\n<p>L\u2019avocat Le Quoc Quan est un d\u00e9mocrate et militant pacifique pour &hellip;<\/p>\n","protected":false},"author":1,"featured_media":0,"comment_status":"open","ping_status":"open","sticky":false,"template":"","format":"standard","meta":{"footnotes":""},"categories":[1],"tags":[],"class_list":["post-11000","post","type-post","status-publish","format-standard","hentry","category-accueil"],"_links":{"self":[{"href":"https:\/\/www.lecarrefourdesopinions.ca\/index.php?rest_route=\/wp\/v2\/posts\/11000","targetHints":{"allow":["GET"]}}],"collection":[{"href":"https:\/\/www.lecarrefourdesopinions.ca\/index.php?rest_route=\/wp\/v2\/posts"}],"about":[{"href":"https:\/\/www.lecarrefourdesopinions.ca\/index.php?rest_route=\/wp\/v2\/types\/post"}],"author":[{"embeddable":true,"href":"https:\/\/www.lecarrefourdesopinions.ca\/index.php?rest_route=\/wp\/v2\/users\/1"}],"replies":[{"embeddable":true,"href":"https:\/\/www.lecarrefourdesopinions.ca\/index.php?rest_route=%2Fwp%2Fv2%2Fcomments&post=11000"}],"version-history":[{"count":2,"href":"https:\/\/www.lecarrefourdesopinions.ca\/index.php?rest_route=\/wp\/v2\/posts\/11000\/revisions"}],"predecessor-version":[{"id":11005,"href":"https:\/\/www.lecarrefourdesopinions.ca\/index.php?rest_route=\/wp\/v2\/posts\/11000\/revisions\/11005"}],"wp:attachment":[{"href":"https:\/\/www.lecarrefourdesopinions.ca\/index.php?rest_route=%2Fwp%2Fv2%2Fmedia&parent=11000"}],"wp:term":[{"taxonomy":"category","embeddable":true,"href":"https:\/\/www.lecarrefourdesopinions.ca\/index.php?rest_route=%2Fwp%2Fv2%2Fcategories&post=11000"},{"taxonomy":"post_tag","embeddable":true,"href":"https:\/\/www.lecarrefourdesopinions.ca\/index.php?rest_route=%2Fwp%2Fv2%2Ftags&post=11000"}],"curies":[{"name":"wp","href":"https:\/\/api.w.org\/{rel}","templated":true}]}}