{"id":10995,"date":"2014-12-04T09:23:30","date_gmt":"2014-12-04T14:23:30","guid":{"rendered":"http:\/\/www.lecarrefourdesopinions.ca\/?p=10995"},"modified":"2014-12-04T09:23:30","modified_gmt":"2014-12-04T14:23:30","slug":"dang-xuan-dieu-condamne-a-13-ans-de-prison","status":"publish","type":"post","link":"https:\/\/www.lecarrefourdesopinions.ca\/?p=10995","title":{"rendered":"Dang Xuan Dieu, condamn\u00e9 \u00e0 13 ans de prison"},"content":{"rendered":"<p><img loading=\"lazy\" decoding=\"async\" class=\"alignleft size-full wp-image-9870\" title=\"photo Tho 2\" src=\"http:\/\/www.lecarrefourdesopinions.ca\/wp-content\/uploads\/2013\/06\/photo-Tho-2.jpg\" alt=\"\" width=\"77\" height=\"91\" \/><\/p>\n<p>&nbsp;<\/p>\n<p>&nbsp;<\/p>\n<p>&nbsp;<\/p>\n<p><span style=\"color: #800000;\"><em>envoy\u00e9 par Lam Cham Tho \u00a0 \u00a0 \u00a0 \u00a0 \u00a0 \u00a0 \u00a0 \u00a0 \u00a0 \u00a0 \u00a0 \u00a0 \u00a0 \u00a0 \u00a0 \u00a0 \u00a0 \u00a0 <\/em><\/span><\/p>\n<p style=\"text-align: center;\"><span style=\"color: #800000;\"><em>Dang Xuan Dieu\u00a0 \u00a0 \u00a0\u00a0<\/em><\/span><\/p>\n<p>Dang Xuan Dieu, condamn\u00e9 \u00e0 13 ans de prison en 2013 sur les accusations de complot visant \u00e0 renverser le gouvernement autoritaire de Hanoi, a \u00e9galement \u00e9t\u00e9 interdit de visite apr\u00e8s avoir d\u00e9pos\u00e9 une plainte aupr\u00e8s du Chef de la police concernant les mauvais traitements dont il est l\u2019objet en prison.<\/p>\n<p>Le correspondant vietnamien de RFA a rapport\u00e9 que le fr\u00e8re de l\u2019activiste catholique Dieu, Dang Xuan Ha, avait d\u00e9clar\u00e9 que celui-ci \u00e9tait \u201c tr\u00e8s mal trait\u00e9\u201d.<\/p>\n<p>\u201cDieu dit qu\u2019il est innocent et qu\u2019il n\u2019a donc pas \u00e0 porter l\u2019uniforme o\u00f9 est inscrit le mot \u201ccriminel\u201d dit Ha. \u201cDieu a protest\u00e9 sur le fait que les lettres qu\u2019il a adress\u00e9es aux autorit\u00e9s, dont celle au Chef de la police, sont rest\u00e9es sans r\u00e9ponse. C\u2019est pour \u00e7a que les visites de sa famille ne sont pas autoris\u00e9es \u201d.<\/p>\n<p>Dieu a \u00e9t\u00e9 le plus lourdement condamn\u00e9 parmi un groupe d\u2019activistes catholiques, d\u2019\u00e9tudiants et de blogueurs reconnus coupables pour leurs activit\u00e9s au sein de Viet Tan, une organisation pro-d\u00e9mocratie bas\u00e9e aux Etats-Unis et interdite par le gouvernement vietnamien. La plupart sont originaires des Dioc\u00e8ses de Vinh et de Thanh Hoa dans le Nord du Vietnam.<\/p>\n<p>L\u2019\u00e9tat communiste \u00e0 parti unique du Vietnam contr\u00f4le et surveille de pr\u00e8s la communaut\u00e9 catholique, deuxi\u00e8me plus grand groupe religieux du pays.<\/p>\n<p><strong>Emprisonnement<\/strong><\/p>\n<p>Dieu \u00e9tait \u00e0 la prison No. 84 \u00e0 Hano\u00ef, mais a ensuite \u00e9t\u00e9 transf\u00e9r\u00e9 \u00e0 la prison No. 5 situ\u00e9e dans la province de Thanh Hoa.<\/p>\n<p>Les autorit\u00e9s p\u00e9nitentiaires ont permis \u00e0 la famille de Dieu de lui rendre visite une seule fois alors qu\u2019il \u00e9tait \u00e0 la prison de Hano\u00ef, mais aucune visite n\u2019a \u00e9t\u00e9 autoris\u00e9e \u00e0 l\u2019autre centre de d\u00e9tention, a d\u00e9clar\u00e9 Ha.<\/p>\n<p>Truong Minh Tam, un ancien prisonnier qui \u00e9tait enferm\u00e9 dans une cellule proche de celle de Dieu a indiqu\u00e9 \u00e0 RFA que le personnel de la prison l\u2019a humili\u00e9 pendant plusieurs mois l\u2019ann\u00e9e derni\u00e8re en laissant les autres prisonniers le frapper et l\u2019obligeant \u00e0 servir \u201cd\u2019esclave\u201d. \u201cIl vivait un enfer parce qu\u2019ils [le personnel de prison] l\u2019humiliaient,\u201d dit Tam.<\/p>\n<p>Dieu n\u2019a ni ventilateur ni eau potable propre, dit Tam, qui a pass\u00e9 un an en prison pour avoir particip\u00e9 aux manifestations contre la Chine dont les conflits territoriaux avec le Vietnam ont men\u00e9 \u00e0 des \u00e9meutes et \u00e0 une d\u00e9t\u00e9rioration importante des relations bilat\u00e9rales. Les autorit\u00e9s p\u00e9nitentiaires ont \u00e9galement forc\u00e9 Dieu \u00e0 poser en tant que \u201cmod\u00e8le\u201d pour les autres prisonniers \u00e0 qui on a demand\u00e9 de le peindre \u201cmoiti\u00e9 homme \/ moiti\u00e9 animal\u201d dit Tam.<\/p>\n<p><strong>Gr\u00e8ve de la faim<\/strong><\/p>\n<p>Dieu a \u00e9galement organis\u00e9 une gr\u00e8ve de la faim pour les droits des prisonniers, dit Truong.<\/p>\n<p>La famille de Dieu dit que les nouvelles de sa gr\u00e8ve de la faim en juin avaient \u00e9t\u00e9 mentionn\u00e9es dans des p\u00e9titions adress\u00e9es aux ambassades des pays \u00e9trangers au Vietnam et au Rapporteur Sp\u00e9cial de l\u2019ONU sur la Libert\u00e9 de Religion ou de Croyance.<\/p>\n<p>\u201cJ\u2019aimerais que les gens de toutes les religions l\u00e8vent leurs voix pour faire pression sur le gouvernement afin qu\u2019il arr\u00eate les mauvais traitements envers Dieu\u201d, dit Tam.<\/p>\n<p>Il ajoute que la maman de Dieu, \u00e2g\u00e9e de 70 ans, n\u2019\u00e9tait pas en bonne sant\u00e9 et \u00e9tait d\u00e9prim\u00e9e du fait de l\u2019incarc\u00e9ration de son fils.<\/p>\n<p>Les familles de Dieu et des autres activistes emprisonn\u00e9s ont organis\u00e9 une manifestation et une veill\u00e9e aux bougies \u00e0 l\u2019ext\u00e9rieur des bureaux du gouvernement en 2012 apr\u00e8s leur premi\u00e8re ann\u00e9e de d\u00e9tention. Ils voulaient pr\u00e9senter une p\u00e9tition demandant la lib\u00e9ration des activistes, mais ont \u00e9t\u00e9 bloqu\u00e9s par la police.<\/p>\n<p><em><strong>Article d\u2019An Nguyen pour le d\u00e9partement vietnamien de RFA. R\u00e9dig\u00e9 en anglais par Roseanne Gerin.<\/strong><\/em><\/p>\n<p>Source\u00a0: <a href=\"http:\/\/www.rfa.org\/english\/news\/vietnam\/jailed-activist-10082014172450.html\" rel=\"external\" target=\"_blank\">Radio Free Asia<\/a><\/p>\n<p><a href=\"http:\/\/www.rfa.org\/english\/news\/vietnam\/jailed-activist-10082014172450.html\" rel=\"external\" target=\"_blank\"><br \/><\/a><\/p>\n<p>Prof. Dr. Johannes Kals<br \/>Eichstra\u00dfe 44<br \/>67434 Neustadt an der Weinstra\u00dfe<br \/>Bundeskanzlerin Dr. Angela Merkel<br \/>Willy-Brandt-Str. 1<br \/>10557 Berlin<\/p>\n<script type=\"text\/javascript\">\n\nvar addthis_config = {\"data_track_clickback\":false,\"data_track_addressbar\":false,\"data_track_textcopy\":false};\n<\/script><script type=\"text\/javascript\" src=\"\/\/s7.addthis.com\/js\/250\/addthis_widget.js#pubid=f084fdfbcefba74c78dfad3bbc873ffd\"><\/script>","protected":false},"excerpt":{"rendered":"<\/p>\n<p>&nbsp;<\/p>\n<p>&nbsp;<\/p>\n<p>&nbsp;<\/p>\n<p><span style=\"color: #800000;\">envoy\u00e9 par Lam Cham Tho \u00a0 \u00a0 \u00a0 \u00a0 \u00a0 \u00a0 \u00a0 \u00a0 \u00a0 \u00a0 \u00a0 \u00a0 \u00a0 \u00a0 \u00a0 \u00a0 \u00a0 \u00a0 <\/span><\/p>\n<p style=\"text-align: center;\"><span style=\"color: #800000;\">Dang Xuan Dieu\u00a0 \u00a0 \u00a0\u00a0<\/span><\/p>\n<p>Dang Xuan Dieu, condamn\u00e9 \u00e0 13 ans de prison en 2013 sur les accusations de complot visant \u00e0 renverser le gouvernement autoritaire de Hanoi, a \u00e9galement &hellip;<\/p>\n","protected":false},"author":1,"featured_media":0,"comment_status":"open","ping_status":"open","sticky":false,"template":"","format":"standard","meta":{"footnotes":""},"categories":[1],"tags":[],"class_list":["post-10995","post","type-post","status-publish","format-standard","hentry","category-accueil"],"_links":{"self":[{"href":"https:\/\/www.lecarrefourdesopinions.ca\/index.php?rest_route=\/wp\/v2\/posts\/10995","targetHints":{"allow":["GET"]}}],"collection":[{"href":"https:\/\/www.lecarrefourdesopinions.ca\/index.php?rest_route=\/wp\/v2\/posts"}],"about":[{"href":"https:\/\/www.lecarrefourdesopinions.ca\/index.php?rest_route=\/wp\/v2\/types\/post"}],"author":[{"embeddable":true,"href":"https:\/\/www.lecarrefourdesopinions.ca\/index.php?rest_route=\/wp\/v2\/users\/1"}],"replies":[{"embeddable":true,"href":"https:\/\/www.lecarrefourdesopinions.ca\/index.php?rest_route=%2Fwp%2Fv2%2Fcomments&post=10995"}],"version-history":[{"count":2,"href":"https:\/\/www.lecarrefourdesopinions.ca\/index.php?rest_route=\/wp\/v2\/posts\/10995\/revisions"}],"predecessor-version":[{"id":11104,"href":"https:\/\/www.lecarrefourdesopinions.ca\/index.php?rest_route=\/wp\/v2\/posts\/10995\/revisions\/11104"}],"wp:attachment":[{"href":"https:\/\/www.lecarrefourdesopinions.ca\/index.php?rest_route=%2Fwp%2Fv2%2Fmedia&parent=10995"}],"wp:term":[{"taxonomy":"category","embeddable":true,"href":"https:\/\/www.lecarrefourdesopinions.ca\/index.php?rest_route=%2Fwp%2Fv2%2Fcategories&post=10995"},{"taxonomy":"post_tag","embeddable":true,"href":"https:\/\/www.lecarrefourdesopinions.ca\/index.php?rest_route=%2Fwp%2Fv2%2Ftags&post=10995"}],"curies":[{"name":"wp","href":"https:\/\/api.w.org\/{rel}","templated":true}]}}