{"id":10991,"date":"2014-10-20T11:52:38","date_gmt":"2014-10-20T15:52:38","guid":{"rendered":"http:\/\/www.lecarrefourdesopinions.ca\/?p=10991"},"modified":"2014-10-20T11:52:38","modified_gmt":"2014-10-20T15:52:38","slug":"gardez-vous-de-lembrouille-on-peut-sy-perdre","status":"publish","type":"post","link":"https:\/\/www.lecarrefourdesopinions.ca\/?p=10991","title":{"rendered":"Gardez-vous de l\u2019embrouille, on peut s\u2019y perdre."},"content":{"rendered":"<p style=\"text-align: center;\">Gardez-vous de l\u2019embrouille, on peut s\u2019y perdre.<\/p>\n<p>Pour avoir \u00e9t\u00e9 inform\u00e9 de l\u2019intervention de Fred-Michel TIRAULT dans \u00ab\u00a0le rendez-vous politique du lundi\u00a0\u00bb de France-Antilles Martinique n\u00b0 14335, \u00c9dition du 06 Octobre 2014, page 8.<\/p>\n<p><img loading=\"lazy\" decoding=\"async\" class=\"alignleft size-thumbnail wp-image-10800\" title=\"Eric\" src=\"http:\/\/www.lecarrefourdesopinions.ca\/wp-content\/uploads\/2014\/06\/Eric1-134x107.jpg\" alt=\"\" width=\"134\" height=\"107\" \/><\/p>\n<p>&nbsp;<\/p>\n<p>&nbsp;<\/p>\n<p>&nbsp;<\/p>\n<p>&nbsp;<\/p>\n<p><span style=\"font-size: 13px;\">\u00c9ric E.G. NOGARD<\/span><\/p>\n<p>Le petit Chroniqueur.<\/p>\n<p style=\"text-align: center;\">*** *** ***<\/p>\n<p style=\"text-align: center;\"><img loading=\"lazy\" decoding=\"async\" class=\"aligncenter size-full wp-image-10992\" title=\"FA14385 Fred TIRAUT aucun parti ne gagnera seul\" src=\"http:\/\/www.lecarrefourdesopinions.ca\/wp-content\/uploads\/2014\/10\/FA14385-Fred-TIRAUT-aucun-parti-ne-gagnera-seul.jpg\" alt=\"\" width=\"170\" height=\"280\" \/><\/p>\n<p style=\"text-align: center;\">\n<p>Fred-Michel TIRAULT est Avocat, \u00e9lu Maire du Saint-Esprit sans qu\u2019il puisse dire \u2013 semble-t-il \u2013 s\u2019il doit son \u00e9lection au ralliement au panache blanc de sa qualit\u00e9 de dirigeant de l\u2019UMP-Martinique ou \u00e0 la magie de quelque sainte alliance due \u00e0 quel amalgame ou \u00e0 quelque d\u00e9coction.<\/p>\n<p>Ne sommes-nous pas au pays du \u00ab\u00a0tiens, bois et tais toi.\u00a0\u00bb<\/p>\n<p>F1\u00a0: FA-Martinique n\u00b014335, page 8.<\/p>\n<p>Nous notons en tout cas, \u00e0 Martinique Province Fran\u00e7aise d\u2019Am\u00e9rique, que selon lui, \u00ab\u00a0ce qui s\u2019est pass\u00e9 \u00e0 Saint-Esprit\u00a0\u00bb pourrait pr\u00e9figurer ce qu\u2019il adviendra bient\u00f4t pour l\u2019\u00c9lection de la Collectivit\u00e9 Unique de Martinique dont il ambitionne la Ma\u00eetrise et de son propre aveu.<\/p>\n<p>En r\u00e9sum\u00e9.<\/p>\n<p>Sa liste ne sera pas UMP, loin de l\u00e0, ne sera-t-elle pas certainement \u00ab\u00a0Martinique avant tout\u00a0!\u00a0\u00bb.<\/p>\n<p>Pour la mener \u00e0 bien, il usera de Compromis garantis indemnes de toute compromission, par la vertu de la Sainte Alliance de ses r\u00eaves de pr\u00e9-ado.<\/p>\n<p>N\u2019est-ce pas sa mani\u00e8re \u00e0 lui de concevoir une Alice au Pays des Merveilles dont il serait le H\u00e9ros aux longues nattes et multiples papillotes.<\/p>\n<p>Cependant, \u00e0 Martinique Province Fran\u00e7aise d\u2019Am\u00e9rique, nous notons avec d\u00e9senchantement l\u2019information faite au Martiniquais de la sauce que compte leur pr\u00e9parer TIRAULT \u00e0 la faveur de l\u2019amalgame que risque d\u2019\u00eatre sa liste quand, \u00e0 ce jour, il n\u2019a encore fait conna\u00eetre aucun projet pour la Martinique.<\/p>\n<p>Dans cette Balkanisation Politico-Martiniquaise, tout Cavalier seul peut convaincre de suivre son panache, de se rallier \u00e0 la cause qu\u2019il d\u00e9fend.<\/p>\n<p>N\u2019est-ce pas le cas du MIM \u2013 Mouvement Ind\u00e9pendantiste Martiniquais \u2013 m\u00eame s\u2019il n\u2019est pas dit que nos actuelles infrastructures puissent tenir debout au lendemain de la Signature de la S\u00e9paration de la Martnique d\u2019avec la France.<\/p>\n<p>N\u2019est-ce pas le cas du PPM \u2013 Parti Autonomiste \u2013 m\u00eame s\u2019il n\u2019est pas \u00e9vident que la Martinique puisse g\u00e9rer autre chose que la Kilti qu\u2019elle s\u2019efforce de forger pour jouer les fiers \u00e0 bras\u00a0: finie la CAF et Canaria craz\u00e9 pou gros kon pitis. C\u00e9 parole la qui longue.<\/p>\n<p>Il en ressort que si \u00e0 l\u2019UMP-Martinique on consid\u00e8re qu\u2019un Parti seul ne peut pas gagner une bataille \u00e9lectorale, c\u2019est que l\u2019UMP-Martinique n\u2019est qu\u2019une baudruche surmont\u00e9e d\u2019une t\u00eate d\u2019autruche, Monsieur TIRAULT.<\/p>\n<p>Qui pourrait placer sa mise sur une UMP si peureuse de monter seule sur le Ring et dont on sait que les moyens sont fort douteux, autant dire incertains.<\/p>\n<p>&nbsp;<\/p>\n<p>*** *** ***<\/p>\n<p>Nota : Nous ne traitons que de Faits et de Noms rendus Publics.<\/p>\n<p>*** *** ***<\/p>\n<p>&nbsp;<\/p>\n<p>N.B.: &#8211; Nous Recommandons instamment et syst\u00e9matiquement l\u2019ouverture de la (ou des) pi\u00e8ce(s) jointe(s) \u00e0 l\u2019e-mail, sous format Pdf, les illustrations y sont incluses.<\/p>\n<p>&nbsp;<\/p>\n<p style=\"text-align: center;\">*** *** ***<br \/><span style=\"color: #800000;\"><strong>Avis de vente de M\u00e9moire.<\/strong><\/span><\/p>\n<p><span style=\"color: #800000;\"><strong>Demandez le M\u00e9moire de \u00ab\u00a0Martinique Province Fran\u00e7aise d\u2019Am\u00e9rique\u00a0\u00bb au Front National Fran\u00e7ais.<\/strong><\/span><\/p>\n<p><span style=\"color: #800000;\"><strong>Eu \u00e9gard \u00e0 l\u2019Ind\u00e9pendance et \u00e0 la Justesse de son analyse, il vaut pour tout Parti du Spectre Politique Fran\u00e7ais.<\/strong><\/span><\/p>\n<p><span style=\"color: #800000;\"><strong>Il est au prix de Vingt Cinq Euros Net (25,00 \u20acuros Net). Port gratuit par courrier postal ordinaire. Port forfaitaire de 7,50 \u20acuros par courrier recommand\u00e9 suivi. R\u00e8glement par tout moyen de paiement \u00e0 l\u2019ordre d\u2019\u00c9ric E.G. NOGARD.<\/strong><\/span><\/p>\n<p><span style=\"color: #800000;\"><strong>Ne Peut \u00eatre reproduit &#8211; m\u00eame partiellement &#8211; sans l\u2019autorisation de l\u2019Auteur.<\/strong><\/span><\/p>\n<p><span style=\"color: #800000;\"><strong>Liens Sugg\u00e9r\u00e9s\u00a0:<\/strong><\/span><\/p>\n<p>http:\/\/www.lecarrefourdesopinions.ca<br \/>http:\/\/www.lescrutateur.com\/<br \/>http:\/\/www.etatsgenerauxdeloutremer.fr\/reflexions<\/p>\n<script type=\"text\/javascript\">\n\nvar addthis_config = {\"data_track_clickback\":false,\"data_track_addressbar\":false,\"data_track_textcopy\":false};\n<\/script><script type=\"text\/javascript\" src=\"\/\/s7.addthis.com\/js\/250\/addthis_widget.js#pubid=f084fdfbcefba74c78dfad3bbc873ffd\"><\/script>","protected":false},"excerpt":{"rendered":"<p style=\"text-align: center;\">Gardez-vous de l\u2019embrouille, on peut s\u2019y perdre.<\/p>\n<p>Pour avoir \u00e9t\u00e9 inform\u00e9 de l\u2019intervention de Fred-Michel TIRAULT dans \u00ab\u00a0le rendez-vous politique du lundi\u00a0\u00bb de France-Antilles Martinique n\u00b0 14335, \u00c9dition du 06 Octobre 2014, page 8.<\/p>\n<\/p>\n<p>&nbsp;&hellip;<\/p>\n","protected":false},"author":1,"featured_media":0,"comment_status":"open","ping_status":"open","sticky":false,"template":"","format":"standard","meta":{"footnotes":""},"categories":[1],"tags":[],"class_list":["post-10991","post","type-post","status-publish","format-standard","hentry","category-accueil"],"_links":{"self":[{"href":"https:\/\/www.lecarrefourdesopinions.ca\/index.php?rest_route=\/wp\/v2\/posts\/10991","targetHints":{"allow":["GET"]}}],"collection":[{"href":"https:\/\/www.lecarrefourdesopinions.ca\/index.php?rest_route=\/wp\/v2\/posts"}],"about":[{"href":"https:\/\/www.lecarrefourdesopinions.ca\/index.php?rest_route=\/wp\/v2\/types\/post"}],"author":[{"embeddable":true,"href":"https:\/\/www.lecarrefourdesopinions.ca\/index.php?rest_route=\/wp\/v2\/users\/1"}],"replies":[{"embeddable":true,"href":"https:\/\/www.lecarrefourdesopinions.ca\/index.php?rest_route=%2Fwp%2Fv2%2Fcomments&post=10991"}],"version-history":[{"count":2,"href":"https:\/\/www.lecarrefourdesopinions.ca\/index.php?rest_route=\/wp\/v2\/posts\/10991\/revisions"}],"predecessor-version":[{"id":11004,"href":"https:\/\/www.lecarrefourdesopinions.ca\/index.php?rest_route=\/wp\/v2\/posts\/10991\/revisions\/11004"}],"wp:attachment":[{"href":"https:\/\/www.lecarrefourdesopinions.ca\/index.php?rest_route=%2Fwp%2Fv2%2Fmedia&parent=10991"}],"wp:term":[{"taxonomy":"category","embeddable":true,"href":"https:\/\/www.lecarrefourdesopinions.ca\/index.php?rest_route=%2Fwp%2Fv2%2Fcategories&post=10991"},{"taxonomy":"post_tag","embeddable":true,"href":"https:\/\/www.lecarrefourdesopinions.ca\/index.php?rest_route=%2Fwp%2Fv2%2Ftags&post=10991"}],"curies":[{"name":"wp","href":"https:\/\/api.w.org\/{rel}","templated":true}]}}