{"id":10989,"date":"2014-11-23T08:51:47","date_gmt":"2014-11-23T13:51:47","guid":{"rendered":"http:\/\/www.lecarrefourdesopinions.ca\/?p=10989"},"modified":"2014-11-23T08:51:47","modified_gmt":"2014-11-23T13:51:47","slug":"proposition-de-sortie-de-crise","status":"publish","type":"post","link":"https:\/\/www.lecarrefourdesopinions.ca\/?p=10989","title":{"rendered":"\u00ab Proposition de sortie de crise \u00bb"},"content":{"rendered":"<p style=\"text-align: center;\">\u00ab Proposition de sortie de crise \u00bb<\/p>\n<p style=\"text-align: center;\">\u00ab de Me Jean-Henry C\u00e9ant \u00bb<\/p>\n<p style=\"text-align: left;\"><img loading=\"lazy\" decoding=\"async\" class=\"alignleft size-thumbnail wp-image-10358\" title=\"Serge 1\" src=\"http:\/\/www.lecarrefourdesopinions.ca\/wp-content\/uploads\/2013\/11\/Serge-1-101x107.jpg\" alt=\"\" width=\"101\" height=\"107\" \/><\/p>\n<p style=\"text-align: left;\">\n<p style=\"text-align: left;\">\n<p style=\"text-align: left;\">envoy\u00e9 par Serge H. Mo\u00efse av.<\/p>\n<p style=\"text-align: left;\">\n<p style=\"text-align: left;\"> Devons-nous conserver encore l\u2019espoir que nos leaders sauront se montrer \u00e0 la hauteur de la situation chaotique \u00e0 laquelle fait face notre soci\u00e9t\u00e9 d\u00e9j\u00e0 au bord de la faillite?<\/p>\n<p>Nous avons partag\u00e9 nos r\u00eaves la semaine derni\u00e8re \u00e0 travers notre dernier papier intitul\u00e9 : \u00ab Un petit pas \u00bb. Daly Valet a diffus\u00e9, dans notre d\u00e9licieux vernaculaire, ses dix propositions et Me Jean-Henry C\u00e9ant vient de soumettre \u00e0 l\u2019appr\u00e9ciation de tous, un texte tr\u00e8s bien articul\u00e9, agr\u00e9ment\u00e9 de r\u00e9f\u00e9rences constitutionnelles, qui se distingue par son caract\u00e8re concret et les pr\u00e9cisions dignes d\u2019un homme de grande vision qui se pr\u00e9occupe de prime abord du bien-\u00eatre collectif, toutes strates confondues.<\/p>\n<p>Voil\u00e0 un excellent document de travail qui doit \u00eatre largement diffus\u00e9, discut\u00e9 et d\u00e9battu, tant l\u2019int\u00e9rieur de nos fronti\u00e8res qu\u2019en diaspora afin d\u2019obtenir l\u2019adh\u00e9sion et la participation de la grande majorit\u00e9 de nos s\u0153urs et fr\u00e8res soucieux de l\u2019avenir de la patrie commune<\/p>\n<p>La proposition est r\u00e9dig\u00e9e dans un style simple, clair et limpide et toute tentative d\u2019explication ou de clarification se r\u00e9v\u00e9lerait simplement superf\u00e9tatoire.<\/p>\n<p>Deux ou trois questionnements retiennent toutefois notre attention et qui ne manqueront certainement pas de faire l\u2019objet des analyses et d\u00e9bats en perspective.<\/p>\n<p>Le leader politique sugg\u00e8re avec raison que tous les secteurs de la soci\u00e9t\u00e9 ha\u00eftienne soient repr\u00e9sent\u00e9s au sein de ce nouveau Conseil d\u2019\u00c9tat, en l\u2019occurrence :<\/p>\n<p>Le S\u00e9nat, la Chambre des D\u00e9put\u00e9s, Religion pour la Paix, l\u2019Ex\u00e9cutif, l\u2019Organisation pour la D\u00e9fense des Droits Humains, Le Conseil de l\u2019Universit\u00e9, le Conseil National des Coop\u00e9ratives, Le conseil des Droits de la Femme et celui des Handicap\u00e9s.<\/p>\n<p>Les handicap\u00e9s, sauf erreur, sont certainement pris en compte par l\u2019Organisation pour la D\u00e9fense des Droit Humains.<\/p>\n<p>N\u2019aurions-nous pas int\u00e9r\u00eat \u00e0 ce que la Cour de Cassation garde ses distances et son impartialit\u00e9 au cas o\u00f9 elle serait appel\u00e9e \u00e0 statuer sur une quelconque question de droit. Elle ne serait pas per\u00e7ue comme \u00e9tant juge et partie?<\/p>\n<p>Dans ce singulier petit pays o\u00f9 le taux de ch\u00f4mage oscille autour de soixante-dix (70) pour cent de la population, les syndicalistes et le patronat font figure de parents pauvres au sein de ce Conseil d\u2019\u00c9tat. Sur nos neuf (9.000.000.00) millions d\u2019habitants, il faut compter environ six millions trois cent mille (6.300.000.00) s\u0153urs et fr\u00e8res qui ne travaillent pas et ne caressent aucun espoir de pouvoir le faire dans un avenir pr\u00e9visible. Ils ne peuvent donc subvenir \u00e0 leurs besoins, \u00e0 ceux de leurs familles et coop\u00e9rer avec l\u2019\u00c9tat \u00e0 l\u2019\u00e9tablissement d\u2019un syst\u00e8me de s\u00e9curit\u00e9 sociale, conform\u00e9ment \u00e0 l\u2019article 35 de la constitution.<\/p>\n<p>Nous aurions mauvaise gr\u00e2ce \u00e0 ne pas souligner \u00e0 l\u2019eau forte, l\u2019imp\u00e9rieuse n\u00e9cessit\u00e9 de dresser le portrait-type des femmes et hommes qui seront appel\u00e9s \u00e0 repr\u00e9senter les divers organismes devant former le susdit Conseil d\u2019\u00c9tat, car un homme cultiv\u00e9 mais sans caract\u00e8re n\u2019est qu\u2019un sous-homme car : Science sans conscience n\u2019est que ruine de l\u2019\u00e2me.<\/p>\n<p>Les femmes et hommes devant constituer ce nouveau Conseil d\u2019\u00c9tat ainsi que les membres du futur gouvernement de salut public seront tri\u00e9s sur le volet en fonction de leurs capacit\u00e9s intellectuelles et morales, lesquelles qualit\u00e9s v\u00e9rifi\u00e9es objectivement, afin de garantir le plein succ\u00e8s de leur mission au nom des int\u00e9r\u00eats sup\u00e9rieurs de la nation, comme le souligne si souvent et avec emphase, notre confr\u00e8re et ami Me Samuel Madistin.<\/p>\n<p>Puisse cette proposition \u00e9clairante et patriotique de Me Jean-Henry C\u00e9ant faire l\u2019objet de d\u00e9bats s\u00e9rieux, en dehors de toute partisannerie mesquine, car un nouvel \u00e9chec ne fera que consacrer la faillite nationale, condamnant d\u00e9finitivement nos millions de s\u0153urs et fr\u00e8res \u00e0 la mis\u00e8re la plus abjecte et \u00e0 leur \u00e9ventuelle disparition \u00e0 l\u2019instar des Ta\u00efnos et des Arawaks de regrett\u00e9e m\u00e9moire. Il nous faut co\u00fbte que co\u00fbte sortir des sentiers battus afin d\u2019entreprendre rapidement le processus de r\u00e9conciliation nationale \u00ab tout moun ladanl \u00bb indispensable \u00e0 la refondation et \u00e0 la reconstruction de l\u2019alma mater.<\/p>\n<p>De plus, comment pouvons-nous, sinon \u00e9carter, du moins r\u00e9duire \u00e0 sa plus simple expression, l\u2019ing\u00e9rence \u00e9trang\u00e8re qui s\u2019est r\u00e9v\u00e9l\u00e9e depuis les dix derni\u00e8res ann\u00e9es, un \u00e9chec pur et simple au point qu\u2019on est en droit de se demander s\u2019il s\u2019agit d\u2019un accident ou d\u2019un plan macabre savamment concoct\u00e9?<\/p>\n<p>Point n\u2019est besoin de rappeler ce que tout le monde sait, s\u2019agissant de l\u2019\u00e9tat lamentable de nos institutions dites r\u00e9publicaines : partis politiques, l\u2019administration publique, le pouvoir judiciaire qu\u2019il faudra repenser de fond en comble pour arriver enfin \u00e0 l\u2019organisation d\u2019\u00e9lections cr\u00e9dibles, honn\u00eates et d\u00e9mocratiques.<\/p>\n<p>Ceci \u00e9tant dit, force est de constater que la crise ha\u00eftienne se r\u00e9v\u00e8le complexe et multidimensionnelle, elle requiert donc toutes les ressources humaines disponibles ou \u00e0 inventer le cas \u00e9ch\u00e9ant, afin de l\u00e9guer aux g\u00e9n\u00e9rations futures une Ha\u00efti souveraine, forte et prosp\u00e8re.<\/p>\n<p>&nbsp;<\/p>\n<p>&nbsp;<\/p>\n<script type=\"text\/javascript\">\n\nvar addthis_config = {\"data_track_clickback\":false,\"data_track_addressbar\":false,\"data_track_textcopy\":false};\n<\/script><script type=\"text\/javascript\" src=\"\/\/s7.addthis.com\/js\/250\/addthis_widget.js#pubid=f084fdfbcefba74c78dfad3bbc873ffd\"><\/script>","protected":false},"excerpt":{"rendered":"<p style=\"text-align: center;\">\u00ab Proposition de sortie de crise \u00bb<\/p>\n<p style=\"text-align: center;\">\u00ab de Me Jean-Henry C\u00e9ant \u00bb<\/p>\n<p style=\"text-align: left;\">\n<p style=\"text-align: left;\">\n<p style=\"text-align: left;\">\n<p style=\"text-align: left;\">envoy\u00e9 par Serge H. Mo\u00efse av.<\/p>\n<p style=\"text-align: left;\">\n<p style=\"text-align: left;\"> Devons-nous conserver encore l\u2019espoir que nos leaders sauront se montrer \u00e0 la hauteur de la situation chaotique \u00e0 &hellip;<\/p>\n","protected":false},"author":1,"featured_media":0,"comment_status":"open","ping_status":"open","sticky":false,"template":"","format":"standard","meta":{"footnotes":""},"categories":[1],"tags":[],"class_list":["post-10989","post","type-post","status-publish","format-standard","hentry","category-accueil"],"_links":{"self":[{"href":"https:\/\/www.lecarrefourdesopinions.ca\/index.php?rest_route=\/wp\/v2\/posts\/10989","targetHints":{"allow":["GET"]}}],"collection":[{"href":"https:\/\/www.lecarrefourdesopinions.ca\/index.php?rest_route=\/wp\/v2\/posts"}],"about":[{"href":"https:\/\/www.lecarrefourdesopinions.ca\/index.php?rest_route=\/wp\/v2\/types\/post"}],"author":[{"embeddable":true,"href":"https:\/\/www.lecarrefourdesopinions.ca\/index.php?rest_route=\/wp\/v2\/users\/1"}],"replies":[{"embeddable":true,"href":"https:\/\/www.lecarrefourdesopinions.ca\/index.php?rest_route=%2Fwp%2Fv2%2Fcomments&post=10989"}],"version-history":[{"count":2,"href":"https:\/\/www.lecarrefourdesopinions.ca\/index.php?rest_route=\/wp\/v2\/posts\/10989\/revisions"}],"predecessor-version":[{"id":11082,"href":"https:\/\/www.lecarrefourdesopinions.ca\/index.php?rest_route=\/wp\/v2\/posts\/10989\/revisions\/11082"}],"wp:attachment":[{"href":"https:\/\/www.lecarrefourdesopinions.ca\/index.php?rest_route=%2Fwp%2Fv2%2Fmedia&parent=10989"}],"wp:term":[{"taxonomy":"category","embeddable":true,"href":"https:\/\/www.lecarrefourdesopinions.ca\/index.php?rest_route=%2Fwp%2Fv2%2Fcategories&post=10989"},{"taxonomy":"post_tag","embeddable":true,"href":"https:\/\/www.lecarrefourdesopinions.ca\/index.php?rest_route=%2Fwp%2Fv2%2Ftags&post=10989"}],"curies":[{"name":"wp","href":"https:\/\/api.w.org\/{rel}","templated":true}]}}