{"id":10982,"date":"2014-10-06T09:32:28","date_gmt":"2014-10-06T13:32:28","guid":{"rendered":"http:\/\/www.lecarrefourdesopinions.ca\/?p=10982"},"modified":"2014-10-06T09:32:28","modified_gmt":"2014-10-06T13:32:28","slug":"biodiversite-temporelle","status":"publish","type":"post","link":"https:\/\/www.lecarrefourdesopinions.ca\/?p=10982","title":{"rendered":"Biodiversit\u00e9 temporelle"},"content":{"rendered":"<h1><span style=\"color: #45659b;\"><span style=\"font-family: 'Pontano Sans', sans-serif;\"><span style=\"font-size: x-large;\">Biodiversit\u00e9 temporelle<\/span><\/span><\/span><\/h1>\n<p><a href=\"http:\/\/christinelemaire.com\/category\/temps-2\/temps-ecosysteme\/\"><span style=\"color: #45659b;\"><span style=\"font-family: tahoma;\"><span>Temps \u00e9cosyst\u00e8me<\/span><\/span><\/span><\/a><\/p>\n<p><span style=\"font-family: tahoma;\"><span><img loading=\"lazy\" decoding=\"async\" class=\"alignleft size-thumbnail wp-image-10428\" title=\"Christine Lemaire\" src=\"http:\/\/www.lecarrefourdesopinions.ca\/wp-content\/uploads\/2013\/12\/Christine-Lemaire1-134x107.jpg\" alt=\"\" width=\"134\" height=\"107\" \/><\/span><\/span><\/p>\n<p>&nbsp;<\/p>\n<p>&nbsp;<\/p>\n<p>&nbsp;<\/p>\n<p>&nbsp;<\/p>\n<p><span style=\"color: #800000;\"><em><span style=\"font-family: tahoma;\">Par\u00a0<\/span><a href=\"http:\/\/christinelemaire.com\/author\/clemaire\/\"><span style=\"color: #800000;\"><span style=\"font-family: tahoma;\">Christine Lemaire<\/span><\/span><\/a><\/em><\/span><\/p>\n<p>&nbsp;<\/p>\n<p><img loading=\"lazy\" decoding=\"async\" class=\"aligncenter\" src=\"http:\/\/christinelemaire.com\/blog3\/wp-content\/uploads\/2014\/09\/2014.09.29-138-e1412082008685-150x150.png\" alt=\"CC www.public-domain-image.com\" name=\"images1\" width=\"153\" height=\"153\" align=\"BOTTOM\" border=\"1\" hspace=\"4\" vspace=\"2\" \/><\/p>\n<p><span style=\"color: #2c2b2b;\"><span style=\"font-family: arial;\"><span>Je n\u2019ai jamais oubli\u00e9 ma professeure de chimie de secondaire 5. La chimie, elle, je l\u2019ai oubli\u00e9e. Mais je me rappelle encore sa lecture, avec toutes les intonations qu\u2019il sied \u00e0 une \u0153uvre th\u00e9\u00e2trale, d\u2019un conte de No\u00ebl. Comme nous \u00e9tions tr\u00e8s b\u00eates, nous \u00e9tions surtout boulevers\u00e9s par les tr\u00e9molos dans la voix de cette femme toujours si profond\u00e9ment rationnelle et assez autoritaire. Comment pouvait-elle se permettre de pleurer un texte, elle qui nous enseignait chaque jour \u00e0 compter les mol\u00e9cules? \u00ab\u00a0Pas rapport!\u00a0\u00bb, aurions-nous dit aujourd\u2019hui.<\/span><\/span><\/span><\/p>\n<p><span style=\"color: #2c2b2b;\"><span style=\"font-family: arial;\"><span>Plus tard, aux HEC, en fin de session, un professeur de statistiques nous a lu un de ses po\u00e8mes. Il nous l\u2019avait offert en cadeau. Qui s\u2019est d\u00e9j\u00e0 essay\u00e9 \u00e0 rimer sait qu\u2019il s\u2019agit l\u00e0 d\u2019un cadeau intime. Mais nous \u00e9tions des jeunes sans sagesse. En dignes \u00e9tudiant-e-s d\u2019une \u00e9cole de gestion, notre t\u00eate \u00e9tait am\u00e9nag\u00e9e en cat\u00e9gories \u00e9tanches et soigneusement \u00e9tiquet\u00e9es. Or, nous \u00e9tions dans un cours de math\u00e9matiques\u00a0: ce n\u2019\u00e9tait pas l\u2019endroit pour les odes.<\/span><\/span><\/span><\/p>\n<p><span style=\"color: #2c2b2b;\"><span style=\"font-family: arial;\"><span>Ce professeur le savait sans doute, lui aussi. Il devait s\u2019attendre aux regards \u00e9berlu\u00e9s que nous nous \u00e9changions pendant qu\u2019il nous lisait son \u0153uvre en levant parfois les yeux vers nous. Il savait que nous n\u2019\u00e9tions pas pr\u00eats \u00e0 recevoir un tel cadeau. Avec courage, il nous l\u2019offrait quand m\u00eame. Esp\u00e9rant que les grains qu\u2019il semait avec une certaine confiance, germent et s\u2019\u00e9panouissent avec le temps.<\/span><\/span><\/span><\/p>\n<p><span style=\"color: #2c2b2b;\"><span style=\"font-family: arial;\"><span>Derni\u00e8rement, le tuteur en math\u00e9matiques de mes enfants m\u2019a offert son opuscule de po\u00e8mes explorant la\u00a0<\/span><\/span><\/span><em><span style=\"color: #2c2b2b;\"><span style=\"font-family: arial;\"><span>Erotica Philosophica<\/span><\/span><\/span><\/em><span style=\"color: #2c2b2b;\"><span style=\"font-family: arial;\"><span>,\u00a0<\/span><\/span><\/span><em><span style=\"color: #2c2b2b;\"><span style=\"font-family: arial;\"><span>erotica<\/span><\/span><\/span><\/em><span style=\"color: #2c2b2b;\"><span style=\"font-family: arial;\"><span>\u00a0pris dans son sens plein, son sens large, une philosophie o\u00f9 l\u2019on c\u00e9l\u00e8bre la vie et le fait d\u2019\u00eatre vivant.<\/span><\/span><\/span><\/p>\n<p><span style=\"color: #2c2b2b;\"><span style=\"font-family: arial;\"><span>Deux po\u00e8tes et une com\u00e9dienne qui, sachons-le, faisait du th\u00e9\u00e2tre dans ses temps libres; des personnes solides dans leur discipline principale qui, soudain, d\u00e9voilent la richesse de leur personnalit\u00e9. Maintenant que je connais les vertus du temps \u00e9cosyst\u00e8me, je puis dire que cette solidit\u00e9-l\u00e0 est attribuable \u00e0 la biodiversit\u00e9 temporelle.<\/span><\/span><\/span><\/p>\n<p><span style=\"color: #2c2b2b;\"><span style=\"font-family: arial;\"><span>Mes professeurs de chimie et de statistiques \u00e9taient tr\u00e8s comp\u00e9tents et si vous saviez les merveilles que le tuteur de mes enfants fait avec eux, vous en seriez impressionn\u00e9s. Mais ces personnes ne font pas que cela; elles ne\u00a0<\/span><\/span><\/span><em><span style=\"color: #2c2b2b;\"><span style=\"font-family: arial;\"><span>sont <\/span><\/span><\/span><\/em><span style=\"color: #2c2b2b;\"><span style=\"font-family: arial;\"><span>pas que cela. Elles cultivent d\u2019autres plates-bandes dans leur jardin temporel. Une sp\u00e9cialiste de mise-en-march\u00e9\u00a0bricoleuse, un entrepreneur\u00a0coach de balle molle, un photographe informaticien, un avocat cin\u00e9phile: voil\u00e0 des personnes que je c\u00f4toie avec plaisir, aujourd\u2019hui.<\/span><\/span><\/span><\/p>\n<p><span style=\"color: #2c2b2b;\"><span style=\"font-family: arial;\"><span>Dans cette diversit\u00e9 des\u00a0<\/span><\/span><\/span><em><span style=\"color: #2c2b2b;\"><span style=\"font-family: arial;\"><span>agirs<\/span><\/span><\/span><\/em><span style=\"color: #2c2b2b;\"><span style=\"font-family: arial;\"><span>, le miracle op\u00e8re toujours. La somme est plus grande que les parties, pourrions-nous dire. Parce que tout est li\u00e9, le jardin est plus beau que ses\u00a0plates-bandes prises une \u00e0 une. C\u2019est un tour de force de se faire une belle vie. Doser les actions pour qu\u2019elles se compl\u00e8tent et contribuent, chacune \u00e0 leur mani\u00e8re, \u00e0 l\u2019harmonie de l\u2019ensemble, c\u2019est un art\u2026<\/span><\/span><\/span><\/p>\n<p><span style=\"color: #2c2b2b;\"><span style=\"font-family: arial;\"><span>Quand on y arrive, le r\u00e9sultat n\u2019est pas simplement inspirant\u00a0pour les autres, il est nourrissant pour nous-m\u00eames. Il nous fait vivre\u00a0la<\/span><\/span><\/span><span style=\"color: #2c2b2b;\"><span style=\"font-family: arial;\"><span><strong>\u00a0<\/strong><\/span><\/span><\/span><em><span style=\"color: #2c2b2b;\"><span style=\"font-family: arial;\"><span><strong>Erotica philosophica<\/strong><\/span><\/span><\/span><\/em><em><span style=\"color: #2c2b2b;\"><span style=\"font-family: arial;\"><span>,\u00a0<\/span><\/span><\/span><\/em><span style=\"color: #2c2b2b;\"><span style=\"font-family: arial;\"><span>la joie d\u2019\u00eatre vivant.<\/span><\/span><\/span><\/p>\n<script type=\"text\/javascript\">\n\nvar addthis_config = {\"data_track_clickback\":false,\"data_track_addressbar\":false,\"data_track_textcopy\":false};\n<\/script><script type=\"text\/javascript\" src=\"\/\/s7.addthis.com\/js\/250\/addthis_widget.js#pubid=f084fdfbcefba74c78dfad3bbc873ffd\"><\/script>","protected":false},"excerpt":{"rendered":"<p><span style=\"color: #45659b;\"><span style=\"font-family: 'Pontano Sans', sans-serif;\"><span style=\"font-size: x-large;\">Biodiversit\u00e9 temporelle<\/span><\/span><\/span><\/p>\n<p><span style=\"color: #45659b;\"><span style=\"font-family: tahoma;\"><span>Temps \u00e9cosyst\u00e8me<\/span><\/span><\/span><\/p>\n<p><span style=\"font-family: tahoma;\"><span><\/span><\/span><\/p>\n<p>&nbsp;<\/p>\n<p>&nbsp;<\/p>\n<p>&nbsp;<\/p>\n<p>&nbsp;<\/p>\n<p><span style=\"color: #800000;\"><span style=\"font-family: tahoma;\">Par\u00a0<\/span><span style=\"color: #800000;\"><span style=\"font-family: tahoma;\">Christine Lemaire<\/span><\/span><\/span><\/p>\n<p>&nbsp;<\/p>\n<\/p>\n<p><span style=\"color: #2c2b2b;\"><span style=\"font-family: arial;\"><span>Je n\u2019ai jamais oubli\u00e9 ma professeure de chimie de secondaire 5. La chimie, elle, je l\u2019ai oubli\u00e9e. Mais je me rappelle encore sa lecture, avec <\/span><\/span><\/span>&hellip;<\/p>\n","protected":false},"author":1,"featured_media":0,"comment_status":"open","ping_status":"open","sticky":false,"template":"","format":"standard","meta":{"footnotes":""},"categories":[1],"tags":[],"class_list":["post-10982","post","type-post","status-publish","format-standard","hentry","category-accueil"],"_links":{"self":[{"href":"https:\/\/www.lecarrefourdesopinions.ca\/index.php?rest_route=\/wp\/v2\/posts\/10982","targetHints":{"allow":["GET"]}}],"collection":[{"href":"https:\/\/www.lecarrefourdesopinions.ca\/index.php?rest_route=\/wp\/v2\/posts"}],"about":[{"href":"https:\/\/www.lecarrefourdesopinions.ca\/index.php?rest_route=\/wp\/v2\/types\/post"}],"author":[{"embeddable":true,"href":"https:\/\/www.lecarrefourdesopinions.ca\/index.php?rest_route=\/wp\/v2\/users\/1"}],"replies":[{"embeddable":true,"href":"https:\/\/www.lecarrefourdesopinions.ca\/index.php?rest_route=%2Fwp%2Fv2%2Fcomments&post=10982"}],"version-history":[{"count":2,"href":"https:\/\/www.lecarrefourdesopinions.ca\/index.php?rest_route=\/wp\/v2\/posts\/10982\/revisions"}],"predecessor-version":[{"id":10987,"href":"https:\/\/www.lecarrefourdesopinions.ca\/index.php?rest_route=\/wp\/v2\/posts\/10982\/revisions\/10987"}],"wp:attachment":[{"href":"https:\/\/www.lecarrefourdesopinions.ca\/index.php?rest_route=%2Fwp%2Fv2%2Fmedia&parent=10982"}],"wp:term":[{"taxonomy":"category","embeddable":true,"href":"https:\/\/www.lecarrefourdesopinions.ca\/index.php?rest_route=%2Fwp%2Fv2%2Fcategories&post=10982"},{"taxonomy":"post_tag","embeddable":true,"href":"https:\/\/www.lecarrefourdesopinions.ca\/index.php?rest_route=%2Fwp%2Fv2%2Ftags&post=10982"}],"curies":[{"name":"wp","href":"https:\/\/api.w.org\/{rel}","templated":true}]}}