{"id":10979,"date":"2014-10-06T09:35:52","date_gmt":"2014-10-06T13:35:52","guid":{"rendered":"http:\/\/www.lecarrefourdesopinions.ca\/?p=10979"},"modified":"2014-10-06T09:35:52","modified_gmt":"2014-10-06T13:35:52","slug":"mon-pays","status":"publish","type":"post","link":"https:\/\/www.lecarrefourdesopinions.ca\/?p=10979","title":{"rendered":"\u00ab Mon pays \u00bb"},"content":{"rendered":"<p style=\"text-align: center;\"><strong>\u00ab Mon pays \u00bb<\/strong><\/p>\n<p style=\"text-align: left;\"><span style=\"color: #800000;\"><em><img loading=\"lazy\" decoding=\"async\" class=\"alignleft size-thumbnail wp-image-10358\" title=\"Serge 1\" src=\"http:\/\/www.lecarrefourdesopinions.ca\/wp-content\/uploads\/2013\/11\/Serge-1-101x107.jpg\" alt=\"\" width=\"101\" height=\"107\" \/><\/em><\/span><\/p>\n<p style=\"text-align: left;\">\n<p style=\"text-align: left;\">\n<p style=\"text-align: left;\">\n<p style=\"text-align: left;\">\n<p style=\"text-align: left;\"><span style=\"color: #800000;\"><em>Par Serge Moise av.<\/em><\/span><\/p>\n<p style=\"text-align: left;\">\n<p style=\"text-align: center;\"><strong>Mon pays ne veut pas mourir<\/strong><\/p>\n<p style=\"text-align: center;\"><strong>Ses beaux jours sont \u00e0 venir<\/strong><\/p>\n<p style=\"text-align: center;\"><strong>Et il l\u2019a prouv\u00e9 dans le pass\u00e9<\/strong><\/p>\n<p style=\"text-align: center;\"><strong>Ce que pouvait la solidarit\u00e9<\/strong><\/p>\n<p style=\"text-align: center;\"><strong>II<\/strong><\/p>\n<p style=\"text-align: center;\"><strong>Il l\u2019a pay\u00e9 tr\u00e8s cher sa t\u00e9m\u00e9rit\u00e9<\/strong><\/p>\n<p style=\"text-align: center;\"><strong>Des grands il d\u00e9fia l\u2019autorit\u00e9<\/strong><\/p>\n<p style=\"text-align: center;\"><strong>Leur signifia leur m\u00e9diocrit\u00e9<\/strong><\/p>\n<p style=\"text-align: center;\"><strong>Au prix du sang obtint sa libert\u00e9<\/strong><\/p>\n<p style=\"text-align: center;\"><strong>III<\/strong><\/p>\n<p style=\"text-align: center;\"><strong>Son fier drapeau qui d\u00e9range<\/strong><\/p>\n<p style=\"text-align: center;\"><strong>Baigne ces jours-ci dans la fange<\/strong><\/p>\n<p style=\"text-align: center;\"><strong>Avec la complicit\u00e9 de ses enfants<\/strong><\/p>\n<p style=\"text-align: center;\"><strong>Cette \u00e9lite r\u00e9pugnante d\u2019antan<\/strong><\/p>\n<p style=\"text-align: center;\"><strong>IV<\/strong><\/p>\n<p style=\"text-align: center;\"><strong>Mon pays ne peut pas mourir<\/strong><\/p>\n<p style=\"text-align: center;\"><strong>De ses entrailles vont jaillir<\/strong><\/p>\n<p style=\"text-align: center;\"><strong>Les voix qui se sont tues<\/strong><\/p>\n<p style=\"text-align: center;\"><strong>Et qui n\u2019attendront plus<\/strong><\/p>\n<p style=\"text-align: center;\"><strong>V<\/strong><\/p>\n<p style=\"text-align: center;\"><strong>Le temps de se parler par signe<\/strong><\/p>\n<p style=\"text-align: center;\"><strong>Rel\u00e8ve d\u2019un pass\u00e9 indigne<\/strong><\/p>\n<p style=\"text-align: center;\"><strong>Les fuites et les d\u00e9sertions<\/strong><\/p>\n<p style=\"text-align: center;\"><strong>Ont d\u00e9truit la nation<\/strong><\/p>\n<p style=\"text-align: center;\"><strong>Le vidant de son sang<\/strong><\/p>\n<p style=\"text-align: center;\"><strong>Au fond des oc\u00e9ans<\/strong><\/p>\n<p style=\"text-align: center;\"><strong>VI<\/strong><\/p>\n<p style=\"text-align: center;\"><strong>En recouvrant sa dignit\u00e9<\/strong><\/p>\n<p style=\"text-align: center;\"><strong>Les leviers de sa destin\u00e9e<\/strong><\/p>\n<p style=\"text-align: center;\"><strong>L\u2019\u00e2me ha\u00eftienne en veilleuse<\/strong><\/p>\n<p style=\"text-align: center;\"><strong>Fera des choses merveilleuses<\/strong><\/p>\n<p style=\"text-align: center;\"><strong>VII<\/strong><\/p>\n<p style=\"text-align: center;\"><strong>La fin de ce qui nous divise<\/strong><\/p>\n<p style=\"text-align: center;\"><strong>N\u2019est que partie remise<\/strong><\/p>\n<p style=\"text-align: center;\"><strong>Que nous le voulions ou non<\/strong><\/p>\n<p style=\"text-align: center;\"><strong>Nous serions des couillons<\/strong><\/p>\n<p style=\"text-align: center;\"><strong>De nous laisser tous p\u00e9rir<\/strong><\/p>\n<p style=\"text-align: center;\"><strong>Tels de mis\u00e9rables martyrs<\/strong><\/p>\n<p style=\"text-align: center;\"><strong>VIII<\/strong><\/p>\n<p style=\"text-align: center;\"><strong>Tout le monde au travail<\/strong><\/p>\n<p style=\"text-align: center;\"><strong>La seule option qui vaille<\/strong><\/p>\n<p style=\"text-align: center;\"><strong>En cultivant bien la foi<\/strong><\/p>\n<p style=\"text-align: center;\"><strong>Dans un \u00c9tat de Droit<\/strong><\/p>\n<p style=\"text-align: center;\"><strong>IX<\/strong><\/p>\n<p style=\"text-align: center;\"><strong>Pour terminer cette saga<\/strong><\/p>\n<p style=\"text-align: center;\"><strong>L\u00e8ve bien haut ton bras<\/strong><\/p>\n<p style=\"text-align: center;\"><strong>Et r\u00e9p\u00e8te encor avec moi<\/strong><\/p>\n<p style=\"text-align: center;\"><strong>Ha\u00efti ne mourra pas!<\/strong><\/p>\n<p style=\"text-align: center;\"><strong>\u00a0<\/strong><\/p>\n<script type=\"text\/javascript\">\n\nvar addthis_config = {\"data_track_clickback\":false,\"data_track_addressbar\":false,\"data_track_textcopy\":false};\n<\/script><script type=\"text\/javascript\" src=\"\/\/s7.addthis.com\/js\/250\/addthis_widget.js#pubid=f084fdfbcefba74c78dfad3bbc873ffd\"><\/script>","protected":false},"excerpt":{"rendered":"<p style=\"text-align: center;\">\u00ab Mon pays \u00bb<\/p>\n<p style=\"text-align: left;\"><span style=\"color: #800000;\"><\/span><\/p>\n<p style=\"text-align: left;\">\n<p style=\"text-align: left;\">\n<p style=\"text-align: left;\">\n<p style=\"text-align: left;\">\n<p style=\"text-align: left;\"><span style=\"color: #800000;\">Par Serge Moise av.<\/span><\/p>\n<p style=\"text-align: left;\">\n<p style=\"text-align: center;\">Mon pays ne veut pas mourir<\/p>\n<p style=\"text-align: center;\">Ses beaux jours sont \u00e0 venir<\/p>\n<p style=\"text-align: center;\">Et il l\u2019a prouv\u00e9 dans le pass\u00e9<\/p>\n<p style=\"text-align: center;\">Ce que pouvait la solidarit\u00e9<\/p>\n<p style=\"text-align: center;\">II<\/p>\n<p style=\"text-align: center;\">Il l\u2019a pay\u00e9 tr\u00e8s &hellip;<\/p>\n","protected":false},"author":1,"featured_media":0,"comment_status":"open","ping_status":"open","sticky":false,"template":"","format":"standard","meta":{"footnotes":""},"categories":[1],"tags":[],"class_list":["post-10979","post","type-post","status-publish","format-standard","hentry","category-accueil"],"_links":{"self":[{"href":"https:\/\/www.lecarrefourdesopinions.ca\/index.php?rest_route=\/wp\/v2\/posts\/10979","targetHints":{"allow":["GET"]}}],"collection":[{"href":"https:\/\/www.lecarrefourdesopinions.ca\/index.php?rest_route=\/wp\/v2\/posts"}],"about":[{"href":"https:\/\/www.lecarrefourdesopinions.ca\/index.php?rest_route=\/wp\/v2\/types\/post"}],"author":[{"embeddable":true,"href":"https:\/\/www.lecarrefourdesopinions.ca\/index.php?rest_route=\/wp\/v2\/users\/1"}],"replies":[{"embeddable":true,"href":"https:\/\/www.lecarrefourdesopinions.ca\/index.php?rest_route=%2Fwp%2Fv2%2Fcomments&post=10979"}],"version-history":[{"count":2,"href":"https:\/\/www.lecarrefourdesopinions.ca\/index.php?rest_route=\/wp\/v2\/posts\/10979\/revisions"}],"predecessor-version":[{"id":10988,"href":"https:\/\/www.lecarrefourdesopinions.ca\/index.php?rest_route=\/wp\/v2\/posts\/10979\/revisions\/10988"}],"wp:attachment":[{"href":"https:\/\/www.lecarrefourdesopinions.ca\/index.php?rest_route=%2Fwp%2Fv2%2Fmedia&parent=10979"}],"wp:term":[{"taxonomy":"category","embeddable":true,"href":"https:\/\/www.lecarrefourdesopinions.ca\/index.php?rest_route=%2Fwp%2Fv2%2Fcategories&post=10979"},{"taxonomy":"post_tag","embeddable":true,"href":"https:\/\/www.lecarrefourdesopinions.ca\/index.php?rest_route=%2Fwp%2Fv2%2Ftags&post=10979"}],"curies":[{"name":"wp","href":"https:\/\/api.w.org\/{rel}","templated":true}]}}