{"id":10967,"date":"2014-09-22T15:35:32","date_gmt":"2014-09-22T19:35:32","guid":{"rendered":"http:\/\/www.lecarrefourdesopinions.ca\/?p=10967"},"modified":"2014-09-22T15:35:32","modified_gmt":"2014-09-22T19:35:32","slug":"un-franc-succes-et-un-appel-a-la-mobilisation","status":"publish","type":"post","link":"https:\/\/www.lecarrefourdesopinions.ca\/?p=10967","title":{"rendered":"Un franc succ\u00e8s et un appel \u00e0 la mobilisation !"},"content":{"rendered":"<p style=\"text-align: justify;\">Rencontre des \u00e9lues municipaux pour exiger des normes de protection de l\u2019eau plus s\u00e9v\u00e8res :<br \/>Un franc succ\u00e8s et un appel \u00e0 la mobilisation !<br \/>Saint-Edmond-de-Grantham, le 21 septembre 2014. Lors de leur rencontre tenue hier \u00e0 Saint-Edmond-de-Grantham, les \u00e9luEs municipaux provenant de 22 municipalit\u00e9s qu\u00e9b\u00e9coises ont examin\u00e9 une expertise pr\u00e9par\u00e9e par un groupe de 5 scientifiques et ont discut\u00e9 des prochaines \u00e9tapes de leur mobilisation pour exiger des normes plus s\u00e9v\u00e8res pour la protection des sources d\u2019eau potable.<\/p>\n<p style=\"text-align: justify;\">\n<p style=\"text-align: justify;\">Pour Marie-Andr\u00e9e Auger, mairesse de l\u2019endroit et membre du conseil d\u2019administration de la F\u00e9d\u00e9ration qu\u00e9b\u00e9coise des municipalit\u00e9s (FQM) le diagnostic pos\u00e9 par le groupe des experts est vraiment inqui\u00e9tant : \u00ab Les \u00e9luEs municipaux pr\u00e9sents ont pu r\u00e9aliser que le r\u00e8glement provincial mis en vigueur le 14 ao\u00fbt dernier et qui vise \u00e0 prot\u00e9ger nos sources d\u2019eau potable est vraiment inad\u00e9quat et plein de trous. On comprend que le gouvernement veut d\u00e9velopper l\u2019industrie gazi\u00e8re et p\u00e9troli\u00e8re, mais il ne faut pas que ce d\u00e9veloppement se fasse dans l\u2019improvisation et au d\u00e9triment de nos sources d\u2019eau potable. C\u2019est pourtant ce que nous constatons aujourd\u2019hui \u00bb, a-t-elle expliqu\u00e9.<\/p>\n<p style=\"text-align: justify;\">\n<p style=\"text-align: justify;\">Lors de cette rencontre, la biologiste C\u00e9line Marier et le juriste et sociologue Richard E. Langelier ont expliqu\u00e9 les constats r\u00e9alis\u00e9s par leur groupe de 5 experts, dont l\u2019ing\u00e9nieur et g\u00e9ologue Marc Durand, le biophysicien Marc Brullemans et l\u2019ing\u00e9nieure et hydrog\u00e9ologue Chantal Savaria : perte de comp\u00e9tence des municipalit\u00e9s sur les puisements d\u2019eau r\u00e9alis\u00e9s sur leur territoire, si ces puisements sont faits pour les fins de l\u2019exploration gazi\u00e8re et p\u00e9troli\u00e8re, distances s\u00e9paratrices insuffisantes entre les puits gaziers ou p\u00e9troliers et les sources d\u2019eau potable, responsabilit\u00e9 limit\u00e9e dans le temps pour les exploitants de cette industrie, etc.<br \/>De son c\u00f4t\u00e9, la porte-parole du comit\u00e9 Ensemble pour l\u2019avenir durable du grand Gasp\u00e9, Lise Chartrand, qui participait \u00e0 la rencontre, a expliqu\u00e9, expertise en mains, aux maires et mairesses pr\u00e9sents, que d\u00e9j\u00e0 plusieurs des puits d\u2019eau potable \u00e9taient contamin\u00e9s autour du site de forage Haldimand I. \u00ab Toute la zone autour des puits Haldimand est tr\u00e8s fragile. Si P\u00e9trolia fore un puits horizontal \u00e0 Haldimand 4, comme elle l\u2019a annonc\u00e9, nous craignons le pire. \u00bb<\/p>\n<p style=\"text-align: justify;\">\n<p style=\"text-align: justify;\">Quant au maire de Ristigouche Sud Est, Fran\u00e7ois Boulay, qui participait aussi \u00e0 cette rencontre, il a appel\u00e9 les autres \u00e9luEs municipaux \u00e0 exprimer leur solidarit\u00e9 dans la lutte men\u00e9e par cette petite municipalit\u00e9 de 168 r\u00e9sidents : \u00ab Vous devez<br \/>comprendre que si Gastem peut se permettre d\u2019intimider notre municipalit\u00e9 qui n\u2019a fait que prot\u00e9ger son eau potable, ce sc\u00e9nario risque fort de se reproduire ailleurs \u00bb a-t-il insist\u00e9. Les \u00e9luEs pr\u00e9sents l\u2019ont longuement applaudi et promis d\u2019apporter toute l\u2019aide n\u00e9cessaire, gr\u00e2ce au Fonds intermunicipal de d\u00e9fense de l\u2019eau (FIDE) mis sur pied l\u2019an dernier et auquel participent de nombreuses municipalit\u00e9s.<\/p>\n<p style=\"text-align: justify;\">Les magistrats municipaux ont donc d\u00e9cid\u00e9 de pr\u00e9senter une requ\u00eate conjointe au gouvernement Couillard de fa\u00e7on \u00e0 \u00eatre autoris\u00e9 \u00e0 imposer des normes de protection des sources d\u2019eau potable plus s\u00e9v\u00e8res et veulent inviter les 1100 municipalit\u00e9s qu\u00e9b\u00e9coises \u00e0 se joindre \u00e0 eux. \u00ab Nous avons une responsabilit\u00e9 face aux citoyennes et aux citoyens que nous repr\u00e9sentons. Puisque les \u00e9tudes scientifiques et l\u2019exp\u00e9rience de Gasp\u00e9 montrent que les distances pr\u00e9vues au r\u00e8glement provincial sont insuffisantes et que la loi pr\u00e9voit qu\u2019une demande de d\u00e9rogation peut \u00eatre pr\u00e9sent\u00e9e au gouvernement, il nous faut agir \u00bb a r\u00e9sum\u00e9 la mairesse de Saint-Edmond-de-Grantham.<\/p>\n<p>&nbsp;<\/p>\n<script type=\"text\/javascript\">\n\nvar addthis_config = {\"data_track_clickback\":false,\"data_track_addressbar\":false,\"data_track_textcopy\":false};\n<\/script><script type=\"text\/javascript\" src=\"\/\/s7.addthis.com\/js\/250\/addthis_widget.js#pubid=f084fdfbcefba74c78dfad3bbc873ffd\"><\/script>","protected":false},"excerpt":{"rendered":"<p style=\"text-align: justify;\">Rencontre des \u00e9lues municipaux pour exiger des normes de protection de l\u2019eau plus s\u00e9v\u00e8res :Un franc succ\u00e8s et un appel \u00e0 la mobilisation !Saint-Edmond-de-Grantham, le 21 septembre 2014. Lors de leur rencontre tenue hier \u00e0 Saint-Edmond-de-Grantham, les &hellip;<\/p>\n","protected":false},"author":1,"featured_media":0,"comment_status":"open","ping_status":"open","sticky":false,"template":"","format":"standard","meta":{"footnotes":""},"categories":[1],"tags":[],"class_list":["post-10967","post","type-post","status-publish","format-standard","hentry","category-accueil"],"_links":{"self":[{"href":"https:\/\/www.lecarrefourdesopinions.ca\/index.php?rest_route=\/wp\/v2\/posts\/10967","targetHints":{"allow":["GET"]}}],"collection":[{"href":"https:\/\/www.lecarrefourdesopinions.ca\/index.php?rest_route=\/wp\/v2\/posts"}],"about":[{"href":"https:\/\/www.lecarrefourdesopinions.ca\/index.php?rest_route=\/wp\/v2\/types\/post"}],"author":[{"embeddable":true,"href":"https:\/\/www.lecarrefourdesopinions.ca\/index.php?rest_route=\/wp\/v2\/users\/1"}],"replies":[{"embeddable":true,"href":"https:\/\/www.lecarrefourdesopinions.ca\/index.php?rest_route=%2Fwp%2Fv2%2Fcomments&post=10967"}],"version-history":[{"count":1,"href":"https:\/\/www.lecarrefourdesopinions.ca\/index.php?rest_route=\/wp\/v2\/posts\/10967\/revisions"}],"predecessor-version":[{"id":10968,"href":"https:\/\/www.lecarrefourdesopinions.ca\/index.php?rest_route=\/wp\/v2\/posts\/10967\/revisions\/10968"}],"wp:attachment":[{"href":"https:\/\/www.lecarrefourdesopinions.ca\/index.php?rest_route=%2Fwp%2Fv2%2Fmedia&parent=10967"}],"wp:term":[{"taxonomy":"category","embeddable":true,"href":"https:\/\/www.lecarrefourdesopinions.ca\/index.php?rest_route=%2Fwp%2Fv2%2Fcategories&post=10967"},{"taxonomy":"post_tag","embeddable":true,"href":"https:\/\/www.lecarrefourdesopinions.ca\/index.php?rest_route=%2Fwp%2Fv2%2Ftags&post=10967"}],"curies":[{"name":"wp","href":"https:\/\/api.w.org\/{rel}","templated":true}]}}