{"id":10960,"date":"2014-12-15T15:32:56","date_gmt":"2014-12-15T20:32:56","guid":{"rendered":"http:\/\/www.lecarrefourdesopinions.ca\/?p=10960"},"modified":"2014-12-15T15:32:56","modified_gmt":"2014-12-15T20:32:56","slug":"un-petit-pas","status":"publish","type":"post","link":"https:\/\/www.lecarrefourdesopinions.ca\/?p=10960","title":{"rendered":"\u00ab Un petit pas \u00bb"},"content":{"rendered":"<div><\/div>\n<div>\n<p align=\"center\"><span style=\"color: #000000;\">\u00ab Un petit pas \u00bb <\/span><\/p>\n<p style=\"text-align: left;\" align=\"center\"><span style=\"color: #800000;\"><em><img loading=\"lazy\" decoding=\"async\" class=\"alignleft size-thumbnail wp-image-10358\" title=\"Serge 1\" src=\"http:\/\/www.lecarrefourdesopinions.ca\/wp-content\/uploads\/2013\/11\/Serge-1-101x107.jpg\" alt=\"\" width=\"101\" height=\"107\" \/>\u00a0 \u00a0 \u00a0par \u00a0Serge H. Mo\u00efse av \u00a0 \u00a0 \u00a0 \u00a0 \u00a0 \u00a0 \u00a0\u00a0<\/em><\/span><\/p>\n<p><span style=\"color: #000000;\">\u00a0\u00a0\u00a0\u00a0\u00a0\u00a0\u00a0\u00a0\u00a0 <\/span><span style=\"color: #000000;\">Si d\u2019aventure nos leaders pouvaient d\u00e9cider de se r\u00e9unir, pour discuter, en se regardant <\/span><span style=\"color: #000000;\">\u00a0<\/span><span style=\"color: #000000;\">dans les yeux, et au nom des int\u00e9r\u00eats sup\u00e9rieurs de la nation, c\u2019e\u00fbt \u00e9t\u00e9 un premier petit pas.<\/span><\/p>\n<p><span style=\"color: #000000;\">\u00a0\u00a0\u00a0\u00a0\u00a0\u00a0\u00a0\u00a0\u00a0 <\/span><span style=\"color: #000000;\">Ils se donneraient l\u2019accolade fraternelle, se rappelant qu\u2019ils sont filles et fils de la patrie commune, et par voie de cons\u00e9quence, des s\u0153urs et des fr\u00e8res.<\/span><\/p>\n<p><span style=\"color: #000000;\">\u00a0\u00a0\u00a0\u00a0\u00a0\u00a0\u00a0\u00a0 \u00a0<\/span><span style=\"color: #000000;\">Les plus sages leur feront r\u00e9aliser qu\u2019une famille divis\u00e9e, est une famille affaiblie, appel\u00e9e certainement \u00e0 dispara\u00eetre!<\/span><\/p>\n<p><span style=\"color: #000000;\">\u00a0\u00a0\u00a0\u00a0\u00a0\u00a0\u00a0\u00a0\u00a0\u00a0\u00a0 <\/span><span style=\"color: #000000;\">Ils seront \u00e0 l\u2019\u00e9vidence qu\u2019un pays dirig\u00e9 par des copains devient bien vite une r\u00e9publique de coquins.<\/span><\/p>\n<p><span style=\"color: #000000;\">\u00a0\u00a0\u00a0\u00a0\u00a0\u00a0\u00a0\u00a0\u00a0\u00a0 <\/span><span style=\"color: #000000;\">Et ils prendront s\u00e9rieusement conscience que le plus important dans une soci\u00e9t\u00e9, c\u2019est d\u2019abord et avant tout, les femmes et les hommes qui la composent, avec une attention particuli\u00e8re pour la jeunesse qui doit en assurer la rel\u00e8ve et la p\u00e9rennit\u00e9.<\/span><\/p>\n<p><span style=\"color: #000000;\">\u00a0\u00a0\u00a0\u00a0\u00a0\u00a0\u00a0\u00a0\u00a0\u00a0 <\/span><span style=\"color: #000000;\">La finalit\u00e9 de toute d\u00e9marche se doit d\u2019assurer par tous les moyens, le bien-\u00eatre de tous et chacun, l\u2019ultime objectif \u00e9tant de b\u00e2tir, en tenant compte du contexte g\u00e9opolitique actuel, une nation souveraine, belle et prosp\u00e8re.<\/span><\/p>\n<p><span style=\"color: #000000;\">\u00a0\u00a0\u00a0\u00a0\u00a0\u00a0\u00a0\u00a0\u00a0 <\/span><span style=\"color: #000000;\">Il faudra donc se mettre d\u2019accord pour \u00eatre en d\u00e9saccord mais de la mani\u00e8re la plus civilis\u00e9e, car selon J.F. Kennedy\u00a0: \u00ab \u00c0 vouloir \u00e9touffer les r\u00e9volutions pacifiques, on rend in\u00e9vitables les r\u00e9volutions violentes \u00bb.<\/span><\/p>\n<p><span style=\"color: #000000;\">\u00a0\u00a0\u00a0\u00a0\u00a0\u00a0\u00a0\u00a0\u00a0 <\/span><span style=\"color: #000000;\">Avec une telle disposition de c\u0153ur et d\u2019esprit, l\u2019\u00e2me ha\u00eftienne ragaillardie, alors la perspective du vrai dialogue, ouvert, franc et constructif constituerait un second petit pas.<\/span><\/p>\n<p><span style=\"color: #000000;\">\u00a0\u00a0\u00a0\u00a0\u00a0\u00a0\u00a0\u00a0\u00a0 <\/span><span style=\"color: #000000;\">Pour le sauvetage de la nation, toutes strates sociales confondues, les int\u00e9r\u00eats personnels ou de clans doivent \u00eatre rel\u00e9gu\u00e9s au dernier plan. En cons\u00e9quence, toutes les options sont envisageables, si l\u2019objectif premier est de faire r\u00e9gner la paix et l\u2019ordre, la finalit\u00e9 n\u2019est autre que la refondation de la patrie commune.<\/span><\/p>\n<p><span style=\"color: #000000;\">\u00a0\u00a0\u00a0\u00a0\u00a0\u00a0\u00a0\u00a0\u00a0 <\/span><span style=\"color: #000000;\">Notre valeureux et sage Evans Paul propose la formation d\u2019un grand coll\u00e8ge de notables. Ce ne sera pas en soi une premi\u00e8re, puisque nous avons d\u00e9j\u00e0 eu, sauf erreur, plusieurs<\/span><span style=\"color: #000000;\">\u00a0 <\/span><span style=\"color: #000000;\">\u00ab conseils des sages \u00bb. En quoi celui-ci serait-il diff\u00e9rent des autres pour faire plus et mieux?<\/span><\/p>\n<p><span style=\"color: #000000;\">\u00a0\u00a0\u00a0\u00a0\u00a0\u00a0\u00a0\u00a0\u00a0 <\/span><span style=\"color: #000000;\">De quels pouvoirs r\u00e9els et effectifs disposerait ce conseil des notables face \u00e0 une communaut\u00e9 internationale qui a \u00e9chou\u00e9 mais qui continue \u00e0 donner argent et instructions?<\/span><\/p>\n<p><span style=\"color: #000000;\">\u00a0\u00a0\u00a0\u00a0\u00a0\u00a0\u00a0\u00a0\u00a0 <\/span><span style=\"color: #000000;\">Apr\u00e8s tout\u00a0:<\/span><\/p>\n<p align=\"center\"><em><span style=\"color: #800000;\">Un gouvernement de consensus<\/span><\/em><\/p>\n<p align=\"center\"><em><span style=\"color: #800000;\">Nous aiderait certes \u00e0 faire plus<\/span><\/em><\/p>\n<p align=\"center\"><em><span style=\"color: #800000;\">Avec ceux qui tiennent mordicus<\/span><\/em><\/p>\n<p align=\"center\"><em><span style=\"color: #800000;\">\u00c0 sortir de cet horripilant nimbus<\/span><\/em><\/p>\n<p><em><span style=\"color: #800000;\">\u00a0<\/span><\/em><\/p>\n<p><span style=\"color: #000000;\">\u00a0\u00a0\u00a0\u00a0\u00a0\u00a0\u00a0\u00a0\u00a0 <\/span><span style=\"color: #000000;\">Un tel gouvernement, encadr\u00e9 par le grand coll\u00e8ge des notables et dot\u00e9 d\u2019un mandat de quatre (04) au moins, aurait pour mission\u00a0:<\/span><\/p>\n<p><span style=\"color: #000000;\">\u00a0\u00a0\u00a0\u00a0\u00a0\u00a0\u00a0\u00a0\u00a0 <\/span><span style=\"color: #000000;\">D\u2019assainir l\u2019administration publique sans recourir \u00e0 une chasse aux sorci\u00e8res \u00e9videmment.<\/span><\/p>\n<p><span style=\"color: #000000;\">\u00a0\u00a0\u00a0\u00a0\u00a0\u00a0\u00a0\u00a0\u00a0 <\/span><span style=\"color: #000000;\">De restructurer les institutions r\u00e9publicaines afin qu\u2019elles remplissent leurs fonctions avec comp\u00e9tence et int\u00e9grit\u00e9<\/span><\/p>\n<p><span style=\"color: #000000;\">\u00a0\u00a0\u00a0\u00a0\u00a0\u00a0\u00a0\u00a0\u00a0 <\/span><span style=\"color: #000000;\">De cr\u00e9er sans d\u00e9lai la (CNRJ), Commission Nationale pour la R\u00e9forme Judiciaire en vue d\u2019avoir enfin un pouvoir judiciaire ind\u00e9pendant, efficace et efficient. Cette commission se livrerait \u00e0 une \u00e9tude approfondie de la constitution en vigueur et en proposer une nouvelle qui ne soit pas un autre \u00ab copier-coller \u00bb mais une constitution-loi et non une constitution-programme, comme cela a \u00e9t\u00e9 trop souvent \u00e0 travers nos vingt-deux textes dits constitutionnels.<\/span><\/p>\n<p><span style=\"color: #000000;\">\u00a0\u00a0\u00a0\u00a0\u00a0\u00a0\u00a0\u00a0\u00a0 <\/span><span style=\"color: #000000;\">De mettre en place, ce qui s\u2019av\u00e8re d\u2019ailleurs la priorit\u00e9 absolue, une commission pour le d\u00e9veloppement endog\u00e8ne de la famille ha\u00eftienne et la cr\u00e9ation d\u2019emplois pour tous, par et pour les filles et fils de la nation \u00e0 travers le (FHS) Fonds Ha\u00eftien de Solidarit\u00e9.<\/span><\/p>\n<p><span style=\"color: #000000;\">\u00a0\u00a0\u00a0\u00a0\u00a0\u00a0\u00a0\u00a0\u00a0 <\/span><span style=\"color: #000000;\">De r\u00e9unir les comp\u00e9tences av\u00e9r\u00e9es en mati\u00e8re d\u2019\u00e9ducation, autour d\u2019un v\u00e9ritable centre de recherches aux fins d\u2019\u00e9laborer un cursus qui puisse combattre toute forme d\u2019acculturation et tenir compte de nos sp\u00e9cificit\u00e9s historiques et identitaires et dispenser une formation en ad\u00e9quation avec notre r\u00e9alit\u00e9 social, politique et \u00e9conomique.<\/span><\/p>\n<p><span style=\"color: #000000;\">\u00a0\u00a0\u00a0\u00a0\u00a0\u00a0\u00a0\u00a0\u00a0 <\/span><span style=\"color: #000000;\">Et de mani\u00e8re concomitante, \u00e9laborer la loi sur les partis politiques de fa<\/span><span style=\"color: #000000;\">\u00e7on \u00e0 \u00e9liminer la prolif\u00e9ration hyst\u00e9rique de ces particules qui nous rendent tellement ridicules aux yeux de la communaut\u00e9 internationale.<\/span><\/p>\n<p><span style=\"color: #000000;\">\u00a0\u00a0\u00a0\u00a0\u00a0\u00a0\u00a0\u00a0\u00a0 <\/span><span style=\"color: #000000;\">Le (CEP) a fait la preuve de son inefficacit\u00e9 dans sa formulation actuelle, il se r\u00e9v\u00e8le une vraie pomme de discorde, en plus d\u2019\u00eatre inutilement budg\u00e9tivore. Il faut donc le remplacer par une institution qui soit \u00e0 l\u2019abri de toute connivence et ou corruption.<\/span><\/p>\n<p><span style=\"color: #000000;\">\u00a0\u00a0\u00a0\u00a0\u00a0\u00a0\u00a0\u00a0\u00a0 <\/span><span style=\"color: #000000;\">L\u2019\u00e9num\u00e9ration est loin d\u2019\u00eatre exhaustive et pour cause car les probl\u00e8mes fusent de partout et les mentionner tous et en m\u00eame temps risquerait de d\u00e9courager les lecteurs, en particulier ceux qui ne se g\u00eanent pas pour affirmer que \u00ab ce pays est bel et bien foutu \u00bb!<\/span><\/p>\n<p><span style=\"color: #000000;\">\u00a0\u00a0\u00a0\u00a0\u00a0\u00a0\u00a0\u00a0\u00a0 <\/span><span style=\"color: #000000;\">En un mot comme en cent, ce gouvernement de consensus aurait pour t\u00e2che de jeter les bases solides de cette refondation et reconstruction de la r\u00e9publique, mandat qui sera cl\u00f4tur\u00e9 par l\u2019organisation d\u2019\u00e9lections, cr\u00e9dibles, honn\u00eates et v\u00e9ritablement d\u00e9mocratiques.<\/span><\/p>\n<p><span style=\"color: #000000;\">\u00a0\u00a0\u00a0\u00a0\u00a0\u00a0\u00a0\u00a0\u00a0 <\/span><span style=\"color: #000000;\">Soulignons \u00e0 l\u2019eau forte que ce gouvernement de consensus constituerait le front commun des filles et fils authentiques de la nation et per mettrait la communaut\u00e9 internationale d\u2019\u00eatre vraiment en appui au peuple ha\u00eftien tout entier au lieu de s\u2019acoquiner \u00e0 une quelconque clique toujours pr\u00eate \u00e0 satisfaire les int\u00e9r\u00eats \u00e9trangers au d\u00e9triment de ceux de la patrie commune. Il est enfin venu le temps de sortir des sentiers battus!<\/span><\/p>\n<p><span style=\"color: #000000;\">\u00a0\u00a0\u00a0\u00a0\u00a0\u00a0\u00a0\u00a0\u00a0 <\/span><span style=\"color: #000000;\">Tache \u00f4 combien gigantesque mais certainement pas impossible pour les filles et fils de ces va-nu-pieds qui ont r\u00e9alis\u00e9 la geste h\u00e9ro\u00efque qui fit de nous le phare de la race.<\/span><\/p>\n<p><span style=\"color: #000000;\">\u00a0\u00a0\u00a0\u00a0\u00a0\u00a0\u00a0\u00a0\u00a0 <\/span><span style=\"color: #000000;\">Contrairement \u00e0 ce qui s\u2019est pass\u00e9 pour nos anc\u00eatres, il ne sera pas question de sang vers\u00e9 ni de scander mourir est beau, puisque ce qu\u2019il nous faut aujourd\u2019hui <\/span><span style=\"color: #000000;\">\u00a0<\/span><span style=\"color: #000000;\">c\u2019est de cesser d\u2019\u00eatre nos propres ennemis en faisant preuve de transcendance, de d\u00e9passement de soi, d\u2019honn\u00eatet\u00e9 entre nous et envers nous-m\u00eames, pour que pas-\u00e0-pas, puisque \u00ab l\u2019union fait la force \u00bb, ce r\u00eave des p\u00e8res fondateurs devienne la nouvelle r\u00e9alit\u00e9 de la premi\u00e8re r\u00e9publique n\u00e8gre, envers et contre tous!<\/span><\/p>\n<p><span style=\"color: #000000;\">\u00a0\u00a0\u00a0\u00a0\u00a0\u00a0\u00a0\u00a0\u00a0\u00a0\u00a0\u00a0\u00a0\u00a0\u00a0\u00a0\u00a0\u00a0\u00a0\u00a0\u00a0\u00a0\u00a0\u00a0\u00a0\u00a0\u00a0\u00a0\u00a0\u00a0\u00a0\u00a0\u00a0\u00a0\u00a0\u00a0\u00a0\u00a0\u00a0\u00a0\u00a0\u00a0\u00a0\u00a0\u00a0\u00a0\u00a0\u00a0\u00a0\u00a0\u00a0\u00a0\u00a0\u00a0\u00a0\u00a0\u00a0\u00a0\u00a0\u00a0\u00a0\u00a0\u00a0\u00a0\u00a0\u00a0\u00a0\u00a0\u00a0\u00a0\u00a0\u00a0\u00a0\u00a0\u00a0\u00a0\u00a0\u00a0 \u00a0\u00a0\u00a0\u00a0\u00a0\u00a0\u00a0\u00a0\u00a0\u00a0<\/span><span style=\"color: #000000;\">.<\/span><\/p>\n<p><span style=\"color: #000000;\">\u00a0<\/span><\/p>\n<p><span style=\"color: #000000;\">\u00a0<\/span><\/p>\n<\/div>\n<script type=\"text\/javascript\">\n\nvar addthis_config = {\"data_track_clickback\":false,\"data_track_addressbar\":false,\"data_track_textcopy\":false};\n<\/script><script type=\"text\/javascript\" src=\"\/\/s7.addthis.com\/js\/250\/addthis_widget.js#pubid=f084fdfbcefba74c78dfad3bbc873ffd\"><\/script>","protected":false},"excerpt":{"rendered":"<p align=\"center\"><span style=\"color: #000000;\">\u00ab Un petit pas \u00bb <\/span><\/p>\n<p style=\"text-align: left;\" align=\"center\"><span style=\"color: #800000;\">\u00a0 \u00a0 \u00a0par \u00a0Serge H. Mo\u00efse av \u00a0 \u00a0 \u00a0 \u00a0 \u00a0 \u00a0 \u00a0\u00a0<\/span><\/p>\n<p><span style=\"color: #000000;\">\u00a0\u00a0\u00a0\u00a0\u00a0\u00a0\u00a0\u00a0\u00a0 <\/span><span style=\"color: #000000;\">Si d\u2019aventure nos leaders pouvaient d\u00e9cider de se r\u00e9unir, pour discuter, en se regardant <\/span><span style=\"color: #000000;\">\u00a0<\/span><span style=\"color: #000000;\">dans les yeux, et au nom des int\u00e9r\u00eats sup\u00e9rieurs de la nation, c\u2019e\u00fbt <\/span>&hellip;<\/p>\n","protected":false},"author":1,"featured_media":0,"comment_status":"open","ping_status":"open","sticky":false,"template":"","format":"standard","meta":{"footnotes":""},"categories":[1],"tags":[],"class_list":["post-10960","post","type-post","status-publish","format-standard","hentry","category-accueil"],"_links":{"self":[{"href":"https:\/\/www.lecarrefourdesopinions.ca\/index.php?rest_route=\/wp\/v2\/posts\/10960","targetHints":{"allow":["GET"]}}],"collection":[{"href":"https:\/\/www.lecarrefourdesopinions.ca\/index.php?rest_route=\/wp\/v2\/posts"}],"about":[{"href":"https:\/\/www.lecarrefourdesopinions.ca\/index.php?rest_route=\/wp\/v2\/types\/post"}],"author":[{"embeddable":true,"href":"https:\/\/www.lecarrefourdesopinions.ca\/index.php?rest_route=\/wp\/v2\/users\/1"}],"replies":[{"embeddable":true,"href":"https:\/\/www.lecarrefourdesopinions.ca\/index.php?rest_route=%2Fwp%2Fv2%2Fcomments&post=10960"}],"version-history":[{"count":2,"href":"https:\/\/www.lecarrefourdesopinions.ca\/index.php?rest_route=\/wp\/v2\/posts\/10960\/revisions"}],"predecessor-version":[{"id":11136,"href":"https:\/\/www.lecarrefourdesopinions.ca\/index.php?rest_route=\/wp\/v2\/posts\/10960\/revisions\/11136"}],"wp:attachment":[{"href":"https:\/\/www.lecarrefourdesopinions.ca\/index.php?rest_route=%2Fwp%2Fv2%2Fmedia&parent=10960"}],"wp:term":[{"taxonomy":"category","embeddable":true,"href":"https:\/\/www.lecarrefourdesopinions.ca\/index.php?rest_route=%2Fwp%2Fv2%2Fcategories&post=10960"},{"taxonomy":"post_tag","embeddable":true,"href":"https:\/\/www.lecarrefourdesopinions.ca\/index.php?rest_route=%2Fwp%2Fv2%2Ftags&post=10960"}],"curies":[{"name":"wp","href":"https:\/\/api.w.org\/{rel}","templated":true}]}}