{"id":10956,"date":"2014-09-25T08:54:11","date_gmt":"2014-09-25T12:54:11","guid":{"rendered":"http:\/\/www.lecarrefourdesopinions.ca\/?p=10956"},"modified":"2014-09-25T08:54:11","modified_gmt":"2014-09-25T12:54:11","slug":"agir-ensemble-pour-les-droits-de-lhomme-aedh-vo-van-ai","status":"publish","type":"post","link":"https:\/\/www.lecarrefourdesopinions.ca\/?p=10956","title":{"rendered":"Agir Ensemble pour les Droits de l\u2019Homme (AEDH), Vo Van Ai"},"content":{"rendered":"<p>\u00a0 \u00a0 \u00a0 \u00a0 \u00a0 \u00a0 \u00a0 \u00a0 \u00a0 \u00a0 \u00a0 \u00a0 \u00a0 \u00a0 \u00a0 \u00a0 \u00a0 \u00a0 \u00a0 \u00a0 \u00a0 \u00a0 \u00a0 \u00a0 \u00a0 \u00a0Agir Ensemble pour les Droits de l\u2019Homme (AEDH), Vo Van Ai<\/p>\n<p><img loading=\"lazy\" decoding=\"async\" class=\"alignleft size-full wp-image-10320\" title=\"photo Tho 2\" src=\"http:\/\/www.lecarrefourdesopinions.ca\/wp-content\/uploads\/2013\/11\/photo-Tho-2.jpg\" alt=\"\" width=\"77\" height=\"91\" \/><\/p>\n<p>&nbsp;<\/p>\n<p>&nbsp;<\/p>\n<p>\u00a0 \u00a0<span style=\"color: #800000;\"><em>envoy\u00e9 par Lam Cham Tho \u00a0 \u00a0 \u00a0 \u00a0 \u00a0 \u00a0 \u00a0 \u00a0 \u00a0<\/em><\/span><\/p>\n<p>GEN\u00c8VE, 15 septembre 2014 (COMIT\u00c9 VIETNAM) &#8211; S\u2019exprimant avec l\u2019organisation <strong>Agir Ensemble pour les Droits de l\u2019Homme<\/strong> (AEDH), <strong>Vo Van Ai<\/strong>, Pr\u00e9sident du <strong>Comit\u00e9 Vietnam pour la D\u00e9fense des Droits de l\u2019Homme<\/strong>, a d\u00e9nonc\u00e9 devant le Conseil des Droits de l\u2019Homme de l\u2019ONU les conditions dans lesquelles s\u2019est d\u00e9roul\u00e9e la visite au Vietnam de M. Heiner Bielefeldt, Rapporteur sp\u00e9cial sur la libert\u00e9 de religion ou de conviction (21-31 juillet 2014), en particulier les obstacles pos\u00e9s par les autorit\u00e9s vietnamiennes<\/p>\n<p style=\"text-align: center;\"><strong>Texte int\u00e9gral de l\u2019intervention de Vo Van Ai<\/strong><br \/><strong>devant le Conseil des Droits de l\u2019Homme de l\u2019ONU :<\/strong><\/p>\n<p>Monsieur le Pr\u00e9sident,<\/p>\n<p>Agir Ensemble pour les Droits de l\u2019Homme et son partenaire, le Comit\u00e9 Vietnam pour la D\u00e9fense des Droits de l\u2019Homme, condamnent vigoureusement les entraves pos\u00e9es par le Vietnam au Rapporteur sp\u00e9cial sur la libert\u00e9 de religion ou de conviction lors de sa visite en juillet dernier.<\/p>\n<p>A l\u2019issue de son voyage, le Rapporteur sp\u00e9cial a indiqu\u00e9 que le Vietnam avait viol\u00e9 les r\u00e8gles pour les visites in situ : Plusieurs de ses rendez-vous ont \u00e9t\u00e9 \u00ab interrompus \u00bb et ses interlocuteurs ont \u00e9t\u00e9 dissuad\u00e9s de le rencontrer \u00e0 coups de menaces, intimidations et harc\u00e8lements. En outre, le Rapporteur sp\u00e9cial a \u00e9t\u00e9 constamment suivi par des \u00ab policiers ou des agents de la S\u00e9curit\u00e9 \u00bb qui ont viol\u00e9 la confidentialit\u00e9 de ses entretiens. Il a conclu que l\u2019existence de \u00ab graves violations de la libert\u00e9 de religion ou de conviction [est] une r\u00e9alit\u00e9 au Vietnam \u00bb.<\/p>\n<p>Il est tout \u00e0 fait intol\u00e9rable que le Vietnam, membre du Conseil des Droits de l\u2019Homme, persiste \u00e0 violer la libert\u00e9 religieuse, contr\u00f4lant tr\u00e8s \u00e9troitement les \u00ab religions reconnues \u00bb et r\u00e9primant les autres, telle l\u2019\u00c9glise Bouddhique Unifi\u00e9e du Vietnam, qui est de facto interdite et dont les membres sont continuellement harcel\u00e9s ou d\u00e9tenus, \u00e0 l\u2019image de son Patriarche Thich Quang Do.<\/p>\n<p>Comme le note le Rapporteur sp\u00e9cial, les graves violations sont le fait de lois trop restrictives, vagues et fourre-tout, comme les articles du Code p\u00e9nal sur la \u00ab s\u00e9curit\u00e9 nationale \u00bb ou sur l\u2019\u00ab abus des libert\u00e9s d\u00e9mocratiques \u00bb (article 258), et du recours arbitraire \u00e0 des pr\u00e9textes tout aussi vagues et impr\u00e9cis, tels les \u00ab int\u00e9r\u00eats l\u00e9gitimes de la majorit\u00e9 \u00bb, pour \u00e9touffer la libert\u00e9 de religion ou de conviction.<\/p>\n<p>Le Rapporteur sp\u00e9cial a d\u00e9plor\u00e9 l\u2019absence de recours l\u00e9gaux efficaces contre les violations de la libert\u00e9 religieuse et des droits de l\u2019Homme en g\u00e9n\u00e9ral. Cette absence n\u2019est pas une lacune, mais le fruit d\u2019une politique pens\u00e9e et planifi\u00e9e qui, en d\u00e9pit des engagements internationaux du Vietnam, refuse aux citoyens la jouissance des droits de l\u2019Homme. Cette politique est celle d\u2019une r\u00e9pression syst\u00e9matique des d\u00e9fenseurs des droits de l\u2019Homme au Vietnam, comme l\u2019illustrent les condamnations \u00e0 la prison, sous pr\u00e9texte de \u00ab troubles \u00e0 l\u2019ordre public \u00bb, de Bui Thi Minh Hang, Nguyen Van Minh et Nguyen Thi Thuy Quynh, le mois dernier.<\/p>\n<p>Nous pressons le Conseil de rappeler au Vietnam que ces comportements \u00e0 l\u2019\u00e9gard du Rapporteur sp\u00e9cial sur la libert\u00e9 religieuse ne sont pas compatibles avec les obligations qui incombent \u00e0 un membre du Conseil. Le Vietnam doit mettre un terme \u00e0 la r\u00e9pression contre les religions \u00ab non-reconnues \u00bb, comme l\u2019\u00c9glise Bouddhique Unifi\u00e9e du Vietnam, et garantir l\u2019autonomie de toutes les communaut\u00e9s religieuses, comme l\u2019a demand\u00e9 le Rapporteur sp\u00e9cial. Il est, par ailleurs, urgent que le Vietnam accueille in situ le Rapporteur sp\u00e9cial sur la libert\u00e9 d\u2019expression.<\/p>\n<p>Monsieur le Pr\u00e9sident, je vous remercie.<\/p>\n<script type=\"text\/javascript\">\n\nvar addthis_config = {\"data_track_clickback\":false,\"data_track_addressbar\":false,\"data_track_textcopy\":false};\n<\/script><script type=\"text\/javascript\" src=\"\/\/s7.addthis.com\/js\/250\/addthis_widget.js#pubid=f084fdfbcefba74c78dfad3bbc873ffd\"><\/script>","protected":false},"excerpt":{"rendered":"<p>\u00a0 \u00a0 \u00a0 \u00a0 \u00a0 \u00a0 \u00a0 \u00a0 \u00a0 \u00a0 \u00a0 \u00a0 \u00a0 \u00a0 \u00a0 \u00a0 \u00a0 \u00a0 \u00a0 \u00a0 \u00a0 \u00a0 \u00a0 \u00a0 \u00a0 \u00a0Agir Ensemble pour les Droits de l\u2019Homme (AEDH), Vo Van Ai<\/p>\n<\/p>\n<p>&nbsp;<\/p>\n<p>&nbsp;<\/p>\n<p>\u00a0 \u00a0<span style=\"color: #800000;\">envoy\u00e9 par Lam Cham Tho \u00a0 \u00a0 \u00a0 \u00a0 \u00a0 \u00a0 \u00a0 \u00a0 \u00a0<\/span><\/p>\n<p>GEN\u00c8VE, 15 septembre 2014 (COMIT\u00c9 VIETNAM) &#8211; S\u2019exprimant avec l\u2019organisation Agir Ensemble pour les Droits de l\u2019Homme (AEDH), Vo &hellip;<\/p>\n","protected":false},"author":1,"featured_media":0,"comment_status":"open","ping_status":"open","sticky":false,"template":"","format":"standard","meta":{"footnotes":""},"categories":[1],"tags":[],"class_list":["post-10956","post","type-post","status-publish","format-standard","hentry","category-accueil"],"_links":{"self":[{"href":"https:\/\/www.lecarrefourdesopinions.ca\/index.php?rest_route=\/wp\/v2\/posts\/10956","targetHints":{"allow":["GET"]}}],"collection":[{"href":"https:\/\/www.lecarrefourdesopinions.ca\/index.php?rest_route=\/wp\/v2\/posts"}],"about":[{"href":"https:\/\/www.lecarrefourdesopinions.ca\/index.php?rest_route=\/wp\/v2\/types\/post"}],"author":[{"embeddable":true,"href":"https:\/\/www.lecarrefourdesopinions.ca\/index.php?rest_route=\/wp\/v2\/users\/1"}],"replies":[{"embeddable":true,"href":"https:\/\/www.lecarrefourdesopinions.ca\/index.php?rest_route=%2Fwp%2Fv2%2Fcomments&post=10956"}],"version-history":[{"count":2,"href":"https:\/\/www.lecarrefourdesopinions.ca\/index.php?rest_route=\/wp\/v2\/posts\/10956\/revisions"}],"predecessor-version":[{"id":10969,"href":"https:\/\/www.lecarrefourdesopinions.ca\/index.php?rest_route=\/wp\/v2\/posts\/10956\/revisions\/10969"}],"wp:attachment":[{"href":"https:\/\/www.lecarrefourdesopinions.ca\/index.php?rest_route=%2Fwp%2Fv2%2Fmedia&parent=10956"}],"wp:term":[{"taxonomy":"category","embeddable":true,"href":"https:\/\/www.lecarrefourdesopinions.ca\/index.php?rest_route=%2Fwp%2Fv2%2Fcategories&post=10956"},{"taxonomy":"post_tag","embeddable":true,"href":"https:\/\/www.lecarrefourdesopinions.ca\/index.php?rest_route=%2Fwp%2Fv2%2Ftags&post=10956"}],"curies":[{"name":"wp","href":"https:\/\/api.w.org\/{rel}","templated":true}]}}