{"id":10953,"date":"2014-09-25T08:54:36","date_gmt":"2014-09-25T12:54:36","guid":{"rendered":"http:\/\/www.lecarrefourdesopinions.ca\/?p=10953"},"modified":"2014-09-25T08:54:36","modified_gmt":"2014-09-25T12:54:36","slug":"la-republique-temeraire","status":"publish","type":"post","link":"https:\/\/www.lecarrefourdesopinions.ca\/?p=10953","title":{"rendered":"\u00ab La r\u00e9publique t\u00e9m\u00e9raire \u00bb"},"content":{"rendered":"<p>&nbsp;<\/p>\n<p style=\"text-align: center;\">\u00ab La r\u00e9publique t\u00e9m\u00e9raire \u00bb<\/p>\n<p><span style=\"color: #800000;\"><em><img loading=\"lazy\" decoding=\"async\" class=\"alignleft size-thumbnail wp-image-10358\" title=\"Serge 1\" src=\"http:\/\/www.lecarrefourdesopinions.ca\/wp-content\/uploads\/2013\/11\/Serge-1-101x107.jpg\" alt=\"\" width=\"101\" height=\"107\" \/>\u00a0 \u00a0 \u00a0 \u00a0 \u00a0 \u00a0 \u00a0 \u00a0<\/em><\/span><\/p>\n<p>&nbsp;<\/p>\n<p>&nbsp;<\/p>\n<p>&nbsp;<\/p>\n<p><span style=\"color: #800000;\"><em>Serge H. Mo\u00efse av. \u00a0 \u00a0 \u00a0 \u00a0 \u00a0 \u00a0 \u00a0 \u00a0<\/em><\/span><\/p>\n<p>&nbsp;<\/p>\n<p>Le premier janvier de l\u2019an de gr\u00e2ce mil huit cent quatre, une horde de N\u00e8gres \u00e9gar\u00e9s dans la zone cara\u00efb\u00e9enne, inflig\u00e8rent \u00e0 l\u2019ordre mondial une redoutable remontrance qui devait se r\u00e9v\u00e9ler une avanc\u00e9e certaine en mati\u00e8re de droits humains.<\/p>\n<p>En effet, ces b\u00eates de somme, taillables et corv\u00e9ables, conform\u00e9ment \u00e0 la bulle du pape Nicolas V en mil quatre cent cinquante quatre et du code noir de mil six cent quatre-vingt cinq, selon l\u2019\u00e9dit du roi Louis XIV de glorieuse m\u00e9moire, repris en mars mil sept cent vingt-quatre par son successeur Louis XV toujours de glorieuse m\u00e9moire, ces \u00eatres trop noirs pour avoir une \u00e2me, selon la civilisation des lumi\u00e8res, ont dit non \u00e0 l\u2019ignominie du syst\u00e8me esclavagiste.<\/p>\n<p>Mais la t\u00e9m\u00e9rit\u00e9 a un prix. Tant s\u2019en faut qu\u2019il ne sera jamais tout \u00e0 fait pay\u00e9 puisqu\u2019apr\u00e8s les quatre-vingt dix mille francs or, la m\u00e9tropole et les autres pays amis ne semblent pas vouloir donner quittance pleine et enti\u00e8re.<\/p>\n<p>Toujours en qu\u00eate d\u2019on ne sait quels reliquats, ils n\u2019h\u00e9sitent pas \u00e0 utiliser leur \u00ab droit d\u2019ing\u00e9rence \u00bb, cr\u00e9ant \u00e0 l\u2019occasion des turbulences aux fins d\u2019envahir, manu militari, et y mettre bon ordre au nom de la d\u00e9mocratie moderne. Personne n\u2019est dupe mais qu\u2019\u00e0 cela ne tienne!<\/p>\n<p>Ils soutiendront les dictatures obscurantistes, fomenteront des coups d\u2019\u00e9tat t\u00e9l\u00e9guid\u00e9s au gr\u00e9 de leurs caprices et int\u00e9r\u00eats, avec le pr\u00e9cieux concours des nationaux qui n\u2019ont pas renonc\u00e9 aux liens de la colonisation.<\/p>\n<p>Ainsi seront \u00e9cart\u00e9s sinon assassin\u00e9s : Sylvain Salnave, Dumarsais Estim\u00e9, Daniel Fignol\u00e9, Louis D\u00e9joie, G\u00e9rard Gourgue et tout r\u00e9cemment Leslie Manigat, tout comme ailleurs, Patrice Lumumba, Mouammar Kadhafi et Laurent Gbagbo, pour ne citer que ceux-l\u00e0.<\/p>\n<p>Et comme il n\u2019y a pas plus aveugles que ceux qui ne veulent pas voir, il ne manque pas \u00ab d\u2019or\u00e9os \u00bb pour contester ave v\u00e9h\u00e9mence la r\u00e9alit\u00e9 palpable et tangible de ce complot monstrueux qui constitue une honte pour l\u2019humanit\u00e9 tout enti\u00e8re. Retenons qu\u2019\u00e0 ce chapitre, les travaux du Dr Edward L. Bernays et de Walter Lippmann en disent plut\u00f4t long sur les techniques de manipulation en d\u00e9mocratie.<\/p>\n<p>Jalouse de son ind\u00e9pendance conquise au prix du sang de ses filles et fils qui avaient jur\u00e9 de vivre libre ou de mourir, cette jeune r\u00e9publique qui n\u2019aspirait qu\u2019\u00e0 vivre dignement, ni plus ni moins, fut per\u00e7ue comme \u00e9tant une menace pour la r\u00e9gion, le mauvais exemple \u00e0 r\u00e9primer, en tous temps et par tous les moyens.<\/p>\n<p>D\u00e8s lors tout a \u00e9t\u00e9 mis en place pour que l\u2019ordre et la paix n\u2019arrivent pas \u00e0 r\u00e9gner sur ce petit coin de terre. L\u00e0 o\u00f9 les armes ne sont plus efficaces, les techniques de manipulations les plus sophistiqu\u00e9es seront mises \u00e0 profit. Aucun effort ne sera m\u00e9nag\u00e9 pour d\u00e9truire lentement mais s\u00fbrement toute trace identitaire et pour y parvenir sans coup f\u00e9rir, l\u2019instrument de domination par excellence d\u00e9ploiera son arsenal de r\u00eaves, croyances, certitudes et bondieuseries au-del\u00e0 de tout entendement.<\/p>\n<p>Et puis, il faudra les \u00e9duquer, ces n\u00e8gres turbulents, leur inculquer les notions de civilisation et de culture, celles du ma\u00eetre \u00e9videmment, auquel cas, il serait plus appropri\u00e9 de parler de dressage plut\u00f4t que d\u2019\u00e9ducation. Les \u00e9coles sauront s\u2019y mettre et de belle fa\u00e7on. Interdiction de s\u2019exprimer dans la langue maternelle, la religion ancestrale est \u00e0 toutes fins pratiques diabolis\u00e9e. Il faut donc parler comme le ma\u00eetre, s\u2019habiller comme le ma\u00eetre, s\u2019\u00e9vertuer \u00e0 penser comme le ma\u00eetre, en d\u2019autres termes, singer du matin au soir pour \u00eatre bien vu et accept\u00e9.<\/p>\n<p>Force est de constater que le tout a tr\u00e8s bien r\u00e9ussi aupr\u00e8s de ce qu\u2019il conviendrait d\u2019appeler les \u00ab \u00e9lites \u00bb plus ou moins lettr\u00e9es.<\/p>\n<p>En effet :<\/p>\n<p style=\"text-align: center;\"><span style=\"color: #800000;\">Tr\u00e8s forts dans la r\u00e9citation<\/span><\/p>\n<p style=\"text-align: center;\"><span style=\"color: #800000;\">Mais faiblards en r\u00e9flexion<\/span><\/p>\n<p style=\"text-align: center;\"><span style=\"color: #800000;\">Ils t\u2019entretiennent de Platon<\/span><\/p>\n<p style=\"text-align: center;\"><span style=\"color: #800000;\">\u00c0 la mani\u00e8re d\u2019un Aliboron<\/span><\/p>\n<p>&nbsp;<\/p>\n<p>Deux cent dix ans apr\u00e8s, les s\u00e9quelles sont de plus en plus vivaces au point que les \u00ab tenants du savoir \u00bb s\u2019entred\u00e9chirent au nom de leurs tr\u00e8s chers \u00ab anc\u00eatres gaulois \u00bb. Pourtant, des fils authentiques de la patrie ont essay\u00e9 de tirer la sonnette d\u2019alarme depuis belle lurette, si on se r\u00e9f\u00e8re aux travaux de Jean Price-Mars, de Kl\u00e9ber G. Jacob et plus pr\u00e8s de nous Herv\u00e9 Fanani Lemoine dans son Face-\u00e0-face autour de l\u2019identit\u00e9 ha\u00eftienne.<\/p>\n<p>La descente aux enfers, depuis la proclamation de l\u2019ind\u00e9pendance et l\u2019assassinat de l\u2019empereur, est telle, qu\u2019elle frise aujourd\u2019hui, la faillite de la nation tout enti\u00e8re.<\/p>\n<p>Inutile de reprendre la liste exhaustive des faiblesses et lacunes responsables de cette situation catastrophique. Elles sont connues depuis belle lurette. La grande question qui demeure, h\u00e9las, sans r\u00e9ponse est celle-ci : Pourquoi diantre, rien n\u2019a \u00e9t\u00e9 fait \u00e0 ce jour, pour tenter de corriger le tir?<\/p>\n<p>Faute de r\u00e9ponse appropri\u00e9e, un pasteur chr\u00e9tien des \u00c9tats-Unis d\u2019Am\u00e9rique a partag\u00e9 une de ses r\u00e9v\u00e9lations en affirmant, sans broncher, que la jeune et turbulente r\u00e9publique faisait l\u2019objet d\u2019une mal\u00e9diction divine. On en a d\u00e9j\u00e0 vu et entendu bien pire!<\/p>\n<p>Cette ha\u00eftianophobie, \u00e0 doses infinit\u00e9simales inocul\u00e9es dans le corps social, toutes strates confondues, reste et demeure un \u00e9norme d\u00e9fi pour les g\u00e9n\u00e9rations futures qui auront \u00e0 r\u00e9aliser cette r\u00e9volution culturelle dont l\u2019imp\u00e9rieuse n\u00e9cessit\u00e9 se fait sentir depuis longtemps d\u00e9j\u00e0.<\/p>\n<p>L\u2019\u00e2me ha\u00eftienne est endormie mais elle n\u2019est pas morte. L\u2019id\u00e9al des p\u00e8res fondateurs est encore vivace dans le c\u0153ur de ces jeunes qui savent qu\u2019ils repr\u00e9sentent l\u2019avenir du pays, lequel se construira dans l\u2019action concr\u00e8te et non les belles et tonitruantes palabres.<\/p>\n<p>Ainsi, dans un avenir pr\u00e9visible, la r\u00e9publique t\u00e9m\u00e9raire r\u00e9alisera le miracle ha\u00eftien en redevenant, et cette fois pour de bon, souveraine, belle et prosp\u00e8re.<\/p>\n<p>&nbsp;<\/p>\n<script type=\"text\/javascript\">\n\nvar addthis_config = {\"data_track_clickback\":false,\"data_track_addressbar\":false,\"data_track_textcopy\":false};\n<\/script><script type=\"text\/javascript\" src=\"\/\/s7.addthis.com\/js\/250\/addthis_widget.js#pubid=f084fdfbcefba74c78dfad3bbc873ffd\"><\/script>","protected":false},"excerpt":{"rendered":"<p>&nbsp;<\/p>\n<p style=\"text-align: center;\">\u00ab La r\u00e9publique t\u00e9m\u00e9raire \u00bb<\/p>\n<p><span style=\"color: #800000;\">\u00a0 \u00a0 \u00a0 \u00a0 \u00a0 \u00a0 \u00a0 \u00a0<\/span><\/p>\n<p>&nbsp;<\/p>\n<p>&nbsp;<\/p>\n<p>&nbsp;<\/p>\n<p><span style=\"color: #800000;\">Serge H. Mo\u00efse av. \u00a0 \u00a0 \u00a0 \u00a0 \u00a0 \u00a0 \u00a0 \u00a0<\/span><\/p>\n<p>&nbsp;<\/p>\n<p>Le premier janvier de l\u2019an de gr\u00e2ce mil huit cent quatre, une horde de N\u00e8gres \u00e9gar\u00e9s dans la zone cara\u00efb\u00e9enne, inflig\u00e8rent \u00e0 l\u2019ordre &hellip;<\/p>\n","protected":false},"author":1,"featured_media":0,"comment_status":"open","ping_status":"open","sticky":false,"template":"","format":"standard","meta":{"footnotes":""},"categories":[1],"tags":[],"class_list":["post-10953","post","type-post","status-publish","format-standard","hentry","category-accueil"],"_links":{"self":[{"href":"https:\/\/www.lecarrefourdesopinions.ca\/index.php?rest_route=\/wp\/v2\/posts\/10953","targetHints":{"allow":["GET"]}}],"collection":[{"href":"https:\/\/www.lecarrefourdesopinions.ca\/index.php?rest_route=\/wp\/v2\/posts"}],"about":[{"href":"https:\/\/www.lecarrefourdesopinions.ca\/index.php?rest_route=\/wp\/v2\/types\/post"}],"author":[{"embeddable":true,"href":"https:\/\/www.lecarrefourdesopinions.ca\/index.php?rest_route=\/wp\/v2\/users\/1"}],"replies":[{"embeddable":true,"href":"https:\/\/www.lecarrefourdesopinions.ca\/index.php?rest_route=%2Fwp%2Fv2%2Fcomments&post=10953"}],"version-history":[{"count":2,"href":"https:\/\/www.lecarrefourdesopinions.ca\/index.php?rest_route=\/wp\/v2\/posts\/10953\/revisions"}],"predecessor-version":[{"id":10970,"href":"https:\/\/www.lecarrefourdesopinions.ca\/index.php?rest_route=\/wp\/v2\/posts\/10953\/revisions\/10970"}],"wp:attachment":[{"href":"https:\/\/www.lecarrefourdesopinions.ca\/index.php?rest_route=%2Fwp%2Fv2%2Fmedia&parent=10953"}],"wp:term":[{"taxonomy":"category","embeddable":true,"href":"https:\/\/www.lecarrefourdesopinions.ca\/index.php?rest_route=%2Fwp%2Fv2%2Fcategories&post=10953"},{"taxonomy":"post_tag","embeddable":true,"href":"https:\/\/www.lecarrefourdesopinions.ca\/index.php?rest_route=%2Fwp%2Fv2%2Ftags&post=10953"}],"curies":[{"name":"wp","href":"https:\/\/api.w.org\/{rel}","templated":true}]}}