{"id":10948,"date":"2014-10-20T11:51:48","date_gmt":"2014-10-20T15:51:48","guid":{"rendered":"http:\/\/www.lecarrefourdesopinions.ca\/?p=10948"},"modified":"2014-10-20T11:51:48","modified_gmt":"2014-10-20T15:51:48","slug":"actori-incumbit-probatio-2","status":"publish","type":"post","link":"https:\/\/www.lecarrefourdesopinions.ca\/?p=10948","title":{"rendered":"\u00ab Actori incumbit probatio \u00bb"},"content":{"rendered":"<p style=\"text-align: center;\">Actori incumbit probatio \u00bb<\/p>\n<p><em style=\"font-size: 13px;\">\u00a0<\/em><em>\u00a0 \u00a0 \u00a0 \u00a0 \u00a0<img loading=\"lazy\" decoding=\"async\" class=\"alignleft size-thumbnail wp-image-10358\" title=\"Serge 1\" src=\"http:\/\/www.lecarrefourdesopinions.ca\/wp-content\/uploads\/2013\/11\/Serge-1-101x107.jpg\" alt=\"\" width=\"101\" height=\"107\" \/><\/em><em><\/em><\/p>\n<p><em><span style=\"color: #800000;\"><span style=\"font-size: 13px;\">Par Me Serge H. Mo\u00efs<\/span><span style=\"font-size: 13px;\">e av. \u00a0 \u00a0 \u00a0 \u00a0 \u00a0 \u00a0 \u00a0 \u00a0 \u00a0<\/span><\/span><\/em><\/p>\n<p>Le mois de juillet en cours et la date du treize en particulier seront retenus dans les annales de l\u2019histoire comme \u00e9tant la goutte qui a fait renverser le vase.<\/p>\n<p>Selon la clameur publique, les dignitaires de l\u2019\u00c9tat dont, le pr\u00e9sident de la r\u00e9publique, le premier ministre, le ministre de la justice, le doyen du tribunal de premi\u00e8re instance de la capitale auraient au cours d\u2019une rencontre forc\u00e9e avec un juge, instruisant un dossier pour le moins scandaleux impliquant l\u2019\u00e9pouse et le fils du chef de l\u2019\u00c9tat, au cabinet d\u2019un avocat, grand conseiller de ce dernier, exerc\u00e9 d\u2019irr\u00e9sistibles pressions sur le susdit magistrat au point o\u00f9 mort s\u2019ensuivit.<\/p>\n<p>La nouvelle \u00e9clata telle une bombe obscurcissant davantage le ciel d\u00e9j\u00e0 n\u00e9buleux de notre \u00ab singulier petit pays \u00bb.<\/p>\n<p>Ainsi aurait d\u00e9but\u00e9 la saga Joseph, tragique en tous points et qui rappelle \u00e9trangement l\u2019histoire de l\u2019autre Joseph, celui de la bible, vendu par ses propres fr\u00e8res.<\/p>\n<p>Me Jean Serge Joseph naqu\u00eet le dix (10) mars mil neuf cent cinquante cinq (1955), effectua de brillantes \u00e9tudes au pays et \u00e0 l\u2019\u00e9tranger afin de pouvoir \u00eatre utile \u00e0 lui-m\u00eame, \u00e0 sa famille et \u00e0 sa communaut\u00e9.<\/p>\n<p>Il ne pensait pas qu\u2019\u00e0 sa petite personne. A travers son enseignement au niveau universitaire, il apporta sa contribution \u00e0 la belle province, son patelin d\u2019adoption. Il se disait donc \u00ab ha\u00eftiano-qu\u00e9b\u00e9cois \u00bb.<\/p>\n<p>Puis, comme quelques rares autres, trop rares h\u00e9las, il r\u00e9pondit \u00e0 l\u2019appel et d\u00e9cida de regagner le bercail o\u00f9 il estimait pouvoir \u00eatre certainement beaucoup plus utile.<\/p>\n<p>Convaincu et \u00e0 bon droit qu\u2019aucun d\u00e9veloppement durable ne peut se r\u00e9aliser en dehors de ces pr\u00e9alables que sont : \u00ab le respect scrupuleux de la constitution et des lois, la cr\u00e9ation d\u2019emplois et la formation en permanence \u00bb de mani\u00e8re concomitante; il incorpora l\u2019organisation judiciaire et son parcours, tout le monde le sait maintenant, s\u2019est r\u00e9v\u00e9l\u00e9 irr\u00e9prochable.<\/p>\n<p>Il l\u2019a pay\u00e9 de son sang, de sa vie et \u00e0 l\u2019instar de Me Mireille Durocher Bertin et de plusieurs autres, il vient de faire son entr\u00e9e par la grande porte, au panth\u00e9on de la r\u00e9publique.<\/p>\n<p>La malice populaire va-t-elle apprendre \u00e0 conjuguer au pluriel? L\u2019enqu\u00eate se poursuit disait-elle. Or en la circonstance, pas moins de quatre enqu\u00eates sont diligent\u00e9es. En effet quatre \u00ab institutions \u00bb se sont mises en branle : L\u2019extraordinaire CSPJ, le Parquet de la capitale, berceau de la magistrature debout, la chambre vraiment basse et les \u00ab patres conscripti \u00bb.<\/p>\n<p>Ces derniers ont produit un rapport r\u00e9dig\u00e9 de mains expertes. Ils ont auditionn\u00e9 toutes les parties concern\u00e9es, analys\u00e9 en profondeur tous les t\u00e9moignages, d\u00e9cortiqu\u00e9 les documents y compris les non-dits afin de produire ce rapport, v\u00e9ritable mod\u00e8le, une pi\u00e8ce ma\u00eetresse pour des travaux futurs.<\/p>\n<p>En leur \u00e2me et conscience, ils ont convenu de recommander aux honorables d\u00e9put\u00e9s de proc\u00e9der en vertu d\u2019une mise en accusation par devers la haute cour de justice, conform\u00e9ment \u00e0 l\u2019article 186 de la constitution en vigueur.<\/p>\n<p>La bonne foi et l\u2019innocence \u00e9tant pr\u00e9sum\u00e9es en droit, une mise en accusation n\u2019\u00e9quivaut nullement \u00e0 une condamnation. Nous comprenons mal que certains l\u00e9gislateurs fassent publiquement obstruction \u00e0 une proc\u00e9dure trac\u00e9e par la loi. A la chambre vraiment basse, des d\u00e9put\u00e9s et pas des moindres, s\u2019appr\u00eatent \u00e0 embo\u00eeter le pas aux s\u00e9nateurs r\u00e9calcitrants, selon leurs tonitruantes d\u00e9clarations sur les ondes de diff\u00e9rentes stations de radio.<\/p>\n<p>Quant aux tenants du pouvoir, ils viennent encore une fois de rater une occasion en or de se taire et de laisser fonctionner les institutions r\u00e9publicaines au nom de la loi et de la morale, puisqu\u2019ils n\u2019ont rien \u00e0 se reprocher.<\/p>\n<p>C\u2019e\u00fbt \u00e9t\u00e9 une telle premi\u00e8re, que seul un tr\u00e8s grand chef d\u2019\u00c9tat, de la stature d\u2019un Mandela, pourrait offrir pareille parade \u00e0 sa nation et au monde civilis\u00e9 tout entier.<\/p>\n<p>L\u2019article 136 de la constitution que le pr\u00e9sident a jur\u00e9 de respecter et de faire respecter prescrit ceci :<\/p>\n<p>Art 136.- Le pr\u00e9sident de la r\u00e9publique, chef de l\u2019\u00c9tat, veille au respect et \u00e0 l\u2019ex\u00e9cution de la constitution et \u00e0 la stabilit\u00e9 des institutions. Il assure le fonctionnement des pouvoirs publics ainsi que la continuit\u00e9 de l\u2019\u00c9tat.<\/p>\n<p>Par la noblesse de sa fonction, le chef de l\u2019\u00c9tat doit \u00eatre au-dessus de la m\u00eal\u00e9e, n\u2019ayant pour souci fondamental et en priorit\u00e9 que les int\u00e9r\u00eats sup\u00e9rieurs de la nation.<\/p>\n<p>Soulignons \u00e0 l\u2019eau forte que le crime, si crime il y a eu, ne s\u2019arr\u00eate pas \u00e0 la mort du juge mais plut\u00f4t cette pr\u00e9sum\u00e9e rencontre forc\u00e9e de ce dernier avec les responsables du pouvoir ex\u00e9cutif, en violation des articles 21, 59 et 60 de la charte fondamentale<\/p>\n<p>Si dans certains cas, rarissimes d\u2019ailleurs, le fardeau de la preuve incombe \u00e0 l\u2019accus\u00e9, dans l\u2019esp\u00e8ce qui pend \u00e0 juger, quitte \u00e0 ce que nos savants juristes \u00e9clairent notre petite lanterne, il n\u2019en est point question!<\/p>\n<p>Et puisqu\u2019il ne faut pas douter de la femme de C\u00e9sar, encore moins de C\u00e9sar lui-m\u00eame, advenant un tel proc\u00e8s qui rappellerait celui de la consolidation ou plus pr\u00e8s de nous, celui des timbres, une d\u00e9cision de la haute cour de justice en faveur des accus\u00e9s, conform\u00e9ment \u00e0 la r\u00e8gle de droit : \u00ab Actori incumbit probatio \u00bb, ram\u00e8nerait le calme, la confiance, l\u2019ordre et la paix indispensables \u00e0 la refondation et \u00e0 la reconstruction de notre Ha\u00efti que nous ch\u00e9rissons tant.<\/p>\n<p>Parvenant alors au dernier entracte, dans un \u00e9lan de grandeur d\u2019\u00e2me et de patriotisme dignes de nos illustres anc\u00eatres, nous verrions les accus\u00e9s d\u2019hier, ouvrir bien grand leurs bras aux adversaires-accusateurs et dans un esprit de pardon r\u00e9ciproque, reprendre le dialogue national afin de parachever la geste de mil huit cent quatre en chantant \u00e0 pleins poumons :<\/p>\n<p>&nbsp;<\/p>\n<p style=\"text-align: center;\"><span style=\"color: #800000;\">Pour le pays pour nos anc\u00eatres<\/span><\/p>\n<p style=\"text-align: center;\"><span style=\"color: #800000;\">Marchons unis marchons unis<\/span><\/p>\n<p style=\"text-align: center;\"><span style=\"color: #800000;\">Dans nos rangs point de tra\u00eetres<\/span><\/p>\n<p style=\"text-align: center;\"><span style=\"color: #800000;\">Du sol soyons seuls ma\u00eetres\u2026<\/span><\/p>\n<p style=\"text-align: center;\"><span style=\"color: #800000;\">Marchons unis marchons unis!<\/span><\/p>\n<p style=\"text-align: center;\"><span style=\"color: #800000;\">\u00a0<\/span><\/p>\n<script type=\"text\/javascript\">\n\nvar addthis_config = {\"data_track_clickback\":false,\"data_track_addressbar\":false,\"data_track_textcopy\":false};\n<\/script><script type=\"text\/javascript\" src=\"\/\/s7.addthis.com\/js\/250\/addthis_widget.js#pubid=f084fdfbcefba74c78dfad3bbc873ffd\"><\/script>","protected":false},"excerpt":{"rendered":"<p style=\"text-align: center;\">Actori incumbit probatio \u00bb<\/p>\n<p>\u00a0\u00a0 \u00a0 \u00a0 \u00a0 \u00a0<\/p>\n<p><span style=\"color: #800000;\"><span style=\"font-size: 13px;\">Par Me Serge H. Mo\u00efs<\/span><span style=\"font-size: 13px;\">e av. \u00a0 \u00a0 \u00a0 \u00a0 \u00a0 \u00a0 \u00a0 \u00a0 \u00a0<\/span><\/span><\/p>\n<p>Le mois de juillet en cours et la date du treize en particulier seront retenus dans les annales de l\u2019histoire comme \u00e9tant la goutte qui a &hellip;<\/p>\n","protected":false},"author":1,"featured_media":0,"comment_status":"open","ping_status":"open","sticky":false,"template":"","format":"standard","meta":{"footnotes":""},"categories":[1],"tags":[],"class_list":["post-10948","post","type-post","status-publish","format-standard","hentry","category-accueil"],"_links":{"self":[{"href":"https:\/\/www.lecarrefourdesopinions.ca\/index.php?rest_route=\/wp\/v2\/posts\/10948","targetHints":{"allow":["GET"]}}],"collection":[{"href":"https:\/\/www.lecarrefourdesopinions.ca\/index.php?rest_route=\/wp\/v2\/posts"}],"about":[{"href":"https:\/\/www.lecarrefourdesopinions.ca\/index.php?rest_route=\/wp\/v2\/types\/post"}],"author":[{"embeddable":true,"href":"https:\/\/www.lecarrefourdesopinions.ca\/index.php?rest_route=\/wp\/v2\/users\/1"}],"replies":[{"embeddable":true,"href":"https:\/\/www.lecarrefourdesopinions.ca\/index.php?rest_route=%2Fwp%2Fv2%2Fcomments&post=10948"}],"version-history":[{"count":3,"href":"https:\/\/www.lecarrefourdesopinions.ca\/index.php?rest_route=\/wp\/v2\/posts\/10948\/revisions"}],"predecessor-version":[{"id":11003,"href":"https:\/\/www.lecarrefourdesopinions.ca\/index.php?rest_route=\/wp\/v2\/posts\/10948\/revisions\/11003"}],"wp:attachment":[{"href":"https:\/\/www.lecarrefourdesopinions.ca\/index.php?rest_route=%2Fwp%2Fv2%2Fmedia&parent=10948"}],"wp:term":[{"taxonomy":"category","embeddable":true,"href":"https:\/\/www.lecarrefourdesopinions.ca\/index.php?rest_route=%2Fwp%2Fv2%2Fcategories&post=10948"},{"taxonomy":"post_tag","embeddable":true,"href":"https:\/\/www.lecarrefourdesopinions.ca\/index.php?rest_route=%2Fwp%2Fv2%2Ftags&post=10948"}],"curies":[{"name":"wp","href":"https:\/\/api.w.org\/{rel}","templated":true}]}}