{"id":10942,"date":"2014-09-14T07:33:33","date_gmt":"2014-09-14T11:33:33","guid":{"rendered":"http:\/\/www.lecarrefourdesopinions.ca\/?p=10942"},"modified":"2014-09-14T07:33:33","modified_gmt":"2014-09-14T11:33:33","slug":"reflexions-fugitives-sur-le-quebec-en-regard-de-labbe-gravel","status":"publish","type":"post","link":"https:\/\/www.lecarrefourdesopinions.ca\/?p=10942","title":{"rendered":"R\u00e9flexions fugitives sur le Qu\u00e9bec&#8230; en regard de l\u2019abb\u00e9 Gravel"},"content":{"rendered":"<p style=\"text-align: left;\">R\u00e9flexions fugitives sur le Qu\u00e9bec&#8230; en regard de l\u2019abb\u00e9 Gravel<br \/><span style=\"color: #800000;\"><em>\u00a0 <img loading=\"lazy\" decoding=\"async\" class=\"alignleft size-thumbnail wp-image-10396\" title=\"photo Michel Frankland 2\" src=\"http:\/\/www.lecarrefourdesopinions.ca\/wp-content\/uploads\/2013\/12\/photo-Michel-Frankland-2-134x107.jpg\" alt=\"\" width=\"134\" height=\"107\" \/>\u00a0 \u00a0 \u00a0 \u00a0 \u00a0par Michel Frankland \u00a0 \u00a0 \u00a0 \u00a0\u00a0<\/em><\/span><br \/>J\u2019avais annonc\u00e9 un dernier article sur la relation langue\/temps. Il s\u2019en vient. Entre temps, un article sous forme de r\u00e9flexions fugitives. Mais je le situe en parall\u00e8le avec un \u00e9v\u00e9nement r\u00e9cent qui m\u2019appara\u00eet significatif. Il s\u2019agit de la r\u00e9action \u00e9mue de plusieurs \u00e0 la mort de l\u2019abb\u00e9 Gravel.<br \/> Mais d\u2019abord, quelques r\u00e9flexions en marchant vers le m\u00e9tro. Elles sont fugitives parce que not\u00e9es d\u2019abord comme elles venaient \u2013 \u00e9crites ensuite. Fugitives aussi parce qu\u2019elles ne correspondent pas au Beau Chic Bon Genre des opinions qu\u00e9b\u00e9coises sur son peuple.<br \/>1. Y a-t-il dans la galaxie un peuple \u00e0 ce point tol\u00e9rant qu\u2019il accepterait qu\u2019un de ses corps policiers s\u2019habille en cloune\u00a0? Il n\u2019y a qu\u2019une province d\u2019un pays o\u00f9 cela se trouve. Devinez laquelle.<\/p>\n<p>2. L\u2019huile de riz, c\u2019est m\u00e9dicalement prouv\u00e9, est bien meilleure que l\u2019huile d\u2019olive. Tous les \u00e9tats am\u00e9ricains en vendent. Et toutes les provinces canadiennes\u2026 sauf une. Devinez laquelle.<\/p>\n<p>3. Un groupe humain s\u2019av\u00e8re le plus assur\u00e9 de tous les peuples. \u00abJusqu\u2019aux oreilles\u00bb, selon l\u2019expression. Devinez quel peuple.<\/p>\n<p>4. Parmi toutes les provinces canadiennes, dans laquelle \u00e9pargne-t-on le moins\u00a0?<\/p>\n<p>5. Dans quelle province d\u00e9pense-t-on le plus pour l\u2019alcool proportionnellement \u00e0 son salaire\u00a0?<\/p>\n<p>6. Quelle est la province la plus grev\u00e9e de dettes par habitant\u00a0?<\/p>\n<p>7. Quelle est la province o\u00f9 la dette publique est la plus \u00e9lev\u00e9e\u00a0?<\/p>\n<p>8. Quelle est la province o\u00f9 a \u00e9t\u00e9 r\u00e9alis\u00e9e et pr\u00e9sent\u00e9e la s\u00e9rie \u00abLes Boys\u00bb\u00a0?<\/p>\n<p>9. Quelle la province o\u00f9 les co\u00fbts de la sant\u00e9 sont proportionnellement les plus\u00a0\u00e9lev\u00e9s\u00a0?<\/p>\n<p>10. Quelle est la province o\u00f9 les soins m\u00e9dicaux sont les plus lents\u00a0?<\/p>\n<p>11. Quelle est la province la plus corrompue, celle o\u00f9 le crime organis\u00e9 a pouss\u00e9 ses racines le plus profond\u00e9ment\u00a0?<\/p>\n<p>12. Quelle est la province o\u00f9 le d\u00e9crochage scolaire est le plus \u00e9lev\u00e9\u00a0?<\/p>\n<p>13. Quelle est la province o\u00f9 les peines carc\u00e9rales sont les plus douces\u00a0?<\/p>\n<p>14. Quelle est la province o\u00f9 les routes sont les plus mal entretenues\u00a0?<\/p>\n<p>15. Quelle est, toute province et \u00e9tats am\u00e9ricains confondus, la province avec le plus haute taux de syndicalisations\u00a0?<\/p>\n<p>16. Quelle est la province qui tol\u00e8re le plus les exactions du corporatisme syndical\u00a0?<\/p>\n<p>Nous avions aussi le championnat des caries dentaires. J\u2019ai v\u00e9rifi\u00e9. Nous l\u2019avons perdu pendant une couple d\u2019ann\u00e9es. Heureusement (\u2026.), nous retrouvons notre championnat.<br \/>Qu\u2019on imagine que simultan\u00e9ment il y a une fronde polici\u00e8re et une manifestation des carr\u00e9s rouges\u2026 Pouvons-nous vraiment nous gouverner\u00a0?,,,<br \/>Mais quelle est donc la relation entre ce sujet et la r\u00e9action \u00e9mue \u00e0 la mort de l\u2019abb\u00e9 Gravel\u00a0?<br \/>Raymond Gravel, d\u00e9c\u00e9d\u00e9 de cancer du poumon le 11 ao\u00fbt 2014, s\u2019est r\u00e9v\u00e9l\u00e9 un pr\u00eatre multiplement en rupture de ban avec l\u2019\u00c9glise. Je le montre par des \u00e9nonc\u00e9s d\u2019incompatibilit\u00e9 avec celle-ci. Ce sont des notes compil\u00e9es r\u00e9cemment par un ami.<\/p>\n<p>a. \u00ab Le Vatican erre \u2013\u00bb, L&rsquo;\u00c9glise catholique n&rsquo;a aucune cr\u00e9dibilit\u00e9 dans le d\u00e9bat actuel sur la red\u00e9finition du mariage par Raymond Gravel, La Presse, 2003-08-05 ; <br \/>b. \u00ab La communion et l\u2019avortement \u00bb, par L\u00e9o Kalinda, \u00abDimanche Magazine\u00bb, Radio-Canada, 2004-06-20 : \u00ab Moi, je suis pro-choix, puis je vais communier le dimanche. Puis y\u2019a pas un \u00e9v\u00eaque sur terre qui va m&rsquo;interdire de communier le dimanche. Y\u2019en a pas un. M\u00eame pas le Pape. \u00bb \u2013 Raymond Gravel ; <br \/>c. \u00ab Un rendez-vous manqu\u00e9 \u00bb, La Presse, 2004-12-19 : \u00ab Les dirigeants de l&rsquo;\u00c9glise catholique, en l&rsquo;occurrence les \u00e9v\u00eaques catholiques du Canada, ne sont pas au rendez-vous de l&rsquo;histoire. Ils s&rsquo;enferment dans leurs doctrines archa\u00efques et d\u00e9su\u00e8tes, d\u00e9finies \u00e0 une autre \u00e9poque et devenues impertinentes pour la majorit\u00e9 des croyants; ils refusent toute red\u00e9finition du mariage qui permettrait aux couples homosexuels de r\u00e9gulariser leur union. \u00bb \u2013 Raymond Gravel ; <br \/>d. \u00ab Raymond Gravel, le cur\u00e9 rose \u00bb, Fugues, juin 2005 : \u00ab Mes prises de position sur l\u2019avortement et sur le mariage gai n\u2019ont pas bien \u00e9t\u00e9 re\u00e7ues au Vatican. Mon \u00e9v\u00eaque (Mgr Gilles Lussier, \u00e9v\u00eaque de Joliette) a m\u00eame re\u00e7u une lettre du Saint-Si\u00e8ge disant que si je persistais \u00e0 ne pas \u00eatre conforme \u00e0 la doctrine de l\u2019\u00c9glise catholique, je devrais en subir les cons\u00e9quences. \u00bb \u2013 Raymond Gravel ; <br \/>e. \u00ab Des pr\u00eatres d\u00e9noncent l\u2019attitude de l\u2019\u00c9glise sur la question de l&rsquo;homosexualit\u00e9, \u00ab\u00a0l&rsquo;\u00c9glise est d\u00e9primante, pas \u00e9vang\u00e9lique\u00a0\u00bb. \u00bb, Raymond Gravel cosignataire, 2006-02-26 <br \/>f. Sur le projet de loi C-484, Chambre des Communes (protection du foetus), Raymond Gravel, Hansard, 2007-12-13 : \u00ab Monsieur le Pr\u00e9sident, je suis un peu mal \u00e0 l&rsquo;aise avec ce projet de loi. [\u2026] Je suis un pr\u00eatre catholique et j&rsquo;ai un peu de difficult\u00e9 \u00e0 me situer en regard de ce projet de loi, tout simplement parce que le d\u00e9put\u00e9 qui le pr\u00e9sente fait partie d&rsquo;un groupe qu&rsquo;on appelle le groupe Pro-Vie qui, \u00e0 mon humble avis, est un groupe assez extr\u00e9miste et fanatique par rapport \u00e0 la vie. \u00bb <br \/>g. \u00ab Henry Morgentaler : Un h\u00e9ros ou un criminel ? \u00bb, Raymond Gravel, Le Devoir\/La Presse, 2008-07-01 : \u00ab Qu&rsquo;on le veuille ou non, ce m\u00e9decin a travaill\u00e9 sans rel\u00e2che \u00e0 faire de l&rsquo;avortement un acte m\u00e9dical l\u00e9gal [\u2026] C&rsquo;est pourquoi j&rsquo;invite les dirigeants de l&rsquo;\u00c9glise catholique \u00e0 montrer plus de mod\u00e9ration dans leurs commentaires. \u00bb <br \/>h. \u00ab La chronique de Raymond Gravel \u2013 Crise de valeurs ou de religion ? \u00bb, Raymond Gravel, Le Journal de Montr\u00e9al, 2008-10-16 : \u00ab Si monseigneur Ouellet se dit victime de m\u00e9pris de la part des Qu\u00e9b\u00e9cois, c&rsquo;est peut-\u00eatre parce qu&rsquo;il incarne lui-m\u00eame cet autoritarisme religieux. [\u2026] Il me semble qu&rsquo;il y a l\u00e0, non pas une crise des valeurs, mais plut\u00f4t une remise en question d&rsquo;une religion qui bafoue, impose, rejette et exclut, au nom d&rsquo;une doctrine qui n&rsquo;a pas su s&rsquo;actualiser. \u00bb <br \/>i. \u00ab Une chasse aux sorci\u00e8res organis\u00e9e \u00bb, Raymond Gravel, Le Devoir, 2010-07-12.<\/p>\n<p>Dans le deuxi\u00e8me article de cette s\u00e9rie, nous verrons les tenants affectifs de notre collectivit\u00e9 en relation \u00e0 nos errements par rapport \u00e0 l\u2019ordre et la r\u00e9action \u00e0 Raymond Gravel.<\/p>\n<script type=\"text\/javascript\">\n\nvar addthis_config = {\"data_track_clickback\":false,\"data_track_addressbar\":false,\"data_track_textcopy\":false};\n<\/script><script type=\"text\/javascript\" src=\"\/\/s7.addthis.com\/js\/250\/addthis_widget.js#pubid=f084fdfbcefba74c78dfad3bbc873ffd\"><\/script>","protected":false},"excerpt":{"rendered":"<p style=\"text-align: left;\">R\u00e9flexions fugitives sur le Qu\u00e9bec&#8230; en regard de l\u2019abb\u00e9 Gravel<span style=\"color: #800000;\">\u00a0 \u00a0 \u00a0 \u00a0 \u00a0 \u00a0par Michel Frankland \u00a0 \u00a0 \u00a0 \u00a0\u00a0<\/span>J\u2019avais annonc\u00e9 un dernier article sur la relation langue\/temps. Il s\u2019en vient. Entre temps, un article sous forme de r\u00e9flexions fugitives. Mais je le &hellip;<\/p>\n","protected":false},"author":1,"featured_media":0,"comment_status":"open","ping_status":"open","sticky":false,"template":"","format":"standard","meta":{"footnotes":""},"categories":[1],"tags":[],"class_list":["post-10942","post","type-post","status-publish","format-standard","hentry","category-accueil"],"_links":{"self":[{"href":"https:\/\/www.lecarrefourdesopinions.ca\/index.php?rest_route=\/wp\/v2\/posts\/10942","targetHints":{"allow":["GET"]}}],"collection":[{"href":"https:\/\/www.lecarrefourdesopinions.ca\/index.php?rest_route=\/wp\/v2\/posts"}],"about":[{"href":"https:\/\/www.lecarrefourdesopinions.ca\/index.php?rest_route=\/wp\/v2\/types\/post"}],"author":[{"embeddable":true,"href":"https:\/\/www.lecarrefourdesopinions.ca\/index.php?rest_route=\/wp\/v2\/users\/1"}],"replies":[{"embeddable":true,"href":"https:\/\/www.lecarrefourdesopinions.ca\/index.php?rest_route=%2Fwp%2Fv2%2Fcomments&post=10942"}],"version-history":[{"count":2,"href":"https:\/\/www.lecarrefourdesopinions.ca\/index.php?rest_route=\/wp\/v2\/posts\/10942\/revisions"}],"predecessor-version":[{"id":10947,"href":"https:\/\/www.lecarrefourdesopinions.ca\/index.php?rest_route=\/wp\/v2\/posts\/10942\/revisions\/10947"}],"wp:attachment":[{"href":"https:\/\/www.lecarrefourdesopinions.ca\/index.php?rest_route=%2Fwp%2Fv2%2Fmedia&parent=10942"}],"wp:term":[{"taxonomy":"category","embeddable":true,"href":"https:\/\/www.lecarrefourdesopinions.ca\/index.php?rest_route=%2Fwp%2Fv2%2Fcategories&post=10942"},{"taxonomy":"post_tag","embeddable":true,"href":"https:\/\/www.lecarrefourdesopinions.ca\/index.php?rest_route=%2Fwp%2Fv2%2Ftags&post=10942"}],"curies":[{"name":"wp","href":"https:\/\/api.w.org\/{rel}","templated":true}]}}