{"id":10932,"date":"2014-09-03T08:33:06","date_gmt":"2014-09-03T12:33:06","guid":{"rendered":"http:\/\/www.lecarrefourdesopinions.ca\/?p=10932"},"modified":"2014-09-03T08:33:06","modified_gmt":"2014-09-03T12:33:06","slug":"invitation-a-la-10e-tribune-interactive-amceq-ccq-du-16-septembre-2014","status":"publish","type":"post","link":"https:\/\/www.lecarrefourdesopinions.ca\/?p=10932","title":{"rendered":"Invitation \u00e0 la 10e Tribune interactive AMCEQ &#038; CCQ du 16 septembre 2014."},"content":{"rendered":"<table border=\"0\" cellspacing=\"0\" cellpadding=\"0\">\n<tbody>\n<tr>\n<td align=\"center\">\n<table width=\"580\" border=\"0\" cellspacing=\"0\" cellpadding=\"0\">\n<tbody>\n<tr>\n<td>\n<table width=\"580\" border=\"0\" cellspacing=\"0\" cellpadding=\"0\" align=\"center\">\n<tbody>\n<tr>\n<td>\n<div><\/div>\n<div>\n<div><img loading=\"lazy\" decoding=\"async\" src=\"cid:part7.08090800.02030805@sympatico.ca\" alt=\"\" width=\"540\" height=\"1\" \/><\/div>\n<div>\n<table border=\"0\" cellspacing=\"0\" cellpadding=\"0\">\n<tbody>\n<tr>\n<td valign=\"top\">\n<div>\n<div>\n<h2><strong>Invitation \u00e0 la 10e Tribune interactive AMCEQ &amp; CCQ du 16 septembre 2014.<\/p>\n<p>L\u2019agro-alimentaire et ses enjeux<\/strong><\/h2>\n<h2><strong>Alain Gagnon, agr, MBA, Vice-pr\u00e9sident, March\u00e9s agricole et agroalimentaire, Caisse Desjardins couvrira le \u00ab\u00a0L&rsquo;agroalimentaire \u00e0 l&rsquo;heure du libre \u00e9change avec l&rsquo;Europe \u00ab\u00a0<\/strong><\/h2>\n<p>Cette 10e tribune est la 4e de la s\u00e9rie des enjeux. Lors des trois premi\u00e8res, les sujets suivants ont \u00e9t\u00e9 abord\u00e9s:<\/p>\n<ul>\n<li>Enjeux de l&rsquo;\u00e9conomie qu\u00e9b\u00e9coise,<\/li>\n<li>Enjeux du commerce ext\u00e9rieur,<\/li>\n<li>Enjeux de la monnaie.<\/li>\n<\/ul>\n<p>Cette fois il s&rsquo;agit des enjeux de l&rsquo;agroalimentaire, un sujet vaste et riche en actualit\u00e9.\u00a0Cette activit\u00e9 se d\u00e9roulera le mardi 16 septembre 2014 de 9 h \u00e0 14 h 15.( Incluant pause caf\u00e9 et lunch).\u00a0L&rsquo;inscription se fera \u00e0 8 h 30, au Holiday Inn Select (Mezzanine du 2i\u00e8me \u00e9tage), au 99 rue Viger \u00e0 Montr\u00e9al.<\/p>\n<p>La 10e tribune est organis\u00e9e par AMCEQ- l&rsquo;Association des maisons de commerce ext\u00e9rieur du Qu\u00e9bec et\u00a0le Carrefour des communaut\u00e9s du Qu\u00e9bec (CCQ)\u00a0 en collaboration avec:<\/p>\n<ul>\n<li>La Caisse Desjardins,<\/li>\n<li>Le CORIM &#8211; Conseil des Relations Internationales de Montr\u00e9al,<\/li>\n<li>Le Groupe Export agro-alimentaire<\/li>\n<li>Les Manufacturiers et Exportateurs du Qu\u00e9bec (MEQ)<\/li>\n<li>Almassa International inc.,<\/li>\n<li>For Fiber inc.<\/li>\n<\/ul>\n<p>et,plus de 16 autres collaborateurs, associations commerciales, assureurs de cr\u00e9dit et maisons de commerce.<\/p>\n<p>Nous vous invitons \u00e0 y participer.<br \/>Veuillez cliquer sur les liens ci-dessous, le programme\u00a0 ainsi que la fiche d&rsquo;inscription, qui vous fourniront tous les d\u00e9tails.<\/p>\n<p><a href=\"http:\/\/link.simplecourriel.ca\/c\/443\/45c37985c7784613094dd2b30b3c1801596d56ec9b9f501f24c1ff4b149b9e66\">T\u00e9l\u00e9chargez le programme<\/a>\u00a0<\/p>\n<p><a href=\"http:\/\/link.simplecourriel.ca\/c\/443\/45c37985c7784613094dd2b30b3c1801596d56ec9b9f501f7d9f0aa12f7f4193\">T\u00e9l\u00e9chargez la fiche d&rsquo;inscription<\/a><\/p>\n<p>R\u00e9servez en utilisant la fiche d&rsquo;insciption par t\u00e9l\u00e9copie au 450 468 66 04 . ou par 2 courriels aux adresses suivantes :<a href=\"mailto:agnes.devarieux@sympatico.ca?subject=Information%20Tribune%20Agro%20Alimentaire%2016%20septembre%202014\">Agnes Devarieux<\/a> \u00a0et <a href=\"mailto:cja.martin@sympatico.ca?subject=Information%20Tribune%20Agro%20Alimentaire%2016%20septembre%202014\">Christian Martin<\/a>\u00a0\u00a0Personne contact: Christian Martin 514 773-6086<\/p>\n<\/div>\n<\/div>\n<\/td>\n<td valign=\"top\"><\/td>\n<\/tr>\n<\/tbody>\n<\/table>\n<\/div>\n<\/div>\n<\/td>\n<\/tr>\n<\/tbody>\n<\/table>\n<\/td>\n<\/tr>\n<\/tbody>\n<\/table>\n<\/td>\n<\/tr>\n<\/tbody>\n<\/table>\n<script type=\"text\/javascript\">\n\nvar addthis_config = {\"data_track_clickback\":false,\"data_track_addressbar\":false,\"data_track_textcopy\":false};\n<\/script><script type=\"text\/javascript\" src=\"\/\/s7.addthis.com\/js\/250\/addthis_widget.js#pubid=f084fdfbcefba74c78dfad3bbc873ffd\"><\/script>","protected":false},"excerpt":{"rendered":"<p>Invitation \u00e0 la 10e Tribune interactive AMCEQ &amp; CCQ du 16 septembre 2014.<\/p>\n<p>L\u2019agro-alimentaire et ses enjeux<br \/>\nAlain Gagnon, agr, MBA, Vice-pr\u00e9sident, March\u00e9s agricole et agroalimentaire, Caisse Desjardins couvrira le \u00ab\u00a0L&rsquo;agroalimentaire \u00e0 l&rsquo;heure du libre \u00e9change &hellip;<\/p>\n","protected":false},"author":1,"featured_media":0,"comment_status":"open","ping_status":"open","sticky":false,"template":"","format":"standard","meta":{"footnotes":""},"categories":[1],"tags":[],"class_list":["post-10932","post","type-post","status-publish","format-standard","hentry","category-accueil"],"_links":{"self":[{"href":"https:\/\/www.lecarrefourdesopinions.ca\/index.php?rest_route=\/wp\/v2\/posts\/10932","targetHints":{"allow":["GET"]}}],"collection":[{"href":"https:\/\/www.lecarrefourdesopinions.ca\/index.php?rest_route=\/wp\/v2\/posts"}],"about":[{"href":"https:\/\/www.lecarrefourdesopinions.ca\/index.php?rest_route=\/wp\/v2\/types\/post"}],"author":[{"embeddable":true,"href":"https:\/\/www.lecarrefourdesopinions.ca\/index.php?rest_route=\/wp\/v2\/users\/1"}],"replies":[{"embeddable":true,"href":"https:\/\/www.lecarrefourdesopinions.ca\/index.php?rest_route=%2Fwp%2Fv2%2Fcomments&post=10932"}],"version-history":[{"count":1,"href":"https:\/\/www.lecarrefourdesopinions.ca\/index.php?rest_route=\/wp\/v2\/posts\/10932\/revisions"}],"predecessor-version":[{"id":10933,"href":"https:\/\/www.lecarrefourdesopinions.ca\/index.php?rest_route=\/wp\/v2\/posts\/10932\/revisions\/10933"}],"wp:attachment":[{"href":"https:\/\/www.lecarrefourdesopinions.ca\/index.php?rest_route=%2Fwp%2Fv2%2Fmedia&parent=10932"}],"wp:term":[{"taxonomy":"category","embeddable":true,"href":"https:\/\/www.lecarrefourdesopinions.ca\/index.php?rest_route=%2Fwp%2Fv2%2Fcategories&post=10932"},{"taxonomy":"post_tag","embeddable":true,"href":"https:\/\/www.lecarrefourdesopinions.ca\/index.php?rest_route=%2Fwp%2Fv2%2Ftags&post=10932"}],"curies":[{"name":"wp","href":"https:\/\/api.w.org\/{rel}","templated":true}]}}